{"id":17040,"date":"2024-09-25T16:37:57","date_gmt":"2024-09-25T20:37:57","guid":{"rendered":"https:\/\/theprogressives.ca\/?p=17040"},"modified":"2024-09-26T09:52:09","modified_gmt":"2024-09-26T13:52:09","slug":"la-journee-nationale-de-la-verite-et-de-la-reconciliation-3","status":"publish","type":"post","link":"https:\/\/theprogressives.ca\/fr\/au-senat\/declarations\/la-journee-nationale-de-la-verite-et-de-la-reconciliation-3\/","title":{"rendered":"La Journ\u00e9e nationale de la v\u00e9rit\u00e9 et de la r\u00e9conciliation"},"content":{"rendered":"<p><iframe title=\"Le s\u00e9nateur Francis parle de la Journ\u00e9e nationale de la v\u00e9rit\u00e9 et de la r\u00e9conciliation  (FR)\" width=\"640\" height=\"360\" data-src=\"https:\/\/www.youtube.com\/embed\/aROrwMIeC9Q?feature=oembed\" frameborder=\"0\" allow=\"accelerometer; autoplay; clipboard-write; encrypted-media; gyroscope; picture-in-picture; web-share\" referrerpolicy=\"strict-origin-when-cross-origin\" allowfullscreen src=\"data:image\/svg+xml;base64,PHN2ZyB3aWR0aD0iMSIgaGVpZ2h0PSIxIiB4bWxucz0iaHR0cDovL3d3dy53My5vcmcvMjAwMC9zdmciPjwvc3ZnPg==\" class=\"lazyload\" data-load-mode=\"1\"><\/iframe><\/p>\n<p><b>L\u2019honorable Brian Francis :<span>\u00a0<\/span><\/b>Honorables s\u00e9nateurs, le 30\u00a0septembre\u00a0est la Journ\u00e9e nationale de la v\u00e9rit\u00e9 et de la r\u00e9conciliation, \u00e9galement connue sous le nom de Journ\u00e9e du chandail orange. Il s\u2019agit d\u2019un moment solennel pour souligner la force et la r\u00e9silience de plusieurs g\u00e9n\u00e9rations d\u2019Autochtones et, surtout, des survivants des pensionnats autochtones et d\u2019autres institutions qui ont travaill\u00e9 sans rel\u00e2che pour informer les gens au sujet des atrocit\u00e9s commises et qui continuent d\u2019\u00eatre \u00e0 l\u2019avant-garde de la qu\u00eate permanente de v\u00e9rit\u00e9, de justice et de gu\u00e9rison.<\/p>\n<p>Cette journ\u00e9e est \u00e9galement l\u2019occasion de pleurer les enfants qui ont disparu ou qui sont morts alors qu\u2019ils \u00e9taient pris en charge par l\u2019\u00c9tat et des \u00c9glises, et d\u2019exiger que leur corps et leur esprit soient d\u00e9sormais trait\u00e9s avec soin, respect et dignit\u00e9.<\/p>\n<p>Porter un chandail orange et participer \u00e0 des activit\u00e9s publiques est important, mais une v\u00e9ritable r\u00e9conciliation exige bien plus que des gestes symboliques. Elle exige une participation active de la soci\u00e9t\u00e9 dans son ensemble, qu\u2019il s\u2019agisse de r\u00e9clamer des changements r\u00e9els et durables dans tous les secteurs ou de se tenir mutuellement responsables des engagements pris.<\/p>\n<p>Dix\u00a0ans apr\u00e8s la publication du rapport final de la Commission de v\u00e9rit\u00e9 et r\u00e9conciliation, seulement 14 des 94 appels \u00e0 l\u2019action ont \u00e9t\u00e9 mis en \u0153uvre. Ces progr\u00e8s ont \u00e9t\u00e9 essentiellement symboliques. On n\u2019a pratiquement pas tenu compte de la plupart des appels \u00e0 l\u2019action cruciaux portant sur les in\u00e9galit\u00e9s structurelles.<\/p>\n<p>Le manque de volont\u00e9 politique et d\u2019empressement \u00e0 agir dans le dossier de la r\u00e9conciliation a des cons\u00e9quences visibles et n\u00e9fastes. La surrepr\u00e9sentation persistante des enfants autochtones dans le syst\u00e8me d\u2019aide \u00e0 l\u2019enfance et les taux sans pr\u00e9c\u00e9dent de violence et de mortalit\u00e9 chez les Autochtones et, surtout, les femmes, les filles et les personnes 2ELGBTQIA+ en sont des exemples alarmants.<\/p>\n<p>\u00c9tant donn\u00e9 que si peu de choses ont \u00e9t\u00e9 am\u00e9lior\u00e9es dans la vie des peuples autochtones, il peut \u00eatre difficile de croire que le Canada est d\u00e9termin\u00e9 \u00e0 b\u00e2tir une nouvelle relation avec eux. Cependant, je garde espoir. Cet espoir ne t\u00e9moigne pas d\u2019une grande na\u00efvet\u00e9, mais d\u2019une conviction profonde que les peuples autochtones sont d\u00e9termin\u00e9s \u00e0 poursuivre leurs efforts pour b\u00e2tir un avenir qui leur permettra non seulement de survivre, mais aussi de s\u2019\u00e9panouir. Le chemin \u00e0 parcourir sera long et difficile. Nous avons besoin d\u2019alli\u00e9s pour nous \u00e9pauler, car nous n\u2019y arriverons pas seuls. J\u2019invite toutes les personnes qui entendent ce message, qu\u2019elles soient dans cette Chambre ou \u00e0 l\u2019ext\u00e9rieur de ses murs, \u00e0 se joindre \u00e0 nous. Nous avons besoin de gestes concrets, pas de simples paroles.<\/p>\n<p><i>Wela\u2019lin<\/i>. Merci.<\/p>\n<p><b>Des voix :<span>\u00a0<\/span><\/b>Bravo!<\/p>\n","protected":false},"excerpt":{"rendered":"<p>L\u2019honorable Brian Francis :\u00a0Honorables s\u00e9nateurs, le 30\u00a0septembre\u00a0est la Journ\u00e9e nationale de la v\u00e9rit\u00e9 et de la r\u00e9conciliation, \u00e9galement connue sous le nom de Journ\u00e9e du chandail orange. Il s\u2019agit d\u2019un moment solennel pour souligner la force et la r\u00e9silience de plusieurs g\u00e9n\u00e9rations d\u2019Autochtones et, surtout, des survivants des pensionnats autochtones et d\u2019autres institutions qui ont&#8230;<\/p>\n","protected":false},"author":3,"featured_media":2050,"comment_status":"closed","ping_status":"closed","sticky":false,"template":"","format":"standard","meta":{"_acf_changed":false,"wds_primary_category":99,"footnotes":""},"categories":[99],"tags":[],"senator_posts":[29],"class_list":["post-17040","post","type-post","status-publish","format-standard","has-post-thumbnail","hentry","category-declarations","senator_posts-l-hon-brian-francis"],"acf":[],"_links":{"self":[{"href":"https:\/\/theprogressives.ca\/fr\/wp-json\/wp\/v2\/posts\/17040","targetHints":{"allow":["GET"]}}],"collection":[{"href":"https:\/\/theprogressives.ca\/fr\/wp-json\/wp\/v2\/posts"}],"about":[{"href":"https:\/\/theprogressives.ca\/fr\/wp-json\/wp\/v2\/types\/post"}],"author":[{"embeddable":true,"href":"https:\/\/theprogressives.ca\/fr\/wp-json\/wp\/v2\/users\/3"}],"replies":[{"embeddable":true,"href":"https:\/\/theprogressives.ca\/fr\/wp-json\/wp\/v2\/comments?post=17040"}],"version-history":[{"count":0,"href":"https:\/\/theprogressives.ca\/fr\/wp-json\/wp\/v2\/posts\/17040\/revisions"}],"wp:featuredmedia":[{"embeddable":true,"href":"https:\/\/theprogressives.ca\/fr\/wp-json\/wp\/v2\/media\/2050"}],"wp:attachment":[{"href":"https:\/\/theprogressives.ca\/fr\/wp-json\/wp\/v2\/media?parent=17040"}],"wp:term":[{"taxonomy":"category","embeddable":true,"href":"https:\/\/theprogressives.ca\/fr\/wp-json\/wp\/v2\/categories?post=17040"},{"taxonomy":"post_tag","embeddable":true,"href":"https:\/\/theprogressives.ca\/fr\/wp-json\/wp\/v2\/tags?post=17040"},{"taxonomy":"senator_posts","embeddable":true,"href":"https:\/\/theprogressives.ca\/fr\/wp-json\/wp\/v2\/senator_posts?post=17040"}],"curies":[{"name":"wp","href":"https:\/\/api.w.org\/{rel}","templated":true}]}}