{"id":16397,"date":"2024-05-07T22:53:40","date_gmt":"2024-05-08T02:53:40","guid":{"rendered":"https:\/\/theprogressives.ca\/?p=16397"},"modified":"2024-05-08T10:06:13","modified_gmt":"2024-05-08T14:06:13","slug":"periode-des-questions-le-centre-du-patrimoine-de-la-grc-3","status":"publish","type":"post","link":"https:\/\/theprogressives.ca\/fr\/au-senat\/periode-de-questions\/periode-des-questions-le-centre-du-patrimoine-de-la-grc-3\/","title":{"rendered":"P\u00e9riode des questions : Le Centre du patrimoine de la GRC"},"content":{"rendered":"<p><iframe title=\"Le s\u00e9nateur Klyne pose des questions sur le Centre du patrimoine de la GRC - 7 mai 2024 (FR)\" width=\"640\" height=\"360\" data-src=\"https:\/\/www.youtube.com\/embed\/FuMY3SsS4fI?feature=oembed\" frameborder=\"0\" allow=\"accelerometer; autoplay; clipboard-write; encrypted-media; gyroscope; picture-in-picture; web-share\" referrerpolicy=\"strict-origin-when-cross-origin\" allowfullscreen src=\"data:image\/svg+xml;base64,PHN2ZyB3aWR0aD0iMSIgaGVpZ2h0PSIxIiB4bWxucz0iaHR0cDovL3d3dy53My5vcmcvMjAwMC9zdmciPjwvc3ZnPg==\" class=\"lazyload\" data-load-mode=\"1\"><\/iframe><\/p>\n<p><b>L\u2019honorable Marty Klyne :\u00a0<\/b>S\u00e9nateur Gold, j\u2019ai \u00e9t\u00e9 heureux de constater que le budget de 2024 comprend un investissement de 3,2 millions de dollars au cours des deux prochaines ann\u00e9es pour le Centre du patrimoine de la GRC. Cet investissement sera g\u00e9r\u00e9 par l\u2019agence de d\u00e9veloppement r\u00e9gional PrairiesCan, et c\u2019est un pas important dans la bonne direction pour favoriser l\u2019apprentissage de l\u2019histoire de notre force polici\u00e8re nationale, promouvoir certains aspects de la r\u00e9conciliation et soutenir le d\u00e9veloppement \u00e9conomique des Prairies.<\/p>\n<p>Toutefois, m\u00eame si cette mesure aidera \u00e0 couvrir les d\u00e9penses de fonctionnement du Centre du patrimoine de la GRC au cours des deux prochaines ann\u00e9es, cela ne fera pas avancer consid\u00e9rablement le projet d\u2019en faire un mus\u00e9e national canadien, un processus lanc\u00e9 en 2019 dans le cadre d\u2019un engagement inclus dans la lettre de mandat du ministre du Patrimoine canadien de l\u2019\u00e9poque.<\/p>\n<p>Je rappelle au S\u00e9nat que cela faisait partie\u00a0des engagements \u00e9lectoraux du Parti conservateur et du Parti lib\u00e9ral en 2015.<\/p>\n<p>Pouvez-vous nous dire quelles sont les prochaines mesures auxquelles nous pouvons nous attendre\u00a0\u2014 peut-\u00eatre dans le cadre de l\u2019\u00e9nonc\u00e9 \u00e9conomique de l\u2019automne\u00a0\u2014 pour que le gouvernement du Canada respecte son engagement en vue de cr\u00e9er officiellement un mus\u00e9e national de la GRC?<\/p>\n<p><b>L\u2019honorable Marc Gold (repr\u00e9sentant du gouvernement au S\u00e9nat) :\u00a0<\/b>Je vous remercie de votre question et de souligner qu\u2019il est important pour nous tous et pour l\u2019ensemble des Canadiens de comprendre notre histoire et le r\u00f4le que la GRC a jou\u00e9 et continue de jouer dans la vie quotidienne de notre pays.<\/p>\n<p>Vous comprendrez bien s\u00fbr que je ne suis pas en mesure de m\u2019avancer au sujet de ce qui pourrait se trouver dans l\u2019\u00e9nonc\u00e9 \u00e9conomique de l\u2019automne ou dans toute autre mesure qui n\u2019a pas encore \u00e9t\u00e9 d\u00e9pos\u00e9e ou rendue publique, mais je vais certainement porter vos pr\u00e9occupations l\u00e9gitimes \u00e0 l\u2019attention de la ministre \u00e0 la premi\u00e8re occasion.<\/p>\n<p><b>Le s\u00e9nateur Klyne :\u00a0<\/b>Une fois ce mus\u00e9e national cr\u00e9\u00e9, un investissement annuel de 7 millions de dollars fournirait une partie\u00a0de l\u2019argent n\u00e9cessaire au fonctionnement du Centre du patrimoine de la GRC. Compte tenu de sa taille et de son rayonnement, cela ne repr\u00e9sente qu\u2019une fraction du financement de nombreux autres mus\u00e9es nationaux. En tant que mus\u00e9e national, le Centre du patrimoine de la GRC continuerait de pr\u00e9senter des r\u00e9cits portant sur le devoir, la bravoure et le service, de m\u00eame que des histoires difficiles concernant les injustices commises \u00e0 l\u2019encontre des peuples autochtones et d\u2019autres aspects difficiles de notre histoire.<\/p>\n<p>Le gouvernement convient-il que la pr\u00e9sentation de cette histoire selon divers points de vue et dans un lieu de dialogue, de r\u00e9flexion et de r\u00e9conciliation repr\u00e9sente un investissement dans l\u2019identit\u00e9 et l\u2019avenir de notre f\u00e9d\u00e9ration?<\/p>\n<p><b>Le s\u00e9nateur Gold :\u00a0<\/b>Je peux vous r\u00e9pondre sans h\u00e9sitation, s\u00e9nateur Klyne, que le gouvernement convient tout \u00e0 fait de l\u2019importance de permettre aux Canadiens des g\u00e9n\u00e9rations actuelles et futures ainsi qu\u2019aux personnes qui viennent au Canada dans l\u2019espoir d\u2019une vie meilleure de mieux conna\u00eetre notre histoire et les valeurs incarn\u00e9es par nos institutions.<\/p>\n","protected":false},"excerpt":{"rendered":"<p>L\u2019honorable Marty Klyne :\u00a0S\u00e9nateur Gold, j\u2019ai \u00e9t\u00e9 heureux de constater que le budget de 2024 comprend un investissement de 3,2 millions de dollars au cours des deux prochaines ann\u00e9es pour le Centre du patrimoine de la GRC. Cet investissement sera g\u00e9r\u00e9 par l\u2019agence de d\u00e9veloppement r\u00e9gional PrairiesCan, et c\u2019est un pas important dans la bonne&#8230;<\/p>\n","protected":false},"author":3,"featured_media":1936,"comment_status":"closed","ping_status":"closed","sticky":false,"template":"","format":"standard","meta":{"_acf_changed":false,"wds_primary_category":97,"footnotes":""},"categories":[97],"tags":[],"senator_posts":[34],"class_list":["post-16397","post","type-post","status-publish","format-standard","has-post-thumbnail","hentry","category-periode-de-questions","senator_posts-l-hon-marty-klyne"],"acf":[],"_links":{"self":[{"href":"https:\/\/theprogressives.ca\/fr\/wp-json\/wp\/v2\/posts\/16397","targetHints":{"allow":["GET"]}}],"collection":[{"href":"https:\/\/theprogressives.ca\/fr\/wp-json\/wp\/v2\/posts"}],"about":[{"href":"https:\/\/theprogressives.ca\/fr\/wp-json\/wp\/v2\/types\/post"}],"author":[{"embeddable":true,"href":"https:\/\/theprogressives.ca\/fr\/wp-json\/wp\/v2\/users\/3"}],"replies":[{"embeddable":true,"href":"https:\/\/theprogressives.ca\/fr\/wp-json\/wp\/v2\/comments?post=16397"}],"version-history":[{"count":0,"href":"https:\/\/theprogressives.ca\/fr\/wp-json\/wp\/v2\/posts\/16397\/revisions"}],"wp:featuredmedia":[{"embeddable":true,"href":"https:\/\/theprogressives.ca\/fr\/wp-json\/wp\/v2\/media\/1936"}],"wp:attachment":[{"href":"https:\/\/theprogressives.ca\/fr\/wp-json\/wp\/v2\/media?parent=16397"}],"wp:term":[{"taxonomy":"category","embeddable":true,"href":"https:\/\/theprogressives.ca\/fr\/wp-json\/wp\/v2\/categories?post=16397"},{"taxonomy":"post_tag","embeddable":true,"href":"https:\/\/theprogressives.ca\/fr\/wp-json\/wp\/v2\/tags?post=16397"},{"taxonomy":"senator_posts","embeddable":true,"href":"https:\/\/theprogressives.ca\/fr\/wp-json\/wp\/v2\/senator_posts?post=16397"}],"curies":[{"name":"wp","href":"https:\/\/api.w.org\/{rel}","templated":true}]}}