{"id":16279,"date":"2022-04-06T14:40:33","date_gmt":"2022-04-06T18:40:33","guid":{"rendered":"https:\/\/theprogressives.ca\/?p=16279"},"modified":"2024-05-01T14:51:47","modified_gmt":"2024-05-01T18:51:47","slug":"periode-des-questions-le-comite-consultatif-independant-sur-les-nominations-au-senat","status":"publish","type":"post","link":"https:\/\/theprogressives.ca\/fr\/au-senat\/periode-des-questions-le-comite-consultatif-independant-sur-les-nominations-au-senat\/","title":{"rendered":"P\u00e9riode des questions : Le Comit\u00e9 consultatif ind\u00e9pendant sur les nominations au S\u00e9nat"},"content":{"rendered":"<p><b>L\u2019honorable Diane Bellemare :\u00a0<\/b>Ma question s\u2019adresse au repr\u00e9sentant du gouvernement au S\u00e9nat.<\/p>\n<p>S\u00e9nateur Gold, nous avons actuellement 15 si\u00e8ges vacants au S\u00e9nat; cela repr\u00e9sente 14\u00a0% de notre effectif. Il y a quatre si\u00e8ges vacants en Ontario, cinq dans l\u2019Ouest, six dans les provinces de l\u2019Atlantique, et le nombre augmente toujours. On sait que le nombre atteindra 16 au mois de mai.<\/p>\n<p>Nous savons tous qu\u2019il existe un processus ouvert pour permettre aux Canadiennes et aux Canadiens de soumettre leur candidature. Actuellement, le site Web indique que certains membres provinciaux et territoriaux du comit\u00e9 consultatif ont \u00e9t\u00e9 nomm\u00e9s r\u00e9cemment, mais il reste des postes \u00e0 pourvoir.<\/p>\n<p>O\u00f9 en sommes-nous quant au processus de nomination des membres du comit\u00e9 consultatif et, surtout, quant \u00e0 la nomination des nouveaux s\u00e9nateurs? Est-ce que cela va se poursuivre?<\/p>\n<p><b>L\u2019honorable Marc Gold (repr\u00e9sentant du gouvernement au S\u00e9nat) :\u00a0<\/b>Merci pour la question, ch\u00e8re coll\u00e8gue.<\/p>\n<p>Je commence en notant que, \u00e0 partir du 23\u00a0mars\u00a0de cette ann\u00e9e, le comit\u00e9 consultatif ind\u00e9pendant qui se penche sur les nominations au S\u00e9nat a fait un appel officiel aux nouveaux candidats pour pourvoir les si\u00e8ges vacants au S\u00e9nat, pour les provinces de la Colombie-Britannique, du Manitoba et de la Saskatchewan. Le gouvernement veille \u00e0 ce que tous les comit\u00e9s consultatifs provinciaux et territoriaux soient constitu\u00e9s de fa\u00e7on efficace et rapide pour s\u2019assurer que toutes les nominations sont \u00e9valu\u00e9es et pour que toutes les provinces et les r\u00e9gions soient repr\u00e9sent\u00e9es de fa\u00e7on appropri\u00e9e dans cette enceinte.<\/p>\n<p>Comme vous le savez, c\u2019est un processus\u00a0<i>at arm\u2019s length<\/i>\u00a0\u2014 permettez-moi l\u2019anglicisme. Le repr\u00e9sentant du gouvernement n\u2019a pas grand-chose \u00e0 dire sur le d\u00e9roulement du travail. Cela dit, j\u2019ai bon espoir que le processus continuera d\u2019\u00e9voluer efficacement et que plusieurs nominations seront annonc\u00e9es bient\u00f4t. Je n\u2019ai pas davantage d\u2019information \u00e0 vous communiquer.<\/p>\n<p><b>La s\u00e9natrice Bellemare :\u00a0<\/b>S\u00e9nateur Gold, pouvez-vous nous dire quel est le processus pr\u00e9vu pour l\u2019accueil et la formation des nouveaux s\u00e9nateurs? Est-ce que les diff\u00e9rents groupes et caucus seront invit\u00e9s \u00e0 faire des pr\u00e9sentations aux nouveaux s\u00e9nateurs et \u00e0 participer \u00e0 l\u2019\u00e9laboration d\u2019un programme d\u2019accueil?<\/p>\n<p><b>Le s\u00e9nateur Gold :\u00a0<\/b>Merci de cette question. Comme vous le savez, chers coll\u00e8gues, l\u2019Administration du S\u00e9nat fournit d\u00e9j\u00e0 une orientation et un appui administratif \u00e0 chaque nouveau s\u00e9nateur et \u00e0 chaque nouvelle s\u00e9natrice. Cela comprend, entre autres, l\u2019\u00e9tablissement d\u2019un bureau temporaire pour les accueillir.<\/p>\n<p>Si je comprends bien, depuis peu de temps, chaque groupe et caucus prend en main l\u2019orientation de ses membres aussit\u00f4t qu\u2019ils ou elles arrivent au sein d\u2019un groupe ou caucus. Cela dit, je serais tr\u00e8s heureux de travailler avec vous, avec les leaders du S\u00e9nat, pour examiner s\u2019il y a des fa\u00e7ons dont on pourrait am\u00e9liorer ou modifier notre approche en mati\u00e8re d\u2019orientation des nouveaux s\u00e9nateurs pour que ce soit plus utile pour le S\u00e9nat et pour ceux et celles qui se joindront \u00e0 nous, et pour faire en sorte qu\u2019il y ait une transition plus efficace lorsqu\u2019ils entrent en fonction \u00e0 titre de s\u00e9nateurs. Merci.<\/p>\n","protected":false},"excerpt":{"rendered":"<p>L\u2019honorable Diane Bellemare :\u00a0Ma question s\u2019adresse au repr\u00e9sentant du gouvernement au S\u00e9nat. S\u00e9nateur Gold, nous avons actuellement 15 si\u00e8ges vacants au S\u00e9nat; cela repr\u00e9sente 14\u00a0% de notre effectif. Il y a quatre si\u00e8ges vacants en Ontario, cinq dans l\u2019Ouest, six dans les provinces de l\u2019Atlantique, et le nombre augmente toujours. On sait que le nombre&#8230;<\/p>\n","protected":false},"author":3,"featured_media":2022,"comment_status":"closed","ping_status":"closed","sticky":false,"template":"","format":"standard","meta":{"_acf_changed":false,"wds_primary_category":95,"footnotes":""},"categories":[95,97],"tags":[],"senator_posts":[119],"class_list":["post-16279","post","type-post","status-publish","format-standard","has-post-thumbnail","hentry","category-au-senat","category-periode-de-questions","senator_posts-l-hon-diane-bellemare"],"acf":[],"_links":{"self":[{"href":"https:\/\/theprogressives.ca\/fr\/wp-json\/wp\/v2\/posts\/16279","targetHints":{"allow":["GET"]}}],"collection":[{"href":"https:\/\/theprogressives.ca\/fr\/wp-json\/wp\/v2\/posts"}],"about":[{"href":"https:\/\/theprogressives.ca\/fr\/wp-json\/wp\/v2\/types\/post"}],"author":[{"embeddable":true,"href":"https:\/\/theprogressives.ca\/fr\/wp-json\/wp\/v2\/users\/3"}],"replies":[{"embeddable":true,"href":"https:\/\/theprogressives.ca\/fr\/wp-json\/wp\/v2\/comments?post=16279"}],"version-history":[{"count":0,"href":"https:\/\/theprogressives.ca\/fr\/wp-json\/wp\/v2\/posts\/16279\/revisions"}],"wp:featuredmedia":[{"embeddable":true,"href":"https:\/\/theprogressives.ca\/fr\/wp-json\/wp\/v2\/media\/2022"}],"wp:attachment":[{"href":"https:\/\/theprogressives.ca\/fr\/wp-json\/wp\/v2\/media?parent=16279"}],"wp:term":[{"taxonomy":"category","embeddable":true,"href":"https:\/\/theprogressives.ca\/fr\/wp-json\/wp\/v2\/categories?post=16279"},{"taxonomy":"post_tag","embeddable":true,"href":"https:\/\/theprogressives.ca\/fr\/wp-json\/wp\/v2\/tags?post=16279"},{"taxonomy":"senator_posts","embeddable":true,"href":"https:\/\/theprogressives.ca\/fr\/wp-json\/wp\/v2\/senator_posts?post=16279"}],"curies":[{"name":"wp","href":"https:\/\/api.w.org\/{rel}","templated":true}]}}