{"id":16077,"date":"2024-04-16T17:28:23","date_gmt":"2024-04-16T21:28:23","guid":{"rendered":"https:\/\/theprogressives.ca\/?p=16077"},"modified":"2024-04-17T13:08:00","modified_gmt":"2024-04-17T17:08:00","slug":"periode-des-questions-lacces-aux-soins-de-sante","status":"publish","type":"post","link":"https:\/\/theprogressives.ca\/fr\/au-senat\/periode-de-questions\/periode-des-questions-lacces-aux-soins-de-sante\/","title":{"rendered":"P\u00e9riode des questions : L&rsquo;acc\u00e8s aux soins de sant\u00e9"},"content":{"rendered":"<p><iframe title=\"Le s\u00e9nateur Klyne pose des questions sur l&#039;acc\u00e8s aux soins de sant\u00e9 - 16 avril 2024 (FR)\" width=\"640\" height=\"360\" data-src=\"https:\/\/www.youtube.com\/embed\/D9NWKXgTsHI?feature=oembed\" frameborder=\"0\" allow=\"accelerometer; autoplay; clipboard-write; encrypted-media; gyroscope; picture-in-picture; web-share\" referrerpolicy=\"strict-origin-when-cross-origin\" allowfullscreen src=\"data:image\/svg+xml;base64,PHN2ZyB3aWR0aD0iMSIgaGVpZ2h0PSIxIiB4bWxucz0iaHR0cDovL3d3dy53My5vcmcvMjAwMC9zdmciPjwvc3ZnPg==\" class=\"lazyload\" data-load-mode=\"1\"><\/iframe><\/p>\n<p><b>L\u2019honorable Marty Klyne :\u00a0<\/b>S\u00e9nateur Gold, les Canadiens sont aux prises avec une crise des soins de sant\u00e9, une p\u00e9nurie des travailleurs de la sant\u00e9, un engorgement des urgences, un manque criant de m\u00e9decins de famille, une population vieillissante et des retards dans les op\u00e9rations chirurgicales et les examens d\u2019imagerie.<\/p>\n<p>L\u2019\u00e9volution rapide des technologies de soins virtuels offre l\u2019occasion de restructurer le syst\u00e8me de sant\u00e9 du Canada pour mieux servir les Canadiens, tout en permettant aux contribuables d\u2019\u00e9conomiser des millions de dollars en \u00e9liminant les d\u00e9placements inutiles gr\u00e2ce \u00e0 un diagnostic virtuel efficace.<\/p>\n<p>Le centre de sant\u00e9 virtuel de la Saskatchewan, dirig\u00e9 par la Whitecap Development Corporation, est un exemple de ce genre de projet. Il est financ\u00e9 par le gouvernement f\u00e9d\u00e9ral et le gouvernement provincial de la Saskatchewan. Il vise \u00e0 servir les Canadiens autochtones et non autochtones qui vivent dans des r\u00e9gions rurales et \u00e9loign\u00e9es.<\/p>\n<p>\u00c9tant donn\u00e9 l\u2019efficacit\u00e9 prouv\u00e9e et le potentiel de cette initiative pour am\u00e9liorer l\u2019acc\u00e8s aux soins de sant\u00e9, les d\u00e9lais d\u2019attente et les d\u00e9lais de proc\u00e9dure, ainsi que pour r\u00e9gler d\u2019autres probl\u00e8mes dans le domaine des soins de sant\u00e9, que fait le gouvernement f\u00e9d\u00e9ral pour mieux faire conna\u00eetre cette solution novatrice et encourager l\u2019adoption et la mise en place de programmes semblables dans d\u2019autres provinces et territoires?<\/p>\n<p><b>L\u2019honorable Marc Gold (repr\u00e9sentant du gouvernement au S\u00e9nat) :\u00a0<\/b>Je vous remercie de la question. En effet, pour transformer le syst\u00e8me de sant\u00e9 public du Canada afin qu\u2019il r\u00e9ponde aux besoins des Canadiens au XXI<sup>e<\/sup>\u00a0si\u00e8cle, tous les ordres de gouvernement et l\u2019ensemble des partenaires et des fournisseurs de soins de sant\u00e9 doivent travailler ensemble pour faire ce qui s\u2019impose.<\/p>\n<p>Le gouvernement f\u00e9d\u00e9ral apporte sa contribution en investissant pr\u00e8s de 200 milliards de dollars directement dans les soins de sant\u00e9 pour transformer notre syst\u00e8me, en partenariat avec les provinces et les territoires.<\/p>\n<p>Les ententes que le gouvernement f\u00e9d\u00e9ral a conclues avec les provinces et les territoires ciblent les aspects les plus importants pour les Canadiens\u00a0: augmenter le nombre de m\u00e9decins et d\u2019infirmiers, r\u00e9duire les d\u00e9lais d\u2019attente, am\u00e9liorer les soins de sant\u00e9 et favoriser les institutions et les initiatives novatrices comme le centre de sant\u00e9 virtuel, que vous avez mentionn\u00e9 avec raison. Je suis convaincu que le gouvernement f\u00e9d\u00e9ral continuera de collaborer avec les provinces et les territoires pour mettre en place d\u2019autres programmes novateurs comme le centre de sant\u00e9 virtuel.<\/p>\n<p><b>Le s\u00e9nateur Klyne :\u00a0<\/b>En ce qui concerne la comp\u00e9tence des provinces et des territoires, le Canada dans son ensemble souffre lorsque les syst\u00e8mes d\u2019\u00e9ducation et de sant\u00e9 sont affaiblis, et c\u2019est particuli\u00e8rement le cas des soins de sant\u00e9. Il est difficile de recruter des investisseurs pour attirer des employ\u00e9s au pays et il l\u2019est tout autant de conserver les employeurs que nous avons d\u00e9j\u00e0. Merci.<\/p>\n<p><b>Le s\u00e9nateur Gold :\u00a0<\/b>Je vous remercie de vos observations.<\/p>\n","protected":false},"excerpt":{"rendered":"<p>L\u2019honorable Marty Klyne :\u00a0S\u00e9nateur Gold, les Canadiens sont aux prises avec une crise des soins de sant\u00e9, une p\u00e9nurie des travailleurs de la sant\u00e9, un engorgement des urgences, un manque criant de m\u00e9decins de famille, une population vieillissante et des retards dans les op\u00e9rations chirurgicales et les examens d\u2019imagerie. L\u2019\u00e9volution rapide des technologies de soins&#8230;<\/p>\n","protected":false},"author":3,"featured_media":1960,"comment_status":"closed","ping_status":"closed","sticky":false,"template":"","format":"standard","meta":{"_acf_changed":false,"wds_primary_category":97,"footnotes":""},"categories":[97],"tags":[],"senator_posts":[34],"class_list":["post-16077","post","type-post","status-publish","format-standard","has-post-thumbnail","hentry","category-periode-de-questions","senator_posts-l-hon-marty-klyne"],"acf":[],"_links":{"self":[{"href":"https:\/\/theprogressives.ca\/fr\/wp-json\/wp\/v2\/posts\/16077","targetHints":{"allow":["GET"]}}],"collection":[{"href":"https:\/\/theprogressives.ca\/fr\/wp-json\/wp\/v2\/posts"}],"about":[{"href":"https:\/\/theprogressives.ca\/fr\/wp-json\/wp\/v2\/types\/post"}],"author":[{"embeddable":true,"href":"https:\/\/theprogressives.ca\/fr\/wp-json\/wp\/v2\/users\/3"}],"replies":[{"embeddable":true,"href":"https:\/\/theprogressives.ca\/fr\/wp-json\/wp\/v2\/comments?post=16077"}],"version-history":[{"count":0,"href":"https:\/\/theprogressives.ca\/fr\/wp-json\/wp\/v2\/posts\/16077\/revisions"}],"wp:featuredmedia":[{"embeddable":true,"href":"https:\/\/theprogressives.ca\/fr\/wp-json\/wp\/v2\/media\/1960"}],"wp:attachment":[{"href":"https:\/\/theprogressives.ca\/fr\/wp-json\/wp\/v2\/media?parent=16077"}],"wp:term":[{"taxonomy":"category","embeddable":true,"href":"https:\/\/theprogressives.ca\/fr\/wp-json\/wp\/v2\/categories?post=16077"},{"taxonomy":"post_tag","embeddable":true,"href":"https:\/\/theprogressives.ca\/fr\/wp-json\/wp\/v2\/tags?post=16077"},{"taxonomy":"senator_posts","embeddable":true,"href":"https:\/\/theprogressives.ca\/fr\/wp-json\/wp\/v2\/senator_posts?post=16077"}],"curies":[{"name":"wp","href":"https:\/\/api.w.org\/{rel}","templated":true}]}}