{"id":16057,"date":"2024-04-11T16:12:27","date_gmt":"2024-04-11T20:12:27","guid":{"rendered":"https:\/\/theprogressives.ca\/?p=16057"},"modified":"2024-04-12T16:15:52","modified_gmt":"2024-04-12T20:15:52","slug":"la-senatrice-audette-rend-hommage-a-lhonorable-percy-mockler","status":"publish","type":"post","link":"https:\/\/theprogressives.ca\/fr\/au-senat\/declarations\/la-senatrice-audette-rend-hommage-a-lhonorable-percy-mockler\/","title":{"rendered":"La s\u00e9natrice Audette rend hommage \u00e0 l&rsquo;honorable Percy Mockler"},"content":{"rendered":"<p><iframe title=\"La s\u00e9natrice Audette rend hommage \u00e0 l&#039;honorable Percy Mockler - 11 avril 2024 (source fran\u00e7aise)\" width=\"640\" height=\"360\" data-src=\"https:\/\/www.youtube.com\/embed\/F6J-JZ5-CEE?feature=oembed\" frameborder=\"0\" allow=\"accelerometer; autoplay; clipboard-write; encrypted-media; gyroscope; picture-in-picture; web-share\" referrerpolicy=\"strict-origin-when-cross-origin\" allowfullscreen src=\"data:image\/svg+xml;base64,PHN2ZyB3aWR0aD0iMSIgaGVpZ2h0PSIxIiB4bWxucz0iaHR0cDovL3d3dy53My5vcmcvMjAwMC9zdmciPjwvc3ZnPg==\" class=\"lazyload\" data-load-mode=\"1\"><\/iframe><\/p>\n<p><b>L\u2019honorable Mich\u00e8le Audette :\u00a0<\/b><i>Tshinashkumitin<\/i>, honorables s\u00e9nateurs.<\/p>\n[<i>Note de la r\u00e9daction\u00a0:\u00a0<\/i><i>La s\u00e9natrice\u00a0<\/i><i>Audette s\u2019exprime en\u00a0<\/i><i>innu-aimun<\/i>.]\n<p>Comme tout le monde, je me prends la parole aujourd\u2019hui pour rendre hommage \u00e0 mon coll\u00e8gue le s\u00e9nateur Percy Mockler\u00a0\u2014 honorable dans cette Chambre, mais aussi dans mon c\u0153ur de femme innue et qu\u00e9b\u00e9coise. La premi\u00e8re fois que je t\u2019ai rencontr\u00e9 ici au S\u00e9nat, j\u2019ai tout de suite ressenti \u00e0 quel point tu \u00e9tais une personne diplomate et curieuse.<\/p>\n<p>Pour moi, tu es un homme diplomate, fid\u00e8le \u00e0 son groupe, mais respectueux avec tous ceux et celles qui se retrouvent dans cette belle assembl\u00e9e. Tu es aussi un homme curieux d\u2019en apprendre sur les cultures autochtones et les peuples autochtones. Chaque fois qu\u2019on en parlait, je voyais tes yeux qui brillaient et cela me touchait beaucoup.<\/p>\n<p>Chaque fois que j\u2019ai eu besoin d\u2019un conseil\u00a0\u2014 parce qu\u2019on cherche des mentors\u00a0\u2014, quand j\u2019allais vers toi, tu montrais toujours une grande \u00e9coute et une grande sensibilit\u00e9. Tu \u00e9tais aussi d\u2019une grande franchise. Je te dis merci. Chaque fois, cela m\u2019a permis de mieux comprendre la dynamique au S\u00e9nat.<\/p>\n<p>J\u2019ai eu l\u2019occasion de remplacer mon coll\u00e8gue et ami le s\u00e9nateur Gignac au Comit\u00e9 des finances nationales, dont tu es pr\u00e9sident. L\u00e0 aussi, j\u2019ai remarqu\u00e9 et constat\u00e9 \u00e0 quel point ton leadership est rassembleur. Tu \u00e9tais tr\u00e8s attentif \u00e0 nous et tr\u00e8s professionnel. Bravo pour cela.<\/p>\n<p>J\u2019aimerais tellement qu\u2019il y ait d\u2019autres gens comme toi\u00a0\u2014 qu\u2019il y ait plein de Percy Mockler. Il faut des gens qui aiment beaucoup la politique\u00a0\u2014 et je sais que nous aimons ce que nous faisons\u00a0\u2014, mais c\u2019est tout aussi important de ne pas se cacher derri\u00e8re des clivages politiques. Pour cela, tu as \u00e9t\u00e9 un bon exemple. On a besoin de gens comme toi au Canada. Des personnes comme toi nous permettent\u00a0\u2014 moi, je ne suis presque plus nouvelle\u00a0\u2014 d\u2019avoir confiance dans le syst\u00e8me et de faire confiance \u00e0 des gens comme toi.<\/p>\n<p>J\u2019esp\u00e8re que cette confiance sera r\u00e9ciproque. Dans les lois innues, on appelle cela la r\u00e9ciprocit\u00e9. Tout le monde a parl\u00e9 de ce que tu as fait, des grandes choses que tu as faites. Tout le monde l\u2019a exprim\u00e9 avec amour et avec beaucoup de fiert\u00e9. Moi, je ne chanterai pas, j\u2019en suis incapable. F\u00e9licitations pour tout cela. Pour moi, ces choses-l\u00e0, les grandes choses dans ta vie, ont \u00e9t\u00e9 importantes, mais elles laissent des h\u00e9ritages et maintenant, on a la responsabilit\u00e9 de les maintenir. Tu es toujours rest\u00e9 une personne simple, humaine et humble. \u00c0 mon avis, l\u2019humilit\u00e9 et l\u2019int\u00e9grit\u00e9 sont des valeurs vraiment importantes en politique et tu les incarnes tr\u00e8s bien. Cher coll\u00e8gue, cher ami, je te dis merci.\u00a0<i>Tshinashkumitin<\/i>.Tu vas repartir avec du th\u00e9 du Labrador qui vient de mon chez-moi et une petite plume en bois. Elle va se conserver longtemps. Je t\u2019offre aussi une chandelle, bien s\u00fbr, pour que nous soyons toujours bien allum\u00e9s par ta sagesse.\u00a0<i>Tshinashkumitnau<\/i>.<\/p>\n<p><b>Des voix :\u00a0<\/b>Bravo!<\/p>\n","protected":false},"excerpt":{"rendered":"<p>L\u2019honorable Mich\u00e8le Audette :\u00a0Tshinashkumitin, honorables s\u00e9nateurs. [Note de la r\u00e9daction\u00a0:\u00a0La s\u00e9natrice\u00a0Audette s\u2019exprime en\u00a0innu-aimun.] Comme tout le monde, je me prends la parole aujourd\u2019hui pour rendre hommage \u00e0 mon coll\u00e8gue le s\u00e9nateur Percy Mockler\u00a0\u2014 honorable dans cette Chambre, mais aussi dans mon c\u0153ur de femme innue et qu\u00e9b\u00e9coise. La premi\u00e8re fois que je t\u2019ai rencontr\u00e9 ici&#8230;<\/p>\n","protected":false},"author":3,"featured_media":1912,"comment_status":"closed","ping_status":"closed","sticky":false,"template":"","format":"standard","meta":{"_acf_changed":false,"wds_primary_category":99,"footnotes":""},"categories":[99],"tags":[],"senator_posts":[172],"class_list":["post-16057","post","type-post","status-publish","format-standard","has-post-thumbnail","hentry","category-declarations","senator_posts-l-hon-michele-audette"],"acf":[],"_links":{"self":[{"href":"https:\/\/theprogressives.ca\/fr\/wp-json\/wp\/v2\/posts\/16057","targetHints":{"allow":["GET"]}}],"collection":[{"href":"https:\/\/theprogressives.ca\/fr\/wp-json\/wp\/v2\/posts"}],"about":[{"href":"https:\/\/theprogressives.ca\/fr\/wp-json\/wp\/v2\/types\/post"}],"author":[{"embeddable":true,"href":"https:\/\/theprogressives.ca\/fr\/wp-json\/wp\/v2\/users\/3"}],"replies":[{"embeddable":true,"href":"https:\/\/theprogressives.ca\/fr\/wp-json\/wp\/v2\/comments?post=16057"}],"version-history":[{"count":0,"href":"https:\/\/theprogressives.ca\/fr\/wp-json\/wp\/v2\/posts\/16057\/revisions"}],"wp:featuredmedia":[{"embeddable":true,"href":"https:\/\/theprogressives.ca\/fr\/wp-json\/wp\/v2\/media\/1912"}],"wp:attachment":[{"href":"https:\/\/theprogressives.ca\/fr\/wp-json\/wp\/v2\/media?parent=16057"}],"wp:term":[{"taxonomy":"category","embeddable":true,"href":"https:\/\/theprogressives.ca\/fr\/wp-json\/wp\/v2\/categories?post=16057"},{"taxonomy":"post_tag","embeddable":true,"href":"https:\/\/theprogressives.ca\/fr\/wp-json\/wp\/v2\/tags?post=16057"},{"taxonomy":"senator_posts","embeddable":true,"href":"https:\/\/theprogressives.ca\/fr\/wp-json\/wp\/v2\/senator_posts?post=16057"}],"curies":[{"name":"wp","href":"https:\/\/api.w.org\/{rel}","templated":true}]}}