{"id":16018,"date":"2024-04-10T14:54:03","date_gmt":"2024-04-10T18:54:03","guid":{"rendered":"https:\/\/theprogressives.ca\/?p=16018"},"modified":"2024-04-11T09:22:01","modified_gmt":"2024-04-11T13:22:01","slug":"jane-goodall","status":"publish","type":"post","link":"https:\/\/theprogressives.ca\/fr\/au-senat\/declarations\/jane-goodall\/","title":{"rendered":"Jane Goodall, DBE"},"content":{"rendered":"<p><iframe title=\"Le s\u00e9nateur Klyne parle de Jane Goodall - 10 avril 2024 (source fran\u00e7aise)\" width=\"640\" height=\"360\" data-src=\"https:\/\/www.youtube.com\/embed\/0ZW8zbn_9F4?feature=oembed\" frameborder=\"0\" allow=\"accelerometer; autoplay; clipboard-write; encrypted-media; gyroscope; picture-in-picture; web-share\" referrerpolicy=\"strict-origin-when-cross-origin\" allowfullscreen src=\"data:image\/svg+xml;base64,PHN2ZyB3aWR0aD0iMSIgaGVpZ2h0PSIxIiB4bWxucz0iaHR0cDovL3d3dy53My5vcmcvMjAwMC9zdmciPjwvc3ZnPg==\" class=\"lazyload\" data-load-mode=\"1\"><\/iframe><\/p>\n<p><b>L\u2019honorable Marty Klyne :\u00a0<\/b>Honorables s\u00e9nateurs, je prends la parole pour rendre hommage \u00e0 l\u2019estim\u00e9e Jane Goodall, qui a honor\u00e9 le S\u00e9nat et notre pays par sa visite ici aujourd\u2019hui.<\/p>\n<p>Comme vous le savez, et comme Son Honneur vient de le mentionner, Mme\u00a0Goodall est une primatologue et une d\u00e9fenseure de l\u2019environnement de renomm\u00e9e mondiale, ainsi que la messag\u00e8re de la paix pour les Nations unies. Elle est aussi la fondatrice de l\u2019Institut Jane Goodall, une organisation de premier plan qui s\u2019emploie \u00e0 sauver les esp\u00e8ces sauvages partout dans le monde.<\/p>\n<p>Les d\u00e9couvertes l\u00e9gendaires de Mme\u00a0Goodall au sujet de nos parents les plus proches\u00a0\u2014 les chimpanz\u00e9s\u00a0\u2014 ont r\u00e9volutionn\u00e9 notre compr\u00e9hension de notre relation avec les animaux. Mme\u00a0Goodall a utilis\u00e9 la science pour prouver ce que de nombreux peuples autochtones ont toujours su, \u00e0 savoir que nous ne sommes pas s\u00e9par\u00e9s des cr\u00e9atures qui nous entourent, mais que nous sommes li\u00e9s \u00e0 elles.<\/p>\n<p>Bref, les d\u00e9couvertes de Mme\u00a0Goodall ont d\u00e9clench\u00e9 une r\u00e9volution de l\u2019empathie. Elle a consacr\u00e9 sa vie \u00e0 prot\u00e9ger la nature. Son message en ce qui concerne la crise climatique, la biodiversit\u00e9 et le bien-\u00eatre des animaux n\u2019a jamais \u00e9t\u00e9 aussi urgent. Ce sont des priorit\u00e9s communes pour l\u2019honorable Murray Sinclair et moi, et j\u2019esp\u00e8re pour vous aussi. J\u2019ai un message du s\u00e9nateur Sinclair\u00a0:<\/p>\n<p style=\"padding-left: 40px;\">Mesdames et messieurs les s\u00e9nateurs, je regrette de ne pas avoir pu me joindre \u00e0 vous pour accueillir l\u2019\u00e9minente Jane Goodall au S\u00e9nat, un endroit que je consid\u00e8re comme le conseil des a\u00een\u00e9s du Canada.<\/p>\n<p style=\"padding-left: 40px;\">Mme\u00a0Goodall est une v\u00e9ritable a\u00een\u00e9e de la soci\u00e9t\u00e9 mondiale et une h\u00e9ro\u00efne qui nous inspire \u00e0 faire mieux pour toutes les cr\u00e9atures avec lesquelles nous partageons la Terre. J\u2019esp\u00e8re que vous prendrez \u00e0 c\u0153ur ses sages conseils selon lesquels nous devons agir maintenant pour prot\u00e9ger le monde naturel, une n\u00e9cessit\u00e9 selon la science et le savoir autochtone.<\/p>\n<p style=\"padding-left: 40px;\">Mme\u00a0Goodall, vous avez men\u00e9 des recherches approfondies sur le terrain avec les chimpanz\u00e9s, qui forment des alliances politiques pour atteindre leurs objectifs. C\u2019est une excellente pr\u00e9paration \u00e0 votre visite au Parlement. Nous vous remercions pour vos efforts incessants en faveur de la protection de la faune et de la flore sauvages, et notamment pour vos initiatives de conservation avec des partenaires autochtones en Afrique. Vous \u00eates une source d\u2019espoir in\u00e9puisable pour les personnes\u00a0\u2014 en particulier les jeunes\u00a0\u2014 qui s\u2019efforcent de sauver notre belle plan\u00e8te et les animaux sacr\u00e9s et innocents qui m\u00e9ritent notre compassion. Nous n\u2019abandonnerons jamais.<\/p>\n<p>Honorables s\u00e9nateurs, je suis convaincu que nous transformerons l\u2019inspiration en actions concr\u00e8tes pour prot\u00e9ger le monde naturel. En l\u2019honneur de Mme\u00a0Goodall et par respect pour toutes nos relations, j\u2019esp\u00e8re que nous r\u00e9pondrons ensemble \u00e0 cet appel.<\/p>\n<p>Merci.\u00a0<i>Hiy kitatamihin<\/i>.<\/p>\n<p><b>Des voix :\u00a0<\/b>Bravo!<\/p>\n","protected":false},"excerpt":{"rendered":"<p>L\u2019honorable Marty Klyne :\u00a0Honorables s\u00e9nateurs, je prends la parole pour rendre hommage \u00e0 l\u2019estim\u00e9e Jane Goodall, qui a honor\u00e9 le S\u00e9nat et notre pays par sa visite ici aujourd\u2019hui. Comme vous le savez, et comme Son Honneur vient de le mentionner, Mme\u00a0Goodall est une primatologue et une d\u00e9fenseure de l\u2019environnement de renomm\u00e9e mondiale, ainsi que&#8230;<\/p>\n","protected":false},"author":3,"featured_media":2014,"comment_status":"closed","ping_status":"closed","sticky":false,"template":"","format":"standard","meta":{"_acf_changed":false,"wds_primary_category":99,"footnotes":""},"categories":[99],"tags":[],"senator_posts":[34],"class_list":["post-16018","post","type-post","status-publish","format-standard","has-post-thumbnail","hentry","category-declarations","senator_posts-l-hon-marty-klyne"],"acf":[],"_links":{"self":[{"href":"https:\/\/theprogressives.ca\/fr\/wp-json\/wp\/v2\/posts\/16018","targetHints":{"allow":["GET"]}}],"collection":[{"href":"https:\/\/theprogressives.ca\/fr\/wp-json\/wp\/v2\/posts"}],"about":[{"href":"https:\/\/theprogressives.ca\/fr\/wp-json\/wp\/v2\/types\/post"}],"author":[{"embeddable":true,"href":"https:\/\/theprogressives.ca\/fr\/wp-json\/wp\/v2\/users\/3"}],"replies":[{"embeddable":true,"href":"https:\/\/theprogressives.ca\/fr\/wp-json\/wp\/v2\/comments?post=16018"}],"version-history":[{"count":0,"href":"https:\/\/theprogressives.ca\/fr\/wp-json\/wp\/v2\/posts\/16018\/revisions"}],"wp:featuredmedia":[{"embeddable":true,"href":"https:\/\/theprogressives.ca\/fr\/wp-json\/wp\/v2\/media\/2014"}],"wp:attachment":[{"href":"https:\/\/theprogressives.ca\/fr\/wp-json\/wp\/v2\/media?parent=16018"}],"wp:term":[{"taxonomy":"category","embeddable":true,"href":"https:\/\/theprogressives.ca\/fr\/wp-json\/wp\/v2\/categories?post=16018"},{"taxonomy":"post_tag","embeddable":true,"href":"https:\/\/theprogressives.ca\/fr\/wp-json\/wp\/v2\/tags?post=16018"},{"taxonomy":"senator_posts","embeddable":true,"href":"https:\/\/theprogressives.ca\/fr\/wp-json\/wp\/v2\/senator_posts?post=16018"}],"curies":[{"name":"wp","href":"https:\/\/api.w.org\/{rel}","templated":true}]}}