{"id":15942,"date":"2024-03-21T11:04:50","date_gmt":"2024-03-21T15:04:50","guid":{"rendered":"https:\/\/theprogressives.ca\/?p=15942"},"modified":"2024-03-28T11:07:13","modified_gmt":"2024-03-28T15:07:13","slug":"periode-des-questions-ministerielle-la-sante-mentale-et-les-armes-a-feu","status":"publish","type":"post","link":"https:\/\/theprogressives.ca\/fr\/au-senat\/periode-de-questions\/periode-des-questions-ministerielle-la-sante-mentale-et-les-armes-a-feu\/","title":{"rendered":"P\u00e9riode des questions minist\u00e9rielle : La sant\u00e9 mentale et les armes \u00e0 feu"},"content":{"rendered":"<p><iframe title=\"La s\u00e9natrice Bernard interroge la ministre Saks sur la sant\u00e9 mentale et les armes \u00e0 feu -21 mars(FR)\" width=\"640\" height=\"360\" data-src=\"https:\/\/www.youtube.com\/embed\/nOc7D922yag?feature=oembed\" frameborder=\"0\" allow=\"accelerometer; autoplay; clipboard-write; encrypted-media; gyroscope; picture-in-picture; web-share\" referrerpolicy=\"strict-origin-when-cross-origin\" allowfullscreen src=\"data:image\/svg+xml;base64,PHN2ZyB3aWR0aD0iMSIgaGVpZ2h0PSIxIiB4bWxucz0iaHR0cDovL3d3dy53My5vcmcvMjAwMC9zdmciPjwvc3ZnPg==\" class=\"lazyload\" data-load-mode=\"1\"><\/iframe><\/p>\n<p><b>L\u2019honorable Wanda Thomas Bernard :\u00a0<\/b>Madame la ministre, je vous remercie d\u2019\u00eatre l\u00e0. Le caporal Lionel Desmond a fait \u00e9tat de sympt\u00f4mes de trouble de stress post-traumatique, y compris des tendances suicidaires, de la parano\u00efa et des cauchemars homicidaires. Pourtant, deux professionnels de la sant\u00e9 mentale ont tout de m\u00eame approuv\u00e9 sa demande de permis d\u2019arme \u00e0 feu. M.\u00a0Jaffe, un t\u00e9moin expert de l\u2019enqu\u00eate sur la mort d\u2019Aaliyah Desmond, de Shanna Desmond, de Brenda Desmond et de Lionel Desmond, a relev\u00e9 chez le caporal Desmond, \u00e0 titre posthume, 20\u00a0des 41 facteurs de risque pour les homicides familiaux.<\/p>\n<p>Le rapport contient trois recommandations fortes sur la sant\u00e9 mentale et les armes \u00e0 feu. Madame la ministre, le gouvernement s\u2019engagera-t-il \u00e0 donner suite \u00e0 la recommandation 23, c\u2019est-\u00e0-dire que le \u00ab bureau du contr\u00f4leur des armes \u00e0 feu devrait recevoir des fonds additionnels pour faciliter des v\u00e9rifications suppl\u00e9mentaires et continues \u00bb?<\/p>\n<p><b>L\u2019honorable Ya\u2019ara Saks, c.p., d\u00e9put\u00e9e, ministre de la Sant\u00e9 mentale et des D\u00e9pendances et ministre associ\u00e9e de la Sant\u00e9 :\u00a0<\/b>Je vous remercie de la question.<\/p>\n<p>Voici ce que je peux dire\u00a0: pour ce qui est de ces engagements, le ministre LeBlanc et le ministre Blair seraient mieux plac\u00e9s pour parler de l\u2019\u00e9tablissement des allocations. Cependant, depuis mon arriv\u00e9e au Parlement et m\u00eame avant, j\u2019ai constat\u00e9 de grands changements dans la fa\u00e7on de g\u00e9rer le trouble de stress, tant au sein des forces arm\u00e9es que des services de police nationaux. Ils reconnaissent maintenant le besoin d\u2019avoir des m\u00e9canismes pour soutenir ceux qui servent notre pays en prot\u00e9geant nos collectivit\u00e9s. Ces personnes sont t\u00e9moins d\u2019\u00e9v\u00e9nements traumatiques au quotidien. Il faut mettre en place des m\u00e9canismes de pr\u00e9vention et de d\u00e9tection pr\u00e9coce.<\/p>\n<p>R\u00e9cemment, j\u2019ai accompagn\u00e9 le ministre LeBlanc au d\u00e9jeuner de la F\u00e9d\u00e9ration de la police nationale. Ses repr\u00e9sentants ont fait part de leurs donn\u00e9es sur la mise en \u0153uvre de m\u00e9canismes de pr\u00e9vention pr\u00e9coce et de sondages pour aider les policiers. Je sais que, en tant que gouvernement, nous sommes d\u00e9termin\u00e9s \u00e0 faire en sorte que ceux qui servent les Canadiens soient r\u00e9silients et se portent bien dans le cadre de leur travail au quotidien.<\/p>\n<p><b>La s\u00e9natrice Bernard :\u00a0<\/b>Le gouvernement s\u2019engagera-t-il \u00e0 donner suite \u00e0 la recommandation 22, qui propose ce qui suit\u00a0:<\/p>\n<p style=\"padding-left: 40px;\">Lorsque les circonstances le justifient, le bureau du contr\u00f4leur des armes \u00e0 feu devrait passer en revue certains permis et demander des informations m\u00e9dicales suppl\u00e9mentaires, au besoin, pour s\u2019assurer que les demandeurs qui ont obtenu un permis remplissent toujours les crit\u00e8res d\u2019admissibilit\u00e9 et maintiennent une bonne sant\u00e9 mentale.<\/p>\n<p><b>Mme\u00a0Saks :\u00a0<\/b>L\u00e0 encore, je ne suis pas la ministre charg\u00e9e de ce dossier et je ne peux donc pas m\u2019engager \u00e0 donner suite \u00e0 ces recommandations.<\/p>\n<p>En tant que ministre de la Sant\u00e9 mentale et membre du Cabinet, j\u2019encouragerai certainement mes coll\u00e8gues \u00e0 donner la priorit\u00e9 \u00e0 la d\u00e9termination des principaux outils de pr\u00e9vention qui doivent \u00eatre pris en compte par tous les organismes d\u2019application de la loi et tous les fournisseurs de services aux Canadiens.<\/p>\n<p>Des mesures de pr\u00e9vention en mati\u00e8re de sant\u00e9 mentale devraient \u00eatre accessibles dans tous les espaces de travail de tous les lieux de travail; c\u2019est pourquoi nous avons un syst\u00e8me national de normes en cours d\u2019\u00e9laboration justement \u00e0 cette fin.<\/p>\n","protected":false},"excerpt":{"rendered":"<p>L\u2019honorable Wanda Thomas Bernard :\u00a0Madame la ministre, je vous remercie d\u2019\u00eatre l\u00e0. Le caporal Lionel Desmond a fait \u00e9tat de sympt\u00f4mes de trouble de stress post-traumatique, y compris des tendances suicidaires, de la parano\u00efa et des cauchemars homicidaires. Pourtant, deux professionnels de la sant\u00e9 mentale ont tout de m\u00eame approuv\u00e9 sa demande de permis d\u2019arme&#8230;<\/p>\n","protected":false},"author":3,"featured_media":1986,"comment_status":"closed","ping_status":"closed","sticky":false,"template":"","format":"standard","meta":{"_acf_changed":false,"wds_primary_category":97,"footnotes":""},"categories":[97],"tags":[],"senator_posts":[40],"class_list":["post-15942","post","type-post","status-publish","format-standard","has-post-thumbnail","hentry","category-periode-de-questions","senator_posts-l-hon-wanda-thomas-bernard"],"acf":[],"_links":{"self":[{"href":"https:\/\/theprogressives.ca\/fr\/wp-json\/wp\/v2\/posts\/15942","targetHints":{"allow":["GET"]}}],"collection":[{"href":"https:\/\/theprogressives.ca\/fr\/wp-json\/wp\/v2\/posts"}],"about":[{"href":"https:\/\/theprogressives.ca\/fr\/wp-json\/wp\/v2\/types\/post"}],"author":[{"embeddable":true,"href":"https:\/\/theprogressives.ca\/fr\/wp-json\/wp\/v2\/users\/3"}],"replies":[{"embeddable":true,"href":"https:\/\/theprogressives.ca\/fr\/wp-json\/wp\/v2\/comments?post=15942"}],"version-history":[{"count":0,"href":"https:\/\/theprogressives.ca\/fr\/wp-json\/wp\/v2\/posts\/15942\/revisions"}],"wp:featuredmedia":[{"embeddable":true,"href":"https:\/\/theprogressives.ca\/fr\/wp-json\/wp\/v2\/media\/1986"}],"wp:attachment":[{"href":"https:\/\/theprogressives.ca\/fr\/wp-json\/wp\/v2\/media?parent=15942"}],"wp:term":[{"taxonomy":"category","embeddable":true,"href":"https:\/\/theprogressives.ca\/fr\/wp-json\/wp\/v2\/categories?post=15942"},{"taxonomy":"post_tag","embeddable":true,"href":"https:\/\/theprogressives.ca\/fr\/wp-json\/wp\/v2\/tags?post=15942"},{"taxonomy":"senator_posts","embeddable":true,"href":"https:\/\/theprogressives.ca\/fr\/wp-json\/wp\/v2\/senator_posts?post=15942"}],"curies":[{"name":"wp","href":"https:\/\/api.w.org\/{rel}","templated":true}]}}