{"id":15914,"date":"2024-03-19T15:19:35","date_gmt":"2024-03-19T19:19:35","guid":{"rendered":"https:\/\/theprogressives.ca\/?p=15914"},"modified":"2024-03-20T15:28:52","modified_gmt":"2024-03-20T19:28:52","slug":"deuxieme-lecture-du-projet-de-loi-c-284-loi-prevoyant-lelaboration-dune-strategie-nationale-sur-les-soins-oculaires","status":"publish","type":"post","link":"https:\/\/theprogressives.ca\/fr\/au-senat\/discours\/deuxieme-lecture-du-projet-de-loi-c-284-loi-prevoyant-lelaboration-dune-strategie-nationale-sur-les-soins-oculaires\/","title":{"rendered":"Deuxi\u00e8me lecture du projet de loi C-284, Loi pr\u00e9voyant l\u2019\u00e9laboration d\u2019une strat\u00e9gie nationale sur les soins oculaires"},"content":{"rendered":"<p><iframe title=\"Le s\u00e9nateur Cardozo prend la parole \u00e0 la 2e lecture du projet de loi C-284 - 19 mars 2024 (FR)\" width=\"640\" height=\"360\" data-src=\"https:\/\/www.youtube.com\/embed\/FAb0KgeIQkw?feature=oembed\" frameborder=\"0\" allow=\"accelerometer; autoplay; clipboard-write; encrypted-media; gyroscope; picture-in-picture; web-share\" allowfullscreen src=\"data:image\/svg+xml;base64,PHN2ZyB3aWR0aD0iMSIgaGVpZ2h0PSIxIiB4bWxucz0iaHR0cDovL3d3dy53My5vcmcvMjAwMC9zdmciPjwvc3ZnPg==\" class=\"lazyload\" data-load-mode=\"1\"><\/iframe><\/p>\n<p><b>L\u2019honorable Andrew Cardozo :\u00a0<\/b>Honorables s\u00e9nateurs, j\u2019ai quelques observations \u00e0 faire au sujet du projet de loi\u00a0C-284. Je voudrais d\u2019abord f\u00e9liciter le parrain du projet de loi, le s\u00e9nateur Mohamed-Iqbal Ravalia, ainsi que la d\u00e9put\u00e9e \u00e0 l\u2019origine du projet de loi \u00e0 la Chambre des communes, l\u2019honorable Judy Sgro, qui a mis son importante exp\u00e9rience de parlementaire \u00e0 contribution dans l\u2019\u00e9laboration de ce projet de loi solide.<\/p>\n<p>Je tiens \u00e9galement \u00e0 saluer les organisations suivantes, qui repr\u00e9sentent les Canadiens aveugles\u00a0: le Conseil canadien des aveugles, l\u2019Institut national canadien pour les aveugles, la Soci\u00e9t\u00e9 canadienne d\u2019ophtalmologie, Vaincre la c\u00e9cit\u00e9 Canada et la OneSight EssilorLuxottica Foundation.<\/p>\n<p>Les membres de ces organisations canadiennes r\u00e9clamaient ce projet de loi et ils ont contribu\u00e9 \u00e0 sa cr\u00e9ation. Officiellement, il s\u2019agit du projet de loi\u00a0C-284, Loi pr\u00e9voyant l\u2019\u00e9laboration d\u2019une strat\u00e9gie nationale sur les soins oculaires.<\/p>\n<p>Comme on peut le lire dans son pr\u00e9ambule, \u00ab des millions de Canadiens souffrent de maladies oculaires qui, sans traitement, pourraient entra\u00eener une perte de vision ou la c\u00e9cit\u00e9 \u00bb. Les soins oculaires sont tout sauf n\u00e9gligeables. On estime en effet \u00e0 8 millions le nombre de Canadiens qui souffrent de maladies oculaires qui pourraient les rendre aveugles, soit 20\u00a0% de la population.<\/p>\n<p>Selon un rapport de l\u2019Institut national canadien pour les aveugles, le co\u00fbt de la perte de vision au Canada s\u2019\u00e9l\u00e8ve \u00e0 environ 33 milliards de dollars par ann\u00e9e.<\/p>\n<p>On estime que 75\u00a0% des cas de perte de vision auraient pu \u00eatre \u00e9vit\u00e9s, sauf que les Canadiens ne passent pas d\u2019examens de la vue comme ils le devraient. Selon les lignes directrices, nous devrions subir un examen de la vue tous les\u00a0ans; toutefois, les assurances provinciales et priv\u00e9es, le cas \u00e9ch\u00e9ant, couvrent souvent un examen tous les deux\u00a0ans seulement. Il s\u2019ensuit in\u00e9vitablement qu\u2019un tiers des adultes canadiens ne re\u00e7oivent pas de soins oculaires parce qu\u2019ils n\u2019en ont pas les moyens. Il vaut mieux pr\u00e9venir que gu\u00e9rir\u00a0\u2014 cela va de soi\u00a0\u2014 mais, au Canada, on n\u2019en fait pas assez en mati\u00e8re de pr\u00e9vention.<\/p>\n<p>L\u2019acc\u00e8s aux soins oculaires diff\u00e8re d\u2019une province \u00e0 l\u2019autre, mais si nous admettons qu\u2019il s\u2019agit non seulement d\u2019un probl\u00e8me pour tous les Canadiens, mais bien d\u2019un probl\u00e8me grave, il est alors n\u00e9cessaire de mettre au point une strat\u00e9gie nationale. Nous devons convaincre les gouvernements provinciaux et f\u00e9d\u00e9ral de travailler de concert \u00e0 l\u2019am\u00e9lioration des soins de sant\u00e9 oculaire dans notre pays. C\u2019est l\u2019objet du projet de loi, \u00e0 savoir la coop\u00e9ration, la planification et la coordination.<\/p>\n<p>Je voudrais lire un bref extrait du site web du Conseil canadien des aveugles\u00a0:<\/p>\n<p style=\"padding-left: 40px;\">Le projet de loi\u00a0C-284 a fait du chemin, mais il reste encore beaucoup \u00e0 faire. L\u2019adoption imminente de ce projet de loi [\u2026]\n<p>\u00a0\u2014 le conseil est plut\u00f4t optimiste\u00a0\u2014<\/p>\n<p style=\"padding-left: 40px;\">[\u2026] promet une meilleure qualit\u00e9 de vie pour beaucoup et signifie un engagement envers l\u2019\u00e9galit\u00e9 et l\u2019accessibilit\u00e9 dans les services de soins oculaires. Les efforts de collaboration avec des organisations visionnaires soulignent l\u2019appel collectif \u00e0 l\u2019\u00e9quit\u00e9. Essentiellement, le projet de loi\u00a0C-284 n\u2019est pas seulement une mesure l\u00e9gislative; il s\u2019agit d\u2019une \u00e9tape cruciale vers un syst\u00e8me de soins oculaires plus inclusif et plus efficace pour tous les Canadiens.<\/p>\n<p>Honorables s\u00e9nateurs, voil\u00e0 pourquoi j\u2019appuie le projet de loi\u00a0C-284, Loi pr\u00e9voyant l\u2019\u00e9laboration d\u2019une strat\u00e9gie nationale sur les soins oculaires. Merci.<\/p>\n","protected":false},"excerpt":{"rendered":"<p>L\u2019honorable Andrew Cardozo :\u00a0Honorables s\u00e9nateurs, j\u2019ai quelques observations \u00e0 faire au sujet du projet de loi\u00a0C-284. Je voudrais d\u2019abord f\u00e9liciter le parrain du projet de loi, le s\u00e9nateur Mohamed-Iqbal Ravalia, ainsi que la d\u00e9put\u00e9e \u00e0 l\u2019origine du projet de loi \u00e0 la Chambre des communes, l\u2019honorable Judy Sgro, qui a mis son importante exp\u00e9rience de&#8230;<\/p>\n","protected":false},"author":3,"featured_media":2012,"comment_status":"closed","ping_status":"closed","sticky":false,"template":"","format":"standard","meta":{"_acf_changed":false,"wds_primary_category":98,"footnotes":""},"categories":[98],"tags":[],"senator_posts":[178],"class_list":["post-15914","post","type-post","status-publish","format-standard","has-post-thumbnail","hentry","category-discours","senator_posts-l-hon-andrew-cardozo"],"acf":[],"_links":{"self":[{"href":"https:\/\/theprogressives.ca\/fr\/wp-json\/wp\/v2\/posts\/15914","targetHints":{"allow":["GET"]}}],"collection":[{"href":"https:\/\/theprogressives.ca\/fr\/wp-json\/wp\/v2\/posts"}],"about":[{"href":"https:\/\/theprogressives.ca\/fr\/wp-json\/wp\/v2\/types\/post"}],"author":[{"embeddable":true,"href":"https:\/\/theprogressives.ca\/fr\/wp-json\/wp\/v2\/users\/3"}],"replies":[{"embeddable":true,"href":"https:\/\/theprogressives.ca\/fr\/wp-json\/wp\/v2\/comments?post=15914"}],"version-history":[{"count":0,"href":"https:\/\/theprogressives.ca\/fr\/wp-json\/wp\/v2\/posts\/15914\/revisions"}],"wp:featuredmedia":[{"embeddable":true,"href":"https:\/\/theprogressives.ca\/fr\/wp-json\/wp\/v2\/media\/2012"}],"wp:attachment":[{"href":"https:\/\/theprogressives.ca\/fr\/wp-json\/wp\/v2\/media?parent=15914"}],"wp:term":[{"taxonomy":"category","embeddable":true,"href":"https:\/\/theprogressives.ca\/fr\/wp-json\/wp\/v2\/categories?post=15914"},{"taxonomy":"post_tag","embeddable":true,"href":"https:\/\/theprogressives.ca\/fr\/wp-json\/wp\/v2\/tags?post=15914"},{"taxonomy":"senator_posts","embeddable":true,"href":"https:\/\/theprogressives.ca\/fr\/wp-json\/wp\/v2\/senator_posts?post=15914"}],"curies":[{"name":"wp","href":"https:\/\/api.w.org\/{rel}","templated":true}]}}