{"id":15842,"date":"2024-02-29T09:37:15","date_gmt":"2024-02-29T14:37:15","guid":{"rendered":"https:\/\/theprogressives.ca\/?p=15842"},"modified":"2024-03-01T12:49:33","modified_gmt":"2024-03-01T17:49:33","slug":"publication-dun-nouveau-rapport-sur-les-progres-realises-par-les-initiatives-soutenant-les-entrepreneurs-noirs","status":"publish","type":"post","link":"https:\/\/theprogressives.ca\/fr\/nouvelles\/publication-dun-nouveau-rapport-sur-les-progres-realises-par-les-initiatives-soutenant-les-entrepreneurs-noirs\/","title":{"rendered":"Publication d&rsquo;un nouveau rapport sur les progr\u00e8s r\u00e9alis\u00e9s par les initiatives soutenant les entrepreneurs noirs"},"content":{"rendered":"<p><strong>Ottawa, le 29 f\u00e9vrier 2024 \u2013 <\/strong>Aujourd&rsquo;hui, la s\u00e9natrice Amina Gerba et le s\u00e9nateur Colin Deacon ont publi\u00e9 un <a href=\"https:\/\/theprogressives.ca\/wp-content\/uploads\/2024\/03\/Rapport_Progres-realises-par-les-initiatives-visant-a-aider-les-entrepreneurs-Noirs.pdf\" target=\"_blank\" rel=\"noopener\"><strong>nouveau rapport<\/strong><\/a> intitul\u00e9 \u00ab\u00a0<em><a href=\"https:\/\/theprogressives.ca\/wp-content\/uploads\/2024\/03\/Rapport_Progres-realises-par-les-initiatives-visant-a-aider-les-entrepreneurs-Noirs.pdf\" target=\"_blank\" rel=\"noopener\">Progr\u00e8s r\u00e9alis\u00e9s par les initiatives visant \u00e0 aider les entrepreneurs noirs <\/a>\u00bb,<\/em> qui cherche \u00e0 dresser un \u00e9tat des lieux des mesures en faveur des entrepreneurs noirs, \u00e0 en r\u00e9aliser un diagnostic et \u00e0 proposer des pistes d\u2019am\u00e9lioration. Les principales conclusions du rapport mettent en lumi\u00e8re les points de vue des organisations impliqu\u00e9es dans le Fonds de pr\u00eats pour l&rsquo;entrepreneuriat des communaut\u00e9s noires (FPECN) du gouvernement f\u00e9d\u00e9ral, de certaines des six grandes banques et celui d\u2019autres organisations qui travaillent au soutien des entrepreneurs noirs au Canada.<\/p>\n<h4><strong>PRINCIPALES CONSTATATIONS<\/strong><\/h4>\n<ul>\n<li><strong>Les conditions de r\u00e9ussite n\u00e9cessaires pour acc\u00e9der aux pr\u00eats et autres produits financiers sont trop souvent difficiles \u00e0 atteindre pour les entrepreneurs noirs. <\/strong>L\u2019un des principaux d\u00e9fis observ\u00e9s par les intervenants interrog\u00e9s est le manque de connaissances financi\u00e8res et des affaires de la part des entrepreneurs qui demandent un pr\u00eat.<\/li>\n<li><strong>Des pr\u00e9jug\u00e9s syst\u00e9miques existent toujours et affectent les processus de pr\u00eat et d&rsquo;attribution des pr\u00eats aux entrepreneurs noirs<\/strong>. C&rsquo;est vrai pour la communaut\u00e9 noire, mais aussi pour l&rsquo;ensemble de la soci\u00e9t\u00e9, car les m\u00e9thodes traditionnelles reposent presque uniquement sur l&rsquo;utilisation de produits financiers appartenant \u00e0 des banques.<\/li>\n<li><strong>L&rsquo;acc\u00e8s \u00e0 l&rsquo;investissement priv\u00e9 pour les entrepreneurs noirs au Canada est encore relativement absent, malgr\u00e9 les formidables possibilit\u00e9s qu&rsquo;offre ce domaine<\/strong>. Un soutien institutionnel et financier est n\u00e9cessaire pour soutenir les soci\u00e9t\u00e9s de capital de risque (VC) qui s&rsquo;efforcent de combler le d\u00e9ficit d&rsquo;investissement et de retenir les entreprises noires talentueuses et novatrices au Canada.<\/li>\n<\/ul>\n<h4><strong>CITATIONS<\/strong><\/h4>\n<p>\u00ab Investir dans la r\u00e9ussite des entrepreneurs noirs n&rsquo;est pas seulement un imp\u00e9ratif social, mais aussi essentiel au d\u00e9veloppement \u00e9conomique du Canada. Nous devons continuer \u00e0 donner la priorit\u00e9 aux initiatives qui s\u2019attaquent aux barri\u00e8res syst\u00e9miques et permettent aux entreprises noires de participer pleinement \u00e0 notre paysage entrepreneurial et aux communaut\u00e9s noires de s\u2019\u00e9panouir et de prosp\u00e9rer. Les mesures en ce sens doivent \u00eatre approfondies et am\u00e9lior\u00e9es pour que ces entrepreneurs disposent des m\u00eames chances de r\u00e9ussite que les autres \u00bb. <strong>\u2013 l\u2019hon. Amina Gerba, s\u00e9natrice<\/strong><\/p>\n<p>\u00ab Notre prosp\u00e9rit\u00e9 \u00e9conomique collective r\u00e9side dans le fait de lib\u00e9rer la force entrepreneuriale et novatrice de nos divers entrepreneurs. Des progr\u00e8s prometteurs ont \u00e9t\u00e9 r\u00e9alis\u00e9s, mais les efforts collectifs doivent \u00eatre soutenus, fond\u00e9s sur des donn\u00e9es probantes et cibl\u00e9s afin de s&rsquo;attaquer efficacement aux obstacles syst\u00e9miques auxquels sont confront\u00e9s les entrepreneurs noirs. Nous devons continuer d&rsquo;identifier les meilleures pratiques et les strat\u00e9gies efficaces pour favoriser un \u00e9cosyst\u00e8me entrepreneurial v\u00e9ritablement inclusif\u00a0\u00bb<strong>. \u2013 l\u2019hon. Colin Deacon, s\u00e9nateur<\/strong><\/p>\n<p>-30-<\/p>\n<p>Pour plus d&rsquo;informations :<\/p>\n<p>Bureau de la s\u00e9natrice Amina Gerba |343-552-2499 |\u00a0<a href=\"mailto:Amina.Gerba@sen.parl.gc.ca\">Amina.Gerba@sen.parl.gc.ca<\/a><br \/>\nBureau du s\u00e9nateur Colin Deacon | 613-943-3735 |\u00a0<a href=\"mailto:Colin.Deacon@sen.parl.gc.ca\">Colin.Deacon@sen.parl.gc.ca<\/a><\/p>\n","protected":false},"excerpt":{"rendered":"<p>Ottawa, le 29 f\u00e9vrier 2024 \u2013 Aujourd&rsquo;hui, la s\u00e9natrice Amina Gerba et le s\u00e9nateur Colin Deacon ont publi\u00e9 un nouveau rapport intitul\u00e9 \u00ab\u00a0Progr\u00e8s r\u00e9alis\u00e9s par les initiatives visant \u00e0 aider les entrepreneurs noirs \u00bb, qui cherche \u00e0 dresser un \u00e9tat des lieux des mesures en faveur des entrepreneurs noirs, \u00e0 en r\u00e9aliser un diagnostic et&#8230;<\/p>\n","protected":false},"author":3,"featured_media":2038,"comment_status":"closed","ping_status":"closed","sticky":false,"template":"","format":"standard","meta":{"_acf_changed":false,"wds_primary_category":78,"footnotes":""},"categories":[78],"tags":[],"senator_posts":[117],"class_list":["post-15842","post","type-post","status-publish","format-standard","has-post-thumbnail","hentry","category-nouvelles","senator_posts-l-hon-amina-gerba"],"acf":[],"_links":{"self":[{"href":"https:\/\/theprogressives.ca\/fr\/wp-json\/wp\/v2\/posts\/15842","targetHints":{"allow":["GET"]}}],"collection":[{"href":"https:\/\/theprogressives.ca\/fr\/wp-json\/wp\/v2\/posts"}],"about":[{"href":"https:\/\/theprogressives.ca\/fr\/wp-json\/wp\/v2\/types\/post"}],"author":[{"embeddable":true,"href":"https:\/\/theprogressives.ca\/fr\/wp-json\/wp\/v2\/users\/3"}],"replies":[{"embeddable":true,"href":"https:\/\/theprogressives.ca\/fr\/wp-json\/wp\/v2\/comments?post=15842"}],"version-history":[{"count":0,"href":"https:\/\/theprogressives.ca\/fr\/wp-json\/wp\/v2\/posts\/15842\/revisions"}],"wp:featuredmedia":[{"embeddable":true,"href":"https:\/\/theprogressives.ca\/fr\/wp-json\/wp\/v2\/media\/2038"}],"wp:attachment":[{"href":"https:\/\/theprogressives.ca\/fr\/wp-json\/wp\/v2\/media?parent=15842"}],"wp:term":[{"taxonomy":"category","embeddable":true,"href":"https:\/\/theprogressives.ca\/fr\/wp-json\/wp\/v2\/categories?post=15842"},{"taxonomy":"post_tag","embeddable":true,"href":"https:\/\/theprogressives.ca\/fr\/wp-json\/wp\/v2\/tags?post=15842"},{"taxonomy":"senator_posts","embeddable":true,"href":"https:\/\/theprogressives.ca\/fr\/wp-json\/wp\/v2\/senator_posts?post=15842"}],"curies":[{"name":"wp","href":"https:\/\/api.w.org\/{rel}","templated":true}]}}