{"id":15746,"date":"2024-02-15T15:55:51","date_gmt":"2024-02-15T20:55:51","guid":{"rendered":"https:\/\/theprogressives.ca\/?p=15746"},"modified":"2024-02-16T15:59:10","modified_gmt":"2024-02-16T20:59:10","slug":"periode-des-questions-ministerielle-la-communication-des-renseignements","status":"publish","type":"post","link":"https:\/\/theprogressives.ca\/fr\/au-senat\/periode-de-questions\/periode-des-questions-ministerielle-la-communication-des-renseignements\/","title":{"rendered":"P\u00e9riode des questions minist\u00e9rielle : La communication des renseignements"},"content":{"rendered":"<p><iframe title=\"Le s\u00e9nateur Cuzner interroge la ministre Petitpas Taylor sur la communication des rensignements (FR)\" width=\"480\" height=\"360\" data-src=\"https:\/\/www.youtube.com\/embed\/eLY6sXhd2f0?feature=oembed\" frameborder=\"0\" allow=\"accelerometer; autoplay; clipboard-write; encrypted-media; gyroscope; picture-in-picture; web-share\" allowfullscreen src=\"data:image\/svg+xml;base64,PHN2ZyB3aWR0aD0iMSIgaGVpZ2h0PSIxIiB4bWxucz0iaHR0cDovL3d3dy53My5vcmcvMjAwMC9zdmciPjwvc3ZnPg==\" class=\"lazyload\" data-load-mode=\"1\"><\/iframe><\/p>\n<p><b>L\u2019honorable Rodger Cuzner :\u00a0<\/b>Merci. Je suis heureux de revoir mon amie et ancienne coll\u00e8gue.<\/p>\n<p>Je voudrais moi aussi m\u2019exprimer sur l\u2019enqu\u00eate Desmond et sur la r\u00e9cente \u00e9tude qui a \u00e9t\u00e9 d\u00e9pos\u00e9e.<\/p>\n<p>En\u00a0d\u00e9cembre\u00a02015, le caporal Lionel Desmond s\u2019est vu retirer son permis de port d\u2019arme apr\u00e8s avoir \u00e9t\u00e9 arr\u00eat\u00e9 \u00e0 la suite d\u2019une dispute conjugale avec son \u00e9pouse.<\/p>\n<p>Cinq mois plus tard, en\u00a0mai\u00a02016, son permis a \u00e9t\u00e9 r\u00e9tabli, m\u00eame s\u2019il participait \u00e0 un programme de soins financ\u00e9 par le gouvernement f\u00e9d\u00e9ral. Dans le cadre de l\u2019enqu\u00eate, le personnel a d\u00e9clar\u00e9 qu\u2019\u00e0 ce moment particulier, M.\u00a0Desmond \u00e9tait instable mentalement.<\/p>\n<p>Ma question porte sur la cha\u00eene de communication et sur les lacunes\u00a0\u2014 ou, comme l\u2019a dit la s\u00e9natrice Patterson, sur le cloisonnement\u00a0\u2014 dans la transmission de l\u2019information entre les responsables du dossier au minist\u00e8re des Anciens combattants, les travailleurs en sant\u00e9 mentale et les travailleurs de premi\u00e8re ligne. Avez-vous vu cela avant que le rapport d\u2019enqu\u00eate soit d\u00e9pos\u00e9?<\/p>\n<p><b>L\u2019honorable Ginette Petitpas Taylor, c.p., d\u00e9put\u00e9e, ministre des Anciens Combattants et ministre associ\u00e9e de la D\u00e9fense nationale :\u00a0<\/b>Merci beaucoup de votre question, s\u00e9nateur Cuzner.<\/p>\n<p>Je le r\u00e9p\u00e8te, ce qui s\u2019est produit \u00e0 Upper Big Tracadie, en Nouvelle-\u00c9cosse, est tout simplement tragique. Nous sommes de tout c\u0153ur avec les familles et les membres de la communaut\u00e9 qui ont \u00e9t\u00e9 touch\u00e9s par cette trag\u00e9die.<\/p>\n<p>Comme je l\u2019ai indiqu\u00e9, le juge charg\u00e9 de l\u2019enqu\u00eate a publi\u00e9 un long rapport. On y trouve trois recommandations sp\u00e9cifiques \u00e0 Anciens Combattants Canada\u00a0: premi\u00e8rement, qu\u2019on affecte un gestionnaire de cas aux militaires quittant les Forces arm\u00e9es canadiennes; deuxi\u00e8mement, que les gens \u00e0 qui on a diagnostiqu\u00e9 un \u00e9tat de stress post-traumatique ou d\u2019autres probl\u00e8mes de sant\u00e9 re\u00e7oivent une copie de leur dossier m\u00e9dical, qu\u2019on int\u00e9grera aux dossiers de la Nouvelle-\u00c9cosse; et, troisi\u00e8mement, que les gouvernements provinciaux et f\u00e9d\u00e9ral du pays am\u00e9liorent le transfert de leurs dossiers m\u00e9dicaux dans leurs registres des dossiers respectifs. Nous sommes conscients que des lacunes concernant la communication de l\u2019information et les dossiers m\u00e9dicaux ont \u00e9t\u00e9 signal\u00e9es dans le cadre de l\u2019enqu\u00eate.<\/p>\n<p>Mon minist\u00e8re examine en profondeur ces recommandations et esp\u00e8re fournir plus de d\u00e9tails \u00e0 ce sujet dans les semaines \u00e0 venir.<\/p>\n<p>Je tiens \u00e0 ajouter que peu apr\u00e8s la sortie du rapport d\u2019enqu\u00eate, j\u2019ai\u00a0communiqu\u00e9 avec les repr\u00e9sentants de la Province de la Nouvelle\u2011\u00c9cosse parce que, encore une fois, le rapport ne contient pas seulement des recommandations pour le minist\u00e8re des Anciens Combattants, mais aussi pour le gouvernement de cette province. Nous cherchons \u00e0 faire tout en notre pouvoir pour \u00e9viter qu\u2019une telle trag\u00e9die ne se reproduise.<\/p>\n<p><b>Le s\u00e9nateur Cuzner :\u00a0<\/b>Merci beaucoup. Je regrette de devoir \u00eatre r\u00e9primand\u00e9 par la Pr\u00e9sidente.<\/p>\n<p>Madame la ministre, la recommandation 12 dit qu\u2019il faut veiller \u00e0 ce que les intervenants de premi\u00e8re ligne de divers syst\u00e8mes\u00a0\u2014 y compris les professionnels de la sant\u00e9, de la sant\u00e9 mentale et de la sensibilisation \u00e0 la sant\u00e9 mentale, les services sociaux et les intervenants du syst\u00e8me de justice\u00a0\u2014 disposent des donn\u00e9es les plus r\u00e9centes, particuli\u00e8rement en ce qui a trait \u00e0 la violence entre partenaires intimes, et \u00e0 ce qu\u2019ils \u00e9laborent des \u00e9valuations des risques et des plans d\u2019att\u00e9nuation des risques dans l\u2019avenir.<\/p>\n<p>L\u2019\u00e9tude a d\u00fb mettre tout cela en lumi\u00e8re, mais il doit y avoir eu des discussions au sein du minist\u00e8re au sujet de ces lacunes en mati\u00e8re d\u2019information. Des mesures ont-elles \u00e9t\u00e9 prises avant l\u2019\u00e9tude?<\/p>\n<p><b>Mme\u00a0Petitpas Taylor :\u00a0<\/b>Encore une fois, je vous remercie, s\u00e9nateur Cuzner.<\/p>\n<p>En ce qui concerne votre question, tout d\u2019abord, je tiens \u00e0 pr\u00e9ciser que nous avons certainement suivi l\u2019enqu\u00eate de pr\u00e8s. Nous n\u2019avons pas attendu la pr\u00e9sentation des r\u00e9sultats de l\u2019enqu\u00eate et du rapport. Nous avons apport\u00e9 certains changements au sein d\u2019Anciens Combattants Canada, notamment en ce qui concerne les services de sant\u00e9 mentale.<\/p>\n<p>Encore une fois, nous devons nous pencher de pr\u00e8s sur ces recommandations et montrer que nous sommes pr\u00eats \u00e0 faire tout en notre pouvoir pour \u00e9viter que ce genre de trag\u00e9die se reproduise. L\u2019\u00e9change de renseignements est certainement un \u00e9l\u00e9ment cl\u00e9 des recommandations que nous devrons examiner de tr\u00e8s pr\u00e8s.<\/p>\n","protected":false},"excerpt":{"rendered":"<p>L\u2019honorable Rodger Cuzner :\u00a0Merci. Je suis heureux de revoir mon amie et ancienne coll\u00e8gue. Je voudrais moi aussi m\u2019exprimer sur l\u2019enqu\u00eate Desmond et sur la r\u00e9cente \u00e9tude qui a \u00e9t\u00e9 d\u00e9pos\u00e9e. En\u00a0d\u00e9cembre\u00a02015, le caporal Lionel Desmond s\u2019est vu retirer son permis de port d\u2019arme apr\u00e8s avoir \u00e9t\u00e9 arr\u00eat\u00e9 \u00e0 la suite d\u2019une dispute conjugale avec&#8230;<\/p>\n","protected":false},"author":3,"featured_media":1910,"comment_status":"closed","ping_status":"closed","sticky":false,"template":"","format":"standard","meta":{"_acf_changed":false,"wds_primary_category":97,"footnotes":""},"categories":[97],"tags":[],"senator_posts":[182],"class_list":["post-15746","post","type-post","status-publish","format-standard","has-post-thumbnail","hentry","category-periode-de-questions","senator_posts-l-hon-rodger-cuzner"],"acf":[],"_links":{"self":[{"href":"https:\/\/theprogressives.ca\/fr\/wp-json\/wp\/v2\/posts\/15746","targetHints":{"allow":["GET"]}}],"collection":[{"href":"https:\/\/theprogressives.ca\/fr\/wp-json\/wp\/v2\/posts"}],"about":[{"href":"https:\/\/theprogressives.ca\/fr\/wp-json\/wp\/v2\/types\/post"}],"author":[{"embeddable":true,"href":"https:\/\/theprogressives.ca\/fr\/wp-json\/wp\/v2\/users\/3"}],"replies":[{"embeddable":true,"href":"https:\/\/theprogressives.ca\/fr\/wp-json\/wp\/v2\/comments?post=15746"}],"version-history":[{"count":0,"href":"https:\/\/theprogressives.ca\/fr\/wp-json\/wp\/v2\/posts\/15746\/revisions"}],"wp:featuredmedia":[{"embeddable":true,"href":"https:\/\/theprogressives.ca\/fr\/wp-json\/wp\/v2\/media\/1910"}],"wp:attachment":[{"href":"https:\/\/theprogressives.ca\/fr\/wp-json\/wp\/v2\/media?parent=15746"}],"wp:term":[{"taxonomy":"category","embeddable":true,"href":"https:\/\/theprogressives.ca\/fr\/wp-json\/wp\/v2\/categories?post=15746"},{"taxonomy":"post_tag","embeddable":true,"href":"https:\/\/theprogressives.ca\/fr\/wp-json\/wp\/v2\/tags?post=15746"},{"taxonomy":"senator_posts","embeddable":true,"href":"https:\/\/theprogressives.ca\/fr\/wp-json\/wp\/v2\/senator_posts?post=15746"}],"curies":[{"name":"wp","href":"https:\/\/api.w.org\/{rel}","templated":true}]}}