{"id":15526,"date":"2024-01-31T14:36:57","date_gmt":"2024-01-31T19:36:57","guid":{"rendered":"https:\/\/theprogressives.ca\/?p=15526"},"modified":"2024-02-02T14:41:08","modified_gmt":"2024-02-02T19:41:08","slug":"resoudre-la-crise-du-logement-la-collaboration-des-gouvernements-et-des-parties-prenantes-est-essentielle","status":"publish","type":"post","link":"https:\/\/theprogressives.ca\/fr\/nouvelles\/resoudre-la-crise-du-logement-la-collaboration-des-gouvernements-et-des-parties-prenantes-est-essentielle\/","title":{"rendered":"R\u00e9soudre la crise du logement : La collaboration des gouvernements et des parties prenantes est essentielle"},"content":{"rendered":"<p>Le Canada est aux prises avec une \u00ab\u00a0crise du logement\u00a0\u00bb sans pr\u00e9c\u00e9dent. Selon la plus r\u00e9cente \u00e9valuation de la Soci\u00e9t\u00e9 canadienne d\u2019hypoth\u00e8ques et de logement (SCHL) \u00ab\u00a0le Canada aura besoin de 3,5\u00a0millions de logements en plus de ceux d\u00e9j\u00e0 en construction, pour r\u00e9tablir l\u2019abordabilit\u00e9\u00a0\u00bb de sorte que le taux de construction de logements devra plus que tripler pour atteindre <a href=\"https:\/\/www.cmhc-schl.gc.ca\/professionnels\/marche-du-logement-donnees-et-recherche\/recherche-sur-le-logement\/rapports-de-recherche-en-habitation\/accroitre-loffre-de-logements\/penurie-logements-canada-mise-a-jour-sur-quantite-necessaire-ici-2030\" target=\"_blank\" rel=\"noopener\">son objectif d\u2019accessibilit\u00e9 d\u2019ici \u00e0 2030<\/a>. Et au rythme o\u00f9 vont les choses, cette crise n\u2019est pas pr\u00eate \u00e0 se r\u00e9sorber.<\/p>\n<p>Quel est le r\u00f4le du gouvernement f\u00e9d\u00e9ral dans cette crise ? Y r\u00e9pondre en mettant seulement plus d\u2019argent dans les mains des contribuables, ne r\u00e9soudra pas le probl\u00e8me. Cela risque au contraire d\u2019alimenter l\u2019inflation dans ce secteur. Des programmes de subventions, des incitatifs fiscaux, des micromesures et raviver des projets datant de l\u2019apr\u00e8s-guerre ne suffiront pas. Nous devons stimuler l\u2019innovation dans le secteur du logement et faire face \u00e0 l\u2019important d\u00e9fi de la p\u00e9nurie de main-d\u2019\u0153uvre dans le secteur de la construction. Et cette innovation ne sera pas qu\u2019\u00e9conomique, technologique et administrative. Elle sera aussi sociale, car il s\u2019agit de mobiliser de nombreux acteurs.<\/p>\n<p>Pour r\u00e9pondre \u00e0 la crise du logement, le Canada a besoin de la contribution de plusieurs acteurs relevant de plusieurs juridictions et d\u2019une strat\u00e9gie qui comporte de nombreux \u00e9l\u00e9ments. La feuille de route ne peut pas \u00eatre \u00e9labor\u00e9e en vase clos, dans des officines minist\u00e9rielles. Seule une table ronde permanente de groupes d\u2019intervenants incluant des repr\u00e9sentants provinciaux pourrait y arriver. Et il revient au gouvernement f\u00e9d\u00e9ral d\u2019exercer le leadership en instituant un tel lieu de concertation. \u00c0 ce jour, aucun ministre ni aucune agence ne semble avoir ce mandat.<\/p>\n<p>En outre, la p\u00e9nurie de main-d\u2019\u0153uvre dans le secteur de la construction est un probl\u00e8me incontournable. Et c\u2019est probablement par l\u00e0 qu\u2019il faut commencer car il qu\u2019une main-d\u2019\u0153uvre soit disponible pour les logements. Et ce n\u2019est pas seulement une question d\u2019argent. Recruter de la main-d\u2019\u0153uvre et d\u00e9velopper des comp\u00e9tences prend du temps. Attirer et retenir une nouvelle main-d\u2019\u0153uvre dans les m\u00e9tiers en p\u00e9nurie est devenue un d\u00e9fi colossal car ils ne sont pas les seuls \u00e0 faire face au d\u00e9fi. Les centres de formation peinent \u00e9galement \u00e0 recruter des professeurs. Il est aussi devenu de plus en plus difficile de trouver et lib\u00e9rer du temps de compagnons pour soutenir les apprentis.<\/p>\n<p>Comment le gouvernement du Canada peut-il agir ? D\u2019abord, il n\u2019y a pas d\u2019institution de concertation permanente entre les provinces et entre les acteurs \u00e9conomiques du secteur. Pourtant de telles institutions existent dans plusieurs autres pays et pas au Canada?<\/p>\n<p>Le programme de l\u2019assurance-emploi auquel les travailleurs et les entreprises contribuent plus de 27G constitue demeure un pivot dans la gestion des ressources humaines au Canada, en particulier dans les secteurs saisonniers comme la construction. L\u2019assurance-emploi joue aussi un r\u00f4le central dans le financement de la formation de la main-d\u2019\u0153uvre et le soutien du revenu des apprentis. Comment se fait-il, d\u00e8s lors, qu\u2019au Canada, l\u2019assurance-emploi soit enti\u00e8rement sous le contr\u00f4le politique du gouvernement ? Pourtant, lors de son adoption gr\u00e2ce \u00e0 une modification constitutionnelle en 1940, il \u00e9tait clair que l\u2019efficacit\u00e9 du programme reposait sur la participation des acteurs que sont les repr\u00e9sentants des employ\u00e9s et des entreprises.<\/p>\n<p>Les grandes associations d\u2019entreprises et de travailleurs parlent d\u2019une voix \u00a0et souhaitent la cr\u00e9ation d\u2019un conseil aviseur \u00e0 la commission de l\u2019AE afin justement que le programme puisse mieux r\u00e9pondre aux besoins de la main-d\u2019\u0153uvre d\u2019aujourd\u2019hui pour s\u2019adapter aux n\u00e9cessit\u00e9s actuelles et futures.<\/p>\n<p>La concertation entre les gouvernements et les acteurs est un outil de choix collectif que le gouvernement f\u00e9d\u00e9ral doit initier et soutenir, car elle permet d\u2019identifier les meilleures fa\u00e7ons de faire et de les implanter. C\u2019est un outil efficace pour assurer une croissance \u00e9conomique non inflationniste. Si le gouvernement f\u00e9d\u00e9ral intervient seulement en finan\u00e7ant le co\u00fbt des besoins essentiels comme le logement cette politique risque d\u2019\u00eatre un coup d\u2019\u00e9p\u00e9e dans l\u2019eau.<\/p>\n","protected":false},"excerpt":{"rendered":"<p>Le Canada est aux prises avec une \u00ab\u00a0crise du logement\u00a0\u00bb sans pr\u00e9c\u00e9dent. Selon la plus r\u00e9cente \u00e9valuation de la Soci\u00e9t\u00e9 canadienne d\u2019hypoth\u00e8ques et de logement (SCHL) \u00ab\u00a0le Canada aura besoin de 3,5\u00a0millions de logements en plus de ceux d\u00e9j\u00e0 en construction, pour r\u00e9tablir l\u2019abordabilit\u00e9\u00a0\u00bb de sorte que le taux de construction de logements devra plus&#8230;<\/p>\n","protected":false},"author":3,"featured_media":1982,"comment_status":"closed","ping_status":"closed","sticky":false,"template":"","format":"standard","meta":{"_acf_changed":false,"wds_primary_category":78,"footnotes":""},"categories":[78],"tags":[],"senator_posts":[119],"class_list":["post-15526","post","type-post","status-publish","format-standard","has-post-thumbnail","hentry","category-nouvelles","senator_posts-l-hon-diane-bellemare"],"acf":[],"_links":{"self":[{"href":"https:\/\/theprogressives.ca\/fr\/wp-json\/wp\/v2\/posts\/15526","targetHints":{"allow":["GET"]}}],"collection":[{"href":"https:\/\/theprogressives.ca\/fr\/wp-json\/wp\/v2\/posts"}],"about":[{"href":"https:\/\/theprogressives.ca\/fr\/wp-json\/wp\/v2\/types\/post"}],"author":[{"embeddable":true,"href":"https:\/\/theprogressives.ca\/fr\/wp-json\/wp\/v2\/users\/3"}],"replies":[{"embeddable":true,"href":"https:\/\/theprogressives.ca\/fr\/wp-json\/wp\/v2\/comments?post=15526"}],"version-history":[{"count":0,"href":"https:\/\/theprogressives.ca\/fr\/wp-json\/wp\/v2\/posts\/15526\/revisions"}],"wp:featuredmedia":[{"embeddable":true,"href":"https:\/\/theprogressives.ca\/fr\/wp-json\/wp\/v2\/media\/1982"}],"wp:attachment":[{"href":"https:\/\/theprogressives.ca\/fr\/wp-json\/wp\/v2\/media?parent=15526"}],"wp:term":[{"taxonomy":"category","embeddable":true,"href":"https:\/\/theprogressives.ca\/fr\/wp-json\/wp\/v2\/categories?post=15526"},{"taxonomy":"post_tag","embeddable":true,"href":"https:\/\/theprogressives.ca\/fr\/wp-json\/wp\/v2\/tags?post=15526"},{"taxonomy":"senator_posts","embeddable":true,"href":"https:\/\/theprogressives.ca\/fr\/wp-json\/wp\/v2\/senator_posts?post=15526"}],"curies":[{"name":"wp","href":"https:\/\/api.w.org\/{rel}","templated":true}]}}