{"id":14595,"date":"2023-09-28T16:06:16","date_gmt":"2023-09-28T20:06:16","guid":{"rendered":"https:\/\/theprogressives.ca\/?p=14595"},"modified":"2023-10-04T09:45:27","modified_gmt":"2023-10-04T13:45:27","slug":"periode-des-questions-la-convention-de-reglement-relative-aux-pensionnats-indiens","status":"publish","type":"post","link":"https:\/\/theprogressives.ca\/fr\/au-senat\/periode-de-questions\/periode-des-questions-la-convention-de-reglement-relative-aux-pensionnats-indiens\/","title":{"rendered":"P\u00e9riode des questions : La Convention de r\u00e8glement relative aux pensionnats indiens"},"content":{"rendered":"<p><iframe title=\"Le s\u00e9nateur Francis s&#039;interroge sur la Convention de r\u00e8glement relative aux pensionnats indiens (FR)\" width=\"640\" height=\"360\" data-src=\"https:\/\/www.youtube.com\/embed\/svICMXLphq8?feature=oembed\" frameborder=\"0\" allow=\"accelerometer; autoplay; clipboard-write; encrypted-media; gyroscope; picture-in-picture; web-share\" allowfullscreen src=\"data:image\/svg+xml;base64,PHN2ZyB3aWR0aD0iMSIgaGVpZ2h0PSIxIiB4bWxucz0iaHR0cDovL3d3dy53My5vcmcvMjAwMC9zdmciPjwvc3ZnPg==\" class=\"lazyload\" data-load-mode=\"1\"><\/iframe><\/p>\n<p><b>L\u2019honorable Brian Francis :\u00a0<\/b>Ma question s\u2019adresse au repr\u00e9sentant du gouvernement au S\u00e9nat.<\/p>\n<p>Les survivants du pensionnat St.\u00a0Anne ont pass\u00e9 des ann\u00e9es \u00e0 se battre pour reprendre l\u2019examen des r\u00e9clamations d\u00e9pos\u00e9es dans le cadre du Processus d\u2019\u00e9valuation ind\u00e9pendant, qui a \u00e9t\u00e9 mis en place afin de r\u00e9gler les r\u00e9clamations pour s\u00e9vices sexuels, psychologiques ou physiques graves conform\u00e9ment \u00e0 la \u200bConvention de r\u00e8glement relative aux pensionnats indiens. Or, le gouvernement du Canada a d\u00e9pens\u00e9 des millions pour se battre contre les survivants devant les tribunaux et il refuse de divulguer les documents qui pourraient corroborer les r\u00e9clamations de s\u00e9vices qui ont \u00e9t\u00e9 pr\u00e9c\u00e9demment rejet\u00e9es par les adjudicateurs qui d\u00e9cident du montant des indemnit\u00e9s.<\/p>\n<p>En pr\u00e9vision de la Journ\u00e9e nationale de la v\u00e9rit\u00e9 et de la r\u00e9conciliation, je pose la question suivante\u00a0: le gouvernement du Canada mettra-t-il fin aux poursuites engag\u00e9es contre les survivants du pensionnat St.\u00a0Anne et divulguera-t-il tous les documents pertinents?<\/p>\n<p><b>L\u2019honorable Marc Gold (repr\u00e9sentant du gouvernement au S\u00e9nat) :\u00a0<\/b>Je vous remercie de votre question. Elle souligne qu\u2019il y a encore beaucoup de travail \u00e0 faire de part et d\u2019autre. \u00c0 cet \u00e9gard, je ne connais pas la r\u00e9ponse \u00e0 votre question, mais je ne manquerai pas de porter cette pr\u00e9occupation importante \u00e0 l\u2019attention du ministre comp\u00e9tent.<\/p>\n<p>&nbsp;<\/p>\n","protected":false},"excerpt":{"rendered":"<p>L\u2019honorable Brian Francis :\u00a0Ma question s\u2019adresse au repr\u00e9sentant du gouvernement au S\u00e9nat. Les survivants du pensionnat St.\u00a0Anne ont pass\u00e9 des ann\u00e9es \u00e0 se battre pour reprendre l\u2019examen des r\u00e9clamations d\u00e9pos\u00e9es dans le cadre du Processus d\u2019\u00e9valuation ind\u00e9pendant, qui a \u00e9t\u00e9 mis en place afin de r\u00e9gler les r\u00e9clamations pour s\u00e9vices sexuels, psychologiques ou physiques graves&#8230;<\/p>\n","protected":false},"author":3,"featured_media":1904,"comment_status":"closed","ping_status":"closed","sticky":false,"template":"","format":"standard","meta":{"_acf_changed":false,"wds_primary_category":97,"footnotes":""},"categories":[97],"tags":[],"senator_posts":[29],"class_list":["post-14595","post","type-post","status-publish","format-standard","has-post-thumbnail","hentry","category-periode-de-questions","senator_posts-l-hon-brian-francis"],"acf":[],"_links":{"self":[{"href":"https:\/\/theprogressives.ca\/fr\/wp-json\/wp\/v2\/posts\/14595","targetHints":{"allow":["GET"]}}],"collection":[{"href":"https:\/\/theprogressives.ca\/fr\/wp-json\/wp\/v2\/posts"}],"about":[{"href":"https:\/\/theprogressives.ca\/fr\/wp-json\/wp\/v2\/types\/post"}],"author":[{"embeddable":true,"href":"https:\/\/theprogressives.ca\/fr\/wp-json\/wp\/v2\/users\/3"}],"replies":[{"embeddable":true,"href":"https:\/\/theprogressives.ca\/fr\/wp-json\/wp\/v2\/comments?post=14595"}],"version-history":[{"count":0,"href":"https:\/\/theprogressives.ca\/fr\/wp-json\/wp\/v2\/posts\/14595\/revisions"}],"wp:featuredmedia":[{"embeddable":true,"href":"https:\/\/theprogressives.ca\/fr\/wp-json\/wp\/v2\/media\/1904"}],"wp:attachment":[{"href":"https:\/\/theprogressives.ca\/fr\/wp-json\/wp\/v2\/media?parent=14595"}],"wp:term":[{"taxonomy":"category","embeddable":true,"href":"https:\/\/theprogressives.ca\/fr\/wp-json\/wp\/v2\/categories?post=14595"},{"taxonomy":"post_tag","embeddable":true,"href":"https:\/\/theprogressives.ca\/fr\/wp-json\/wp\/v2\/tags?post=14595"},{"taxonomy":"senator_posts","embeddable":true,"href":"https:\/\/theprogressives.ca\/fr\/wp-json\/wp\/v2\/senator_posts?post=14595"}],"curies":[{"name":"wp","href":"https:\/\/api.w.org\/{rel}","templated":true}]}}