{"id":14544,"date":"2023-09-26T16:47:56","date_gmt":"2023-09-26T20:47:56","guid":{"rendered":"https:\/\/theprogressives.ca\/?p=14544"},"modified":"2023-12-12T14:58:56","modified_gmt":"2023-12-12T19:58:56","slug":"proteger-la-gestion-de-loffre-un-enjeu-de-souverainete-alimentaire","status":"publish","type":"post","link":"https:\/\/theprogressives.ca\/fr\/nouvelles\/proteger-la-gestion-de-loffre-un-enjeu-de-souverainete-alimentaire\/","title":{"rendered":"PROT\u00c9GER LA GESTION DE L\u2019OFFRE : Un enjeu de souverainet\u00e9 alimentaire"},"content":{"rendered":"<p><strong>Ottawa 26 septembre 2023.<\/strong> Prenant le relais des 262 d\u00e9put\u00e9s de la Chambre des communes, soit pr\u00e8s de 80% de la totalit\u00e9 de la d\u00e9putation, la s\u00e9natrice qu\u00e9b\u00e9coise Amina Gerba a port\u00e9 la cause de la Gestion de l\u2019offre au S\u00e9nat en marrainant le projet de loi C-282 visant \u00e0 renforcer la protection d\u2019une politique essentielle pour les Canadiens.<\/p>\n<p>Dans son discours, la s\u00e9natrice a rappel\u00e9 l\u2019impact de cette politique qui \u00e9tend sa protection dans toutes les r\u00e9gions du pays. Elle a aussi rappel\u00e9 que la politique de la gestion de l\u2019offre assure des revenus cons\u00e9quents aux producteurs agricoles et des produits de qualit\u00e9 aux consommateurs canadiens. De m\u00eame, elle a soulign\u00e9 que cette politique contribue fortement au maintien de l\u2019activit\u00e9 \u00e9conomique dans de nombreuses r\u00e9gions rurales qui autrement seraient emport\u00e9es par le cycle de la d\u00e9croissance. Plus encore, a d\u00e9clar\u00e9 la S\u00e9natrice Gerba, la protection de la gestion de l\u2019offre est aujourd\u2019hui, plus que jamais, un enjeu de souverainet\u00e9 alimentaire\u00a0:<\/p>\n<p>\u00ab\u00a0<em>La crise sanitaire de la COVID-19 nous a permis de constater le fl\u00e9au que constituait la d\u00e9localisation de notre production. Cette p\u00e9riode a jet\u00e9 une lumi\u00e8re crue sur des d\u00e9pendances dont nous n\u2019avions aucune id\u00e9e. Elle a montr\u00e9 l\u2019imp\u00e9rieuse n\u00e9cessit\u00e9 de b\u00e2tir des cha\u00eenes d\u2019approvisionnement locales et r\u00e9silientes autour des biens communs essentiels comme la sant\u00e9, l\u2019\u00e9ducation, le transport, la communication, la s\u00e9curit\u00e9 et l\u2019alimentation\u00a0\u00bb.<\/em><\/p>\n<p>Depuis plus de 50 ans, la politique de la gestion de l\u2019offre est destin\u00e9e \u00e0 prot\u00e9ger les march\u00e9s agricoles contre les fluctuations des prix. Elle couvre les march\u00e9s du lait, des \u0153ufs (de consommation et d\u2019incubation) et de la volaille. Ces secteurs sous gestion de l\u2019offre totalisent pr\u00e8s de<strong> 350 000 emplois, <\/strong>contribuent \u00e0 hauteur de 30 milliards au PIB canadien et g\u00e9n\u00e8rent 7 milliards de recettes fiscales.<\/p>\n<p>Le projet de loi, intitul\u00e9 <strong><em>Loi modifiant la Loi sur le minist\u00e8re des Affaires \u00e9trang\u00e8res, du Commerce et du D\u00e9veloppement (gestion de l\u2019offre)<\/em><\/strong><em>,<\/em> vise la sauvegarde int\u00e9grale du dispositif de la gestion de l\u2019offre. Dans toutes les n\u00e9gociations commerciales \u00e0 venir, le ministre responsable du commerce international devra s\u2019abstenir de porter atteinte \u00e0 la gestion de l\u2019offre qui ne pourra pas servir de monnaie d\u2019\u00e9change. Ainsi extraite des n\u00e9gociations internationales, cette politique essentielle pour les Canadiens sera pr\u00e9serv\u00e9e et ses b\u00e9n\u00e9fices \u00e9conomiques, sociaux et r\u00e9gionaux p\u00e9rennis\u00e9s.<\/p>\n<p>L\u2018\u00e9rosion de la politique de la gestion de l\u2019offre qui s\u2019est produite lors des 3 derni\u00e8res n\u00e9gociations des trait\u00e9s de libre-\u00e9change, \u00e0 savoir le Partenariat transpacifique global et progressiste (PTPGP), l\u2019Accord \u00e9conomique et commercial global (AECG) et l\u2019Accord Canada-\u00c9tats-Unis-Mexique (ACEUM) ne pourra plus se produire dans l\u2019avenir. La gestion de l\u2019offre b\u00e9n\u00e9ficiera de la protection pleine et enti\u00e8re que lui conf\u00e8re le projet de loi.<\/p>\n<p>La s\u00e9natrice Gerba a soutenu avec force que la gestion de l\u2019offre permet, entre autres, de reconnaitre le travail exigeant des producteurs agricoles et l\u2019importance \u00e9conomique et sociale de leur domaine d\u2019activit\u00e9. De plus, elle permet un mod\u00e8le de ferme familiale, vient en appui \u00e0 une agriculture \u00e0 \u00e9chelle humaine et aux circuits courts qui r\u00e9duit l\u2019empreinte carbone du Canada et \u00e9tend la vitalit\u00e9 \u00e9conomique du pays sur l\u2019ensemble du territoire.<\/p>\n<p>-30 &#8211;<\/p>\n<p>Contact\u00a0:<\/p>\n<p>Bureau de l\u2019Honorable Amina Gerba<br \/>\nS\u00c9NAT DU CANADA<br \/>\nCourriel: <a href=\"mailto:Amina.Gerba@sen.parl.gc.ca\">Amina.Gerba@sen.parl.gc.ca<\/a><\/p>\n","protected":false},"excerpt":{"rendered":"<p>Ottawa 26 septembre 2023. Prenant le relais des 262 d\u00e9put\u00e9s de la Chambre des communes, soit pr\u00e8s de 80% de la totalit\u00e9 de la d\u00e9putation, la s\u00e9natrice qu\u00e9b\u00e9coise Amina Gerba a port\u00e9 la cause de la Gestion de l\u2019offre au S\u00e9nat en marrainant le projet de loi C-282 visant \u00e0 renforcer la protection d\u2019une politique&#8230;<\/p>\n","protected":false},"author":3,"featured_media":2030,"comment_status":"closed","ping_status":"closed","sticky":false,"template":"","format":"standard","meta":{"_acf_changed":false,"wds_primary_category":78,"footnotes":""},"categories":[78],"tags":[],"senator_posts":[117],"class_list":["post-14544","post","type-post","status-publish","format-standard","has-post-thumbnail","hentry","category-nouvelles","senator_posts-l-hon-amina-gerba"],"acf":[],"_links":{"self":[{"href":"https:\/\/theprogressives.ca\/fr\/wp-json\/wp\/v2\/posts\/14544","targetHints":{"allow":["GET"]}}],"collection":[{"href":"https:\/\/theprogressives.ca\/fr\/wp-json\/wp\/v2\/posts"}],"about":[{"href":"https:\/\/theprogressives.ca\/fr\/wp-json\/wp\/v2\/types\/post"}],"author":[{"embeddable":true,"href":"https:\/\/theprogressives.ca\/fr\/wp-json\/wp\/v2\/users\/3"}],"replies":[{"embeddable":true,"href":"https:\/\/theprogressives.ca\/fr\/wp-json\/wp\/v2\/comments?post=14544"}],"version-history":[{"count":0,"href":"https:\/\/theprogressives.ca\/fr\/wp-json\/wp\/v2\/posts\/14544\/revisions"}],"wp:featuredmedia":[{"embeddable":true,"href":"https:\/\/theprogressives.ca\/fr\/wp-json\/wp\/v2\/media\/2030"}],"wp:attachment":[{"href":"https:\/\/theprogressives.ca\/fr\/wp-json\/wp\/v2\/media?parent=14544"}],"wp:term":[{"taxonomy":"category","embeddable":true,"href":"https:\/\/theprogressives.ca\/fr\/wp-json\/wp\/v2\/categories?post=14544"},{"taxonomy":"post_tag","embeddable":true,"href":"https:\/\/theprogressives.ca\/fr\/wp-json\/wp\/v2\/tags?post=14544"},{"taxonomy":"senator_posts","embeddable":true,"href":"https:\/\/theprogressives.ca\/fr\/wp-json\/wp\/v2\/senator_posts?post=14544"}],"curies":[{"name":"wp","href":"https:\/\/api.w.org\/{rel}","templated":true}]}}