{"id":14501,"date":"2023-09-21T09:08:24","date_gmt":"2023-09-21T13:08:24","guid":{"rendered":"https:\/\/theprogressives.ca\/?p=14501"},"modified":"2023-09-21T09:08:51","modified_gmt":"2023-09-21T13:08:51","slug":"le-groupe-progressiste-du-senat-consulte-des-experts-sur-les-communautes-sous-representees","status":"publish","type":"post","link":"https:\/\/theprogressives.ca\/fr\/nouvelles\/le-groupe-progressiste-du-senat-consulte-des-experts-sur-les-communautes-sous-representees\/","title":{"rendered":"Le Groupe progressiste du S\u00e9nat consulte des experts sur les communaut\u00e9s sous-repr\u00e9sent\u00e9es"},"content":{"rendered":"<p>OTTAWA, le 21 septembre 2023 &#8211; En pr\u00e9vision de la rentr\u00e9e s\u00e9natoriale, le Groupe progressiste du S\u00e9nat (GSP) a re\u00e7u des experts qui d\u00e9fendent les int\u00e9r\u00eats des communaut\u00e9s sous-repr\u00e9sent\u00e9es. \u00ab Un \u00e9l\u00e9ment important de notre travail en tant que s\u00e9nateurs est de donner une voix aux groupes sous-repr\u00e9sent\u00e9s, \u00bb a d\u00e9clar\u00e9 la s\u00e9natrice Amina Gerba, membre du Comit\u00e9 s\u00e9natorial permanent des droits de la personne. \u00ab Cette discussion stimulante nous a rappel\u00e9 \u00e0 tous que les enjeux sont consid\u00e9rables. \u00bb<\/p>\n<p>Les s\u00e9nateurs progressistes ont entendu Jennifer Boyce, Directrice des Communications et marketing chez Egale Canada; Kate Butler, Pr\u00e9sidente de la Coalition canadienne pour les droits des enfants; et Aviva Basman, Pr\u00e9sidente de l\u2019Association canadienne des avocats sp\u00e9cialis\u00e9s en droit des r\u00e9fugi\u00e9s. Leurs commentaires et suggestions aideront les s\u00e9nateurs \u00e0 poser des questions aux t\u00e9moins du comit\u00e9, \u00e0 examiner les projets de loi et \u00e0 proposer des mesures \u00e0 \u00e9tudier par le S\u00e9nat.<\/p>\n<p>Le Groupe progressiste du S\u00e9nat est un groupe de s\u00e9nateurs ind\u00e9pendants engag\u00e9s en faveur d&rsquo;une r\u00e9forme du S\u00e9nat, de l&rsquo;\u00e9galit\u00e9 entre les s\u00e9nateurs, des valeurs de la Charte, de la diversit\u00e9, de la r\u00e9conciliation, de l&rsquo;action climatique et de politiques visant une prosp\u00e9rit\u00e9 durable, inclusive et partag\u00e9e au Canada. Leur philosophie s&rsquo;inspire de \u00ab Mamidosewin \u00bb, le mot Algonquin\/Ojibwe qui signifie \u00ab lieu de rencontre \u00bb ou \u00ab marcher ensemble \u00bb.<\/p>\n<p style=\"text-align: center;\">\u2013 30 \u2013<\/p>\n<p><strong>Pour plus de renseignements\u00a0:<\/strong><br \/>\nHeather Forsyth<br \/>\nDirectrice des communications<br \/>\nLeader du Groupe progressiste du S\u00e9nat, S\u00e9natrice Jane Cordy<br \/>\n63-371-1254<br \/>\n<a href=\"mailto:heather.forsyth@sen.parl.gc.ca\">heather.forsyth@sen.parl.gc.ca<\/a><\/p>\n","protected":false},"excerpt":{"rendered":"<p>OTTAWA, le 21 septembre 2023 &#8211; En pr\u00e9vision de la rentr\u00e9e s\u00e9natoriale, le Groupe progressiste du S\u00e9nat (GSP) a re\u00e7u des experts qui d\u00e9fendent les int\u00e9r\u00eats des communaut\u00e9s sous-repr\u00e9sent\u00e9es. \u00ab Un \u00e9l\u00e9ment important de notre travail en tant que s\u00e9nateurs est de donner une voix aux groupes sous-repr\u00e9sent\u00e9s, \u00bb a d\u00e9clar\u00e9 la s\u00e9natrice Amina Gerba,&#8230;<\/p>\n","protected":false},"author":3,"featured_media":2006,"comment_status":"closed","ping_status":"closed","sticky":false,"template":"","format":"standard","meta":{"_acf_changed":false,"wds_primary_category":78,"footnotes":""},"categories":[78],"tags":[],"senator_posts":[41],"class_list":["post-14501","post","type-post","status-publish","format-standard","has-post-thumbnail","hentry","category-nouvelles","senator_posts-les-progressistes"],"acf":[],"_links":{"self":[{"href":"https:\/\/theprogressives.ca\/fr\/wp-json\/wp\/v2\/posts\/14501","targetHints":{"allow":["GET"]}}],"collection":[{"href":"https:\/\/theprogressives.ca\/fr\/wp-json\/wp\/v2\/posts"}],"about":[{"href":"https:\/\/theprogressives.ca\/fr\/wp-json\/wp\/v2\/types\/post"}],"author":[{"embeddable":true,"href":"https:\/\/theprogressives.ca\/fr\/wp-json\/wp\/v2\/users\/3"}],"replies":[{"embeddable":true,"href":"https:\/\/theprogressives.ca\/fr\/wp-json\/wp\/v2\/comments?post=14501"}],"version-history":[{"count":0,"href":"https:\/\/theprogressives.ca\/fr\/wp-json\/wp\/v2\/posts\/14501\/revisions"}],"wp:featuredmedia":[{"embeddable":true,"href":"https:\/\/theprogressives.ca\/fr\/wp-json\/wp\/v2\/media\/2006"}],"wp:attachment":[{"href":"https:\/\/theprogressives.ca\/fr\/wp-json\/wp\/v2\/media?parent=14501"}],"wp:term":[{"taxonomy":"category","embeddable":true,"href":"https:\/\/theprogressives.ca\/fr\/wp-json\/wp\/v2\/categories?post=14501"},{"taxonomy":"post_tag","embeddable":true,"href":"https:\/\/theprogressives.ca\/fr\/wp-json\/wp\/v2\/tags?post=14501"},{"taxonomy":"senator_posts","embeddable":true,"href":"https:\/\/theprogressives.ca\/fr\/wp-json\/wp\/v2\/senator_posts?post=14501"}],"curies":[{"name":"wp","href":"https:\/\/api.w.org\/{rel}","templated":true}]}}