{"id":14460,"date":"2023-09-19T15:17:44","date_gmt":"2023-09-19T19:17:44","guid":{"rendered":"https:\/\/theprogressives.ca\/?p=14460"},"modified":"2023-09-20T08:43:09","modified_gmt":"2023-09-20T12:43:09","slug":"le-senateur-paul-prosper-et-la-senatrice-judy-white-felicitations-a-loccasion-de-ses-nominations","status":"publish","type":"post","link":"https:\/\/theprogressives.ca\/fr\/au-senat\/declarations\/le-senateur-paul-prosper-et-la-senatrice-judy-white-felicitations-a-loccasion-de-ses-nominations\/","title":{"rendered":"Le s\u00e9nateur Paul Prosper et la s\u00e9natrice Judy White\u2014F\u00e9licitations \u00e0 l&rsquo;occasion de ses nominations"},"content":{"rendered":"<p><iframe title=\"La s\u00e9natrice Cordy souhaite la bienvenue au S\u00e9nat au s\u00e9nateur Prosper et \u00e0 la s\u00e9natrice White (FR)\" width=\"640\" height=\"360\" data-src=\"https:\/\/www.youtube.com\/embed\/gMEG-F2V42U?feature=oembed\" frameborder=\"0\" allow=\"accelerometer; autoplay; clipboard-write; encrypted-media; gyroscope; picture-in-picture; web-share\" allowfullscreen src=\"data:image\/svg+xml;base64,PHN2ZyB3aWR0aD0iMSIgaGVpZ2h0PSIxIiB4bWxucz0iaHR0cDovL3d3dy53My5vcmcvMjAwMC9zdmciPjwvc3ZnPg==\" class=\"lazyload\" data-load-mode=\"1\"><\/iframe><\/p>\n<p><b>L\u2019honorable Jane Cordy :\u00a0<\/b>Honorables s\u00e9nateurs, c\u2019est un plaisir d\u2019\u00eatre de retour parmi vous tous, d\u2019autant plus que nous assistons \u00e0 une autre c\u00e9r\u00e9monie d\u2019assermentation. Au nom du Groupe progressiste du S\u00e9nat, je suis ravie de me joindre aux autres leaders pour souhaiter la bienvenue \u00e0 nos nouveaux s\u00e9nateurs\u00a0: le s\u00e9nateur Paul Prosper\u00a0\u2014 mieux connu sous le nom de PJ\u00a0\u2014 de la Nouvelle-\u00c9cosse et la s\u00e9natrice Judy White de Terre-Neuve-et-Labrador.<\/p>\n<p>En tant qu\u2019ancienne enseignante, il m\u2019est difficile de r\u00e9sister \u00e0 mes racines d\u2019enseignante, et le mois de\u00a0septembre\u00a0me fera toujours penser \u00e0 la rentr\u00e9e scolaire, une p\u00e9riode o\u00f9 nous sommes libres de prendre un nouveau d\u00e9part. Nous ne commen\u00e7ons peut-\u00eatre pas une nouvelle session, mais j\u2019ai quand m\u00eame l\u2019impression que c\u2019est une occasion de prendre un moment pour r\u00e9fl\u00e9chir \u00e0 ce que nous avons accompli et \u00e0 ce que nous comptons accomplir.<\/p>\n<p>Ces c\u00e9r\u00e9monies d\u2019assermentation nous rappellent in\u00e9vitablement nos premiers jours et ce que nous avons ressenti devant la richesse des possibilit\u00e9s s\u2019offrant \u00e0 nous. Il est certes intimidant d\u2019\u00eatre les petits nouveaux de la classe, mais je veux faire \u00e9cho aux autres leaders et vous dire \u00e0 tous deux, s\u00e9nateur Prosper et s\u00e9natrice White, que nous sommes tous impatients d\u2019entendre vos contributions \u00e0 nos d\u00e9bats ici, au S\u00e9nat.<\/p>\n<p>Vous avez tous les deux parl\u00e9 de l\u2019importance de la repr\u00e9sentation. Par exemple, voir le s\u00e9nateur Christmas devenir le premier s\u00e9nateur mi\u2019kmaq vous a inspir\u00e9, je le sais, s\u00e9nateur Prosper, et votre nomination sera maintenant une source d\u2019inspiration pour d\u2019autres jeunes Mi\u2019kmaqs.<\/p>\n<p>S\u00e9natrice White, vous avez dit que la repr\u00e9sentation est un moyen de changer les choses de l\u2019int\u00e9rieur et de \u00ab [&#8230;] faire en sorte que le colonialisme soit une chose du pass\u00e9 [&#8230;] \u00bb<\/p>\n<p>Or, nous voil\u00e0 aujourd\u2019hui avec non pas un, mais deux avocats mi\u2019kmaqs qui prennent place au S\u00e9nat. Je vous souhaite \u00e0 tous les deux la bienvenue de l\u2019autre c\u00f4t\u00e9 du processus l\u00e9gislatif f\u00e9d\u00e9ral.<\/p>\n<p>Nous avons pris connaissance de vos impressionnants curriculum vit\u00e6 et des distinctions que vous avez re\u00e7ues, qui t\u00e9moignent du parcours qui a fait de vous les personnes que vous \u00eates aujourd\u2019hui. Il est temps pour vous deux de tirer parti de ces exp\u00e9riences et de cette sagesse et de tracer de nouveaux chemins alors que vous vous taillez une place ici.<\/p>\n<p>Comme \u00e0 l\u2019\u00e9cole, vous pourrez faire partie\u00a0de diff\u00e9rentes classes. Au S\u00e9nat, nous les appelons \u00ab comit\u00e9s \u00bb, et vous serez peut-\u00eatre surpris de d\u00e9couvrir que nous finissons parfois par travailler sur des dossiers que nous n\u2019avions m\u00eame pas envisag\u00e9s auparavant. Je vous encourage tous les deux \u00e0 garder l\u2019esprit ouvert pendant que vous d\u00e9mystifiez vos fonctions ici.<\/p>\n<p>Le fait d\u2019avoir un groupe de s\u00e9nateurs aussi vari\u00e9 sert bien les Canadiens, mais il est crucial que nous continuions \u00e0 chercher et \u00e0 \u00e9couter les voix qui manquent encore. Nos comit\u00e9s nous y aident. En outre, comme nous l\u2019avons vu avec certains s\u00e9nateurs, notamment le s\u00e9nateur Prosper, certaines de ces voix importantes passent du statut de t\u00e9moin \u00e0 celui de membre d\u2019un comit\u00e9 s\u00e9natorial.<\/p>\n<p>Il y a moins de 10\u00a0ans, aucune voix mi\u2019kmaq ne s\u2019\u00e9levait dans cette enceinte. Aujourd\u2019hui, trois provinces ont chacune un s\u00e9nateur mi\u2019kmaq, dont la premi\u00e8re femme\u00a0: la s\u00e9natrice White. Le changement a \u00e9t\u00e9 lent \u00e0 s\u2019amorcer, mais je suis ravie de voir \u00e0 quelle vitesse il s\u2019op\u00e8re.<\/p>\n<p>Au nom de mes coll\u00e8gues du Groupe progressiste du S\u00e9nat\u00a0\u2014 et avec l\u2019aide de notre pr\u00e9sident de caucus, le s\u00e9nateur Francis, pour la prononciation\u00a0\u2014, j\u2019ai le plaisir, s\u00e9natrice White et s\u00e9nateur Prosper, de vous souhaiter la bienvenue au S\u00e9nat du Canada.\u00a0<i>Pjila\u2019si<\/i>. Merci.<\/p>\n<p><b>Des voix :\u00a0<\/b>Bravo!<\/p>\n","protected":false},"excerpt":{"rendered":"<p>L\u2019honorable Jane Cordy :\u00a0Honorables s\u00e9nateurs, c\u2019est un plaisir d\u2019\u00eatre de retour parmi vous tous, d\u2019autant plus que nous assistons \u00e0 une autre c\u00e9r\u00e9monie d\u2019assermentation. Au nom du Groupe progressiste du S\u00e9nat, je suis ravie de me joindre aux autres leaders pour souhaiter la bienvenue \u00e0 nos nouveaux s\u00e9nateurs\u00a0: le s\u00e9nateur Paul Prosper\u00a0\u2014 mieux connu sous&#8230;<\/p>\n","protected":false},"author":3,"featured_media":2042,"comment_status":"closed","ping_status":"closed","sticky":false,"template":"","format":"standard","meta":{"_acf_changed":false,"wds_primary_category":99,"footnotes":""},"categories":[99],"tags":[],"senator_posts":[31],"class_list":["post-14460","post","type-post","status-publish","format-standard","has-post-thumbnail","hentry","category-declarations","senator_posts-l-hon-jane-cordy"],"acf":[],"_links":{"self":[{"href":"https:\/\/theprogressives.ca\/fr\/wp-json\/wp\/v2\/posts\/14460","targetHints":{"allow":["GET"]}}],"collection":[{"href":"https:\/\/theprogressives.ca\/fr\/wp-json\/wp\/v2\/posts"}],"about":[{"href":"https:\/\/theprogressives.ca\/fr\/wp-json\/wp\/v2\/types\/post"}],"author":[{"embeddable":true,"href":"https:\/\/theprogressives.ca\/fr\/wp-json\/wp\/v2\/users\/3"}],"replies":[{"embeddable":true,"href":"https:\/\/theprogressives.ca\/fr\/wp-json\/wp\/v2\/comments?post=14460"}],"version-history":[{"count":0,"href":"https:\/\/theprogressives.ca\/fr\/wp-json\/wp\/v2\/posts\/14460\/revisions"}],"wp:featuredmedia":[{"embeddable":true,"href":"https:\/\/theprogressives.ca\/fr\/wp-json\/wp\/v2\/media\/2042"}],"wp:attachment":[{"href":"https:\/\/theprogressives.ca\/fr\/wp-json\/wp\/v2\/media?parent=14460"}],"wp:term":[{"taxonomy":"category","embeddable":true,"href":"https:\/\/theprogressives.ca\/fr\/wp-json\/wp\/v2\/categories?post=14460"},{"taxonomy":"post_tag","embeddable":true,"href":"https:\/\/theprogressives.ca\/fr\/wp-json\/wp\/v2\/tags?post=14460"},{"taxonomy":"senator_posts","embeddable":true,"href":"https:\/\/theprogressives.ca\/fr\/wp-json\/wp\/v2\/senator_posts?post=14460"}],"curies":[{"name":"wp","href":"https:\/\/api.w.org\/{rel}","templated":true}]}}