{"id":14162,"date":"2023-06-15T17:26:30","date_gmt":"2023-06-15T21:26:30","guid":{"rendered":"https:\/\/theprogressives.ca\/?p=14162"},"modified":"2023-12-12T14:39:30","modified_gmt":"2023-12-12T19:39:30","slug":"periode-des-questions-programme-de-reconnaissance-des-titres-de-competences-etrangers-et-limmigration-francophone","status":"publish","type":"post","link":"https:\/\/theprogressives.ca\/fr\/au-senat\/periode-de-questions\/periode-des-questions-programme-de-reconnaissance-des-titres-de-competences-etrangers-et-limmigration-francophone\/","title":{"rendered":"P\u00e9riode des questions : Programme de reconnaissance des titres de comp\u00e9tences \u00e9trangers et l&rsquo;immigration francophone"},"content":{"rendered":"<p><iframe title=\"Le s\u00e9nateur Cardozo pose des questions sur l&#039;immigration - 15 juin 2023 (source fran\u00e7aise)\" width=\"640\" height=\"360\" data-src=\"https:\/\/www.youtube.com\/embed\/c_XcoWvJaaY?feature=oembed\" frameborder=\"0\" allow=\"accelerometer; autoplay; clipboard-write; encrypted-media; gyroscope; picture-in-picture; web-share\" allowfullscreen src=\"data:image\/svg+xml;base64,PHN2ZyB3aWR0aD0iMSIgaGVpZ2h0PSIxIiB4bWxucz0iaHR0cDovL3d3dy53My5vcmcvMjAwMC9zdmciPjwvc3ZnPg==\" class=\"lazyload\" data-load-mode=\"1\"><\/iframe><\/p>\n<p><b>L\u2019honorable Andrew Cardozo :\u00a0<\/b>J\u2019aimerais revenir sur le dossier de l\u2019immigration, et ma question s\u2019adresse au repr\u00e9sentant du gouvernement au S\u00e9nat. Vous avez parl\u00e9 du co\u00fbt de l\u2019immigration, mais nous sommes dans une situation o\u00f9 il y a de nombreux postes \u00e0 pourvoir et des gens sans emplois. Dans certains cas, la situation rel\u00e8ve des provinces, puisque divers ordres professionnels n\u2019autorisent pas l\u2019embauche de personnes qui n\u2019ont pas re\u00e7u une formation ou une accr\u00e9ditation canadienne. Quand le gouvernement f\u00e9d\u00e9ral va-t-il assouplir les conditions d\u2019admission afin que les immigrants et les professionnels puissent travailler ici? Nous n\u2019avons qu\u2019\u00e0 penser au domaine m\u00e9dical, o\u00f9, bien souvent, on ne parvient pas \u00e0 trouver des m\u00e9decins de famille et du personnel infirmier, alors que nombre d\u2019immigrants sont m\u00e9decins ou infirmiers, mais ne peuvent pas d\u00e9crocher un emploi dans ce domaine.<\/p>\n<p><b>L\u2019honorable Marc Gold (repr\u00e9sentant du gouvernement au S\u00e9nat) :\u00a0<\/b>Je vous remercie de la question. C\u2019est un dossier complexe, et je tenterai de donner une r\u00e9ponse concise.<\/p>\n<p>Vous avez raison de souligner qu\u2019une bonne partie\u00a0de la situation ne d\u00e9coule pas d\u2019un manque de travailleurs ou d\u2019emplois, mais du fait que les titres de comp\u00e9tence qui permettent aux personnes d\u2019exercer la profession de leur choix sont r\u00e9glement\u00e9s par les provinces ou par des organisations relevant des provinces.<\/p>\n<p>Prenons les soins de sant\u00e9 par exemple. Le gouvernement n\u2019a pas le pouvoir de l\u00e9gif\u00e9rer en mati\u00e8re de soins de sant\u00e9, mais il a un r\u00f4le important \u00e0 jouer, comme nous le savons tous. \u00c0 cet \u00e9gard, au moyen du Programme de reconnaissance des titres de comp\u00e9tences \u00e9trangers, le budget de 2022 a pr\u00e9vu une enveloppe de 150 millions de dollars sur cinq\u00a0ans, ainsi que 30 millions de dollars par la suite pour aider jusqu\u2019\u00e0 11\u00a0000 professionnels de la sant\u00e9 form\u00e9s \u00e0 l\u2019\u00e9tranger \u00e0 trouver du travail dans leur domaine chaque ann\u00e9e. C\u2019est un exemple important, quoique modeste.<\/p>\n<p>Par ailleurs, le gouvernement et les ministres concern\u00e9s communiquent avec leurs homologues des provinces et des territoires pour les encourager \u00e0 adapter leurs r\u00e8gles de fa\u00e7on \u00e0 faciliter la reconnaissance des titres des travailleurs, et ce, dans tous les domaines touch\u00e9s. Des initiatives des r\u00e9gions de l\u2019Atlantique ont donn\u00e9 des r\u00e9sultats tr\u00e8s prometteurs \u00e0 cet \u00e9gard, je n\u2019ai pas la liste sous les yeux, et les discussions se poursuivent.<\/p>\n<p>Encore une fois, le gouvernement assumera son r\u00f4le et travaillera avec les provinces et les territoires dans l\u2019espoir d\u2019\u00e9tablir une approche plus g\u00e9n\u00e9reuse, plus robuste et plus harmonieuse \u00e0 l\u2019\u00e9gard de l\u2019accueil des professionnels form\u00e9s \u00e0 l\u2019\u00e9tranger pour leur permettre d\u2019apporter leur contribution au Canada.<\/p>\n<p><b>L\u2019honorable Andrew Cardozo :\u00a0<\/b>Je signale que certains ordres professionnels, dont celui des ing\u00e9nieurs, manquent tellement de monde qu\u2019ils ont commenc\u00e9 \u00e0 assouplir leurs normes \u00e0 l\u2019\u00e9gard des nouveaux arrivants.<\/p>\n<p>J\u2019aimerais vous poser une question concernant l\u2019immigration francophone.<\/p>\n<p>Comme vous le savez peut-\u00eatre, notre Comit\u00e9 des langues officielles a propos\u00e9 une politique audacieuse pour \u00e9couter les immigrants francophones.<\/p>\n<p>Que fait le gouvernement f\u00e9d\u00e9ral pour attirer des immigrants francophones, tant au Qu\u00e9bec que dans le reste du Canada?<\/p>\n<p><b>Le s\u00e9nateur Gold :\u00a0<\/b>Merci pour la question, monsieur le s\u00e9nateur.<\/p>\n<p>Pour ce qui est de l\u2019approche du gouvernement f\u00e9d\u00e9ral pour le Canada, comme je l\u2019ai mentionn\u00e9, il y a dans le programme que j\u2019ai cit\u00e9 un aspect visant \u00e0 faire la promotion de l\u2019immigration francophone hors Qu\u00e9bec.<\/p>\n<p>Pour ce qui est du Qu\u00e9bec, il a son mot \u00e0 dire\u00a0\u2014 un grand mot m\u00eame\u00a0\u2014 sur qui s\u2019y installe. Il est reconnu que le gouvernement du Qu\u00e9bec met l\u2019accent sur la capacit\u00e9 \u00e0 parler fran\u00e7ais ou \u00e0 apprendre rapidement le fran\u00e7ais, pour faire en sorte que les immigrants du Qu\u00e9bec soient compl\u00e8tement int\u00e9gr\u00e9s \u00e0 la soci\u00e9t\u00e9 qu\u00e9b\u00e9coise.<\/p>\n","protected":false},"excerpt":{"rendered":"<p>L\u2019honorable Andrew Cardozo :\u00a0J\u2019aimerais revenir sur le dossier de l\u2019immigration, et ma question s\u2019adresse au repr\u00e9sentant du gouvernement au S\u00e9nat. Vous avez parl\u00e9 du co\u00fbt de l\u2019immigration, mais nous sommes dans une situation o\u00f9 il y a de nombreux postes \u00e0 pourvoir et des gens sans emplois. Dans certains cas, la situation rel\u00e8ve des provinces,&#8230;<\/p>\n","protected":false},"author":3,"featured_media":2050,"comment_status":"closed","ping_status":"closed","sticky":false,"template":"","format":"standard","meta":{"_acf_changed":false,"wds_primary_category":97,"footnotes":""},"categories":[97],"tags":[],"senator_posts":[178],"class_list":["post-14162","post","type-post","status-publish","format-standard","has-post-thumbnail","hentry","category-periode-de-questions","senator_posts-l-hon-andrew-cardozo"],"acf":[],"_links":{"self":[{"href":"https:\/\/theprogressives.ca\/fr\/wp-json\/wp\/v2\/posts\/14162","targetHints":{"allow":["GET"]}}],"collection":[{"href":"https:\/\/theprogressives.ca\/fr\/wp-json\/wp\/v2\/posts"}],"about":[{"href":"https:\/\/theprogressives.ca\/fr\/wp-json\/wp\/v2\/types\/post"}],"author":[{"embeddable":true,"href":"https:\/\/theprogressives.ca\/fr\/wp-json\/wp\/v2\/users\/3"}],"replies":[{"embeddable":true,"href":"https:\/\/theprogressives.ca\/fr\/wp-json\/wp\/v2\/comments?post=14162"}],"version-history":[{"count":0,"href":"https:\/\/theprogressives.ca\/fr\/wp-json\/wp\/v2\/posts\/14162\/revisions"}],"wp:featuredmedia":[{"embeddable":true,"href":"https:\/\/theprogressives.ca\/fr\/wp-json\/wp\/v2\/media\/2050"}],"wp:attachment":[{"href":"https:\/\/theprogressives.ca\/fr\/wp-json\/wp\/v2\/media?parent=14162"}],"wp:term":[{"taxonomy":"category","embeddable":true,"href":"https:\/\/theprogressives.ca\/fr\/wp-json\/wp\/v2\/categories?post=14162"},{"taxonomy":"post_tag","embeddable":true,"href":"https:\/\/theprogressives.ca\/fr\/wp-json\/wp\/v2\/tags?post=14162"},{"taxonomy":"senator_posts","embeddable":true,"href":"https:\/\/theprogressives.ca\/fr\/wp-json\/wp\/v2\/senator_posts?post=14162"}],"curies":[{"name":"wp","href":"https:\/\/api.w.org\/{rel}","templated":true}]}}