{"id":14110,"date":"2023-06-13T14:48:46","date_gmt":"2023-06-13T18:48:46","guid":{"rendered":"https:\/\/theprogressives.ca\/?p=14110"},"modified":"2023-06-14T08:54:34","modified_gmt":"2023-06-14T12:54:34","slug":"eddie-carvery-iii","status":"publish","type":"post","link":"https:\/\/theprogressives.ca\/fr\/au-senat\/declarations\/eddie-carvery-iii\/","title":{"rendered":"Eddie Carvery III"},"content":{"rendered":"<p><iframe title=\"La s\u00e9natrice Bernard parle d&#039;Eddie Carvery III - 13 juin 2023 (source fran\u00e7aise)\" width=\"640\" height=\"360\" data-src=\"https:\/\/www.youtube.com\/embed\/Cy6nfcgTpUg?feature=oembed\" frameborder=\"0\" allow=\"accelerometer; autoplay; clipboard-write; encrypted-media; gyroscope; picture-in-picture; web-share\" allowfullscreen src=\"data:image\/svg+xml;base64,PHN2ZyB3aWR0aD0iMSIgaGVpZ2h0PSIxIiB4bWxucz0iaHR0cDovL3d3dy53My5vcmcvMjAwMC9zdmciPjwvc3ZnPg==\" class=\"lazyload\" data-load-mode=\"1\"><\/iframe><\/p>\n<p><b>L\u2019honorable Wanda Thomas Bernard :\u00a0<\/b>Honorables s\u00e9nateurs, c\u2019est reconnaissante de me trouver en territoire algonquin anishinaabe que je souhaite aujourd\u2019hui attirer votre attention sur les r\u00e9alisations exceptionnelles d\u2019un militant dot\u00e9 d\u2019un grand esprit communautaire, M.\u00a0Eddie Carvery, troisi\u00e8me du nom, qui est le petit-fils du militant Eddie Carvery, que je vous ai pr\u00e9sent\u00e9 la semaine derni\u00e8re.<\/p>\n<p>Marchant dans les pas de son grand-p\u00e8re\u00a0\u2014 Eddie Carvery p\u00e8re\u00a0\u2014, Eddie III a la justice sociale tatou\u00e9e sur le c\u0153ur et il ne recule devant rien pour favoriser l\u2019inclusion de la population d\u2019Africville et faire en sorte qu\u2019elle soit trait\u00e9e \u00e9quitablement. Eddie est le cocr\u00e9ateur et le coanimateur d\u2019un balado prim\u00e9,\u00a0<i>Africville Forever<\/i>, qu\u2019il a produit au plus fort du mouvement Black Lives Matter, en 2020, et de la prise de conscience qui a suivi quant \u00e0 l\u2019ampleur du racisme anti-noir \u00e0 l\u2019\u00e9chelle mondiale.<\/p>\n<p>Parce qu\u2019il a vu son grand-p\u00e8re militer et parce qu\u2019il a lui-m\u00eame v\u00e9cu le racisme, Eddie a d\u00e9cid\u00e9 d\u2019essayer de nouvelles fa\u00e7ons de faire conna\u00eetre les traditions et le savoir de ses anc\u00eatres.\u00a0<i>Africville Forever<\/i>\u00a0raconte l\u2019histoire, les luttes et la r\u00e9silience de la population d\u2019Africville, dans l\u2019espoir qu\u2019elle continue de retenir l\u2019attention du monde. Il \u00e9voque \u00e9galement l\u2019ardent d\u00e9sir qu\u2019ont tous ces gens de pouvoir retourner un jour \u00e0 Africville afin que ses terres puissent \u00eatre rendues \u00e0 la communaut\u00e9 et exploit\u00e9es dans l\u2019int\u00e9r\u00eat collectif.<\/p>\n<p>Eddie redonne aussi \u00e0 sa communaut\u00e9 dans le cadre de sa vie professionnelle, en s\u2019assurant que les N\u00e9o-\u00c9cossais d\u2019origine africaine ont leur place dans une industrie qui occupe l\u2019ancien emplacement d\u2019Africville. Eddie est responsable de la mise en \u0153uvre du projet African Nova Scotian Pathways to Port Careers. Son objectif est de mobiliser les jeunes en cr\u00e9ant des possibilit\u00e9s d\u2019emploi pour les N\u00e9o-\u00c9cossais d\u2019origine africaine dans le secteur portuaire et des secteurs connexes.<\/p>\n<p>J\u2019admire Eddie Carvery III. J\u2019admire sa d\u00e9termination \u00e0 pr\u00e9server l\u2019histoire d\u2019Africville \u00e0 l\u2019aide de la baladodiffusion et sa contribution essentielle \u00e0 la cr\u00e9ation de possibilit\u00e9s de d\u00e9veloppement de l\u2019employabilit\u00e9 des membres de sa communaut\u00e9. Il est un v\u00e9ritable catalyseur de changements.<\/p>\n<p>Eddie Carvery III est la preuve vivante de la r\u00e9silience multig\u00e9n\u00e9rationnelle de la famille Carvery, des N\u00e9o-\u00c9cossais d\u2019origine africaine, des Africains et des descendants d\u2019Africville. Pour cette raison, je soutiens Eddie dans sa qu\u00eate en vue d\u2019obtenir justice, de favoriser l\u2019\u00e9galit\u00e9 et de redonner \u00e0 Africville la place qui lui revient dans la soci\u00e9t\u00e9.<\/p>\n<p>Merci,\u00a0<i>asante<\/i>.<\/p>\n","protected":false},"excerpt":{"rendered":"<p>L\u2019honorable Wanda Thomas Bernard :\u00a0Honorables s\u00e9nateurs, c\u2019est reconnaissante de me trouver en territoire algonquin anishinaabe que je souhaite aujourd\u2019hui attirer votre attention sur les r\u00e9alisations exceptionnelles d\u2019un militant dot\u00e9 d\u2019un grand esprit communautaire, M.\u00a0Eddie Carvery, troisi\u00e8me du nom, qui est le petit-fils du militant Eddie Carvery, que je vous ai pr\u00e9sent\u00e9 la semaine derni\u00e8re. Marchant&#8230;<\/p>\n","protected":false},"author":3,"featured_media":1998,"comment_status":"closed","ping_status":"closed","sticky":false,"template":"","format":"standard","meta":{"_acf_changed":false,"wds_primary_category":99,"footnotes":""},"categories":[99],"tags":[],"senator_posts":[40],"class_list":["post-14110","post","type-post","status-publish","format-standard","has-post-thumbnail","hentry","category-declarations","senator_posts-l-hon-wanda-thomas-bernard"],"acf":[],"_links":{"self":[{"href":"https:\/\/theprogressives.ca\/fr\/wp-json\/wp\/v2\/posts\/14110","targetHints":{"allow":["GET"]}}],"collection":[{"href":"https:\/\/theprogressives.ca\/fr\/wp-json\/wp\/v2\/posts"}],"about":[{"href":"https:\/\/theprogressives.ca\/fr\/wp-json\/wp\/v2\/types\/post"}],"author":[{"embeddable":true,"href":"https:\/\/theprogressives.ca\/fr\/wp-json\/wp\/v2\/users\/3"}],"replies":[{"embeddable":true,"href":"https:\/\/theprogressives.ca\/fr\/wp-json\/wp\/v2\/comments?post=14110"}],"version-history":[{"count":0,"href":"https:\/\/theprogressives.ca\/fr\/wp-json\/wp\/v2\/posts\/14110\/revisions"}],"wp:featuredmedia":[{"embeddable":true,"href":"https:\/\/theprogressives.ca\/fr\/wp-json\/wp\/v2\/media\/1998"}],"wp:attachment":[{"href":"https:\/\/theprogressives.ca\/fr\/wp-json\/wp\/v2\/media?parent=14110"}],"wp:term":[{"taxonomy":"category","embeddable":true,"href":"https:\/\/theprogressives.ca\/fr\/wp-json\/wp\/v2\/categories?post=14110"},{"taxonomy":"post_tag","embeddable":true,"href":"https:\/\/theprogressives.ca\/fr\/wp-json\/wp\/v2\/tags?post=14110"},{"taxonomy":"senator_posts","embeddable":true,"href":"https:\/\/theprogressives.ca\/fr\/wp-json\/wp\/v2\/senator_posts?post=14110"}],"curies":[{"name":"wp","href":"https:\/\/api.w.org\/{rel}","templated":true}]}}