{"id":14065,"date":"2023-06-08T14:34:52","date_gmt":"2023-06-08T18:34:52","guid":{"rendered":"https:\/\/theprogressives.ca\/?p=14065"},"modified":"2023-06-09T15:03:19","modified_gmt":"2023-06-09T19:03:19","slug":"eddie-carvery","status":"publish","type":"post","link":"https:\/\/theprogressives.ca\/fr\/au-senat\/declarations\/eddie-carvery\/","title":{"rendered":"Eddie Carvery"},"content":{"rendered":"<p><iframe title=\"La s\u00e9natrice Bernard parle de Eddie Carvery - 8 juin 2023 (source fran\u00e7aise)\" width=\"640\" height=\"360\" data-src=\"https:\/\/www.youtube.com\/embed\/ENyBY7ePBXU?feature=oembed\" frameborder=\"0\" allow=\"accelerometer; autoplay; clipboard-write; encrypted-media; gyroscope; picture-in-picture; web-share\" allowfullscreen src=\"data:image\/svg+xml;base64,PHN2ZyB3aWR0aD0iMSIgaGVpZ2h0PSIxIiB4bWxucz0iaHR0cDovL3d3dy53My5vcmcvMjAwMC9zdmciPjwvc3ZnPg==\" class=\"lazyload\" data-load-mode=\"1\"><\/iframe><\/p>\n<p><b>L\u2019honorable Wanda Thomas Bernard :\u00a0<\/b>Honorables s\u00e9nateurs, je suis heureuse de prendre la parole aujourd\u2019hui et de me joindre \u00e0 vous en territoire algonquin. Je me r\u00e9jouis d\u2019\u00eatre ici. Ma t\u00e2che consiste \u00e0 applaudir la d\u00e9termination et le courage de M.\u00a0Eddie Carvery, qui a manifest\u00e9 pour obtenir justice et la restauration de sa maison \u00e0 Africville, en Nouvelle-\u00c9cosse.<\/p>\n<p>Africville \u00e9tait une collectivit\u00e9 n\u00e9o-\u00e9cossaise d\u2019origine africaine dynamique qui a \u00e9t\u00e9 d\u00e9mantel\u00e9e de force dans les ann\u00e9es 1960. Plus de 80 familles\u00a0\u2014 400 r\u00e9sidants\u00a0\u2014 ont \u00e9t\u00e9 d\u00e9racin\u00e9es. Cette relocalisation forc\u00e9e a pouss\u00e9 Eddie Carvery \u00e0 passer de la col\u00e8re \u00e0 l\u2019action; sa manifestation pour les droits civiques est l\u2019une des plus longues de ce genre au Canada.<\/p>\n<p>Il a commenc\u00e9 \u00e0 manifester en 1970 en occupant pacifiquement les terrains d\u2019Africville o\u00f9 il avait v\u00e9cu pendant plus de 50\u00a0ans et o\u00f9 il a continu\u00e9 \u00e0 vivre, refusant de partir tant qu\u2019Africville n\u2019aurait pas \u00e9t\u00e9 rendue \u00e0 ses habitants.<\/p>\n<p>Sa manifestation a attir\u00e9 des sympathisants qui ont reconnu l\u2019importance de sa cause. De nombreux membres de la collectivit\u00e9 et activistes se sont ralli\u00e9s \u00e0 M.\u00a0Carvery, appelant \u00e0 une r\u00e9solution des injustices historiques subies par les r\u00e9sidents d\u2019Africville et soulevant les probl\u00e8mes plus larges d\u00e9coulant du racisme syst\u00e9mique en Nouvelle-\u00c9cosse.<\/p>\n<p>En 2010, la ville d\u2019Halifax s\u2019est excus\u00e9e pour la destruction d\u2019Africville et a cr\u00e9\u00e9 l\u2019Africville Heritage Trust pour superviser la revitalisation de l\u2019histoire de la collectivit\u00e9. L\u2019\u00e9tendue de ces r\u00e9parations fait toujours l\u2019objet de d\u00e9bats. Nombreux sont ceux qui soutiennent la mission de M.\u00a0Carvery visant \u00e0 obtenir des r\u00e9parations suppl\u00e9mentaires pour le racisme syst\u00e9mique et les pr\u00e9judices multig\u00e9n\u00e9rationnels caus\u00e9s par le d\u00e9placement forc\u00e9 des habitants d\u2019Africville.<\/p>\n<p>Comme l\u2019a dit M.\u00a0Carvery lui-m\u00eame\u00a0:<\/p>\n<p style=\"padding-left: 40px;\">Je suis ici, sur le terrain [\u2026] J\u2019ai eu six crises cardiaques [\u2026] Notre Seigneur [\u2026] a pris un vaurien comme moi et m\u2019a donn\u00e9 cette grande occasion de me battre [\u2026] J\u2019applaudis la Soci\u00e9t\u00e9 de g\u00e9n\u00e9alogie d\u2019Africville [\u2026] mais [\u2026] notre combat ne fait que commencer [\u2026]\n<p>Aujourd\u2019hui, honorables coll\u00e8gues, je vous invite \u00e0 vous joindre \u00e0 moi pour rendre hommage \u00e0 Eddie Carvery et \u00e0 sa d\u00e9termination \u00e0 cr\u00e9er une soci\u00e9t\u00e9 plus juste et \u00e9quitable.<\/p>\n<p>La lutte contre le racisme et la discrimination syst\u00e9mique en Nouvelle-\u00c9cosse est loin d\u2019\u00eatre termin\u00e9e. Cependant, la protestation d\u2019Eddie Carvery a \u00e9t\u00e9 un catalyseur de changement. Elle incite les membres de la communaut\u00e9 \u00e0 lutter activement pour la r\u00e9paration des injustices historiques.<\/p>\n<p>Merci,\u00a0<i>asante<\/i>.<\/p>\n","protected":false},"excerpt":{"rendered":"<p>L\u2019honorable Wanda Thomas Bernard :\u00a0Honorables s\u00e9nateurs, je suis heureuse de prendre la parole aujourd\u2019hui et de me joindre \u00e0 vous en territoire algonquin. Je me r\u00e9jouis d\u2019\u00eatre ici. Ma t\u00e2che consiste \u00e0 applaudir la d\u00e9termination et le courage de M.\u00a0Eddie Carvery, qui a manifest\u00e9 pour obtenir justice et la restauration de sa maison \u00e0 Africville,&#8230;<\/p>\n","protected":false},"author":3,"featured_media":1948,"comment_status":"closed","ping_status":"closed","sticky":false,"template":"","format":"standard","meta":{"_acf_changed":false,"wds_primary_category":99,"footnotes":""},"categories":[99],"tags":[],"senator_posts":[40],"class_list":["post-14065","post","type-post","status-publish","format-standard","has-post-thumbnail","hentry","category-declarations","senator_posts-l-hon-wanda-thomas-bernard"],"acf":[],"_links":{"self":[{"href":"https:\/\/theprogressives.ca\/fr\/wp-json\/wp\/v2\/posts\/14065","targetHints":{"allow":["GET"]}}],"collection":[{"href":"https:\/\/theprogressives.ca\/fr\/wp-json\/wp\/v2\/posts"}],"about":[{"href":"https:\/\/theprogressives.ca\/fr\/wp-json\/wp\/v2\/types\/post"}],"author":[{"embeddable":true,"href":"https:\/\/theprogressives.ca\/fr\/wp-json\/wp\/v2\/users\/3"}],"replies":[{"embeddable":true,"href":"https:\/\/theprogressives.ca\/fr\/wp-json\/wp\/v2\/comments?post=14065"}],"version-history":[{"count":0,"href":"https:\/\/theprogressives.ca\/fr\/wp-json\/wp\/v2\/posts\/14065\/revisions"}],"wp:featuredmedia":[{"embeddable":true,"href":"https:\/\/theprogressives.ca\/fr\/wp-json\/wp\/v2\/media\/1948"}],"wp:attachment":[{"href":"https:\/\/theprogressives.ca\/fr\/wp-json\/wp\/v2\/media?parent=14065"}],"wp:term":[{"taxonomy":"category","embeddable":true,"href":"https:\/\/theprogressives.ca\/fr\/wp-json\/wp\/v2\/categories?post=14065"},{"taxonomy":"post_tag","embeddable":true,"href":"https:\/\/theprogressives.ca\/fr\/wp-json\/wp\/v2\/tags?post=14065"},{"taxonomy":"senator_posts","embeddable":true,"href":"https:\/\/theprogressives.ca\/fr\/wp-json\/wp\/v2\/senator_posts?post=14065"}],"curies":[{"name":"wp","href":"https:\/\/api.w.org\/{rel}","templated":true}]}}