{"id":14010,"date":"2023-06-06T17:07:21","date_gmt":"2023-06-06T21:07:21","guid":{"rendered":"https:\/\/theprogressives.ca\/?p=14010"},"modified":"2023-12-12T14:39:52","modified_gmt":"2023-12-12T19:39:52","slug":"loi-sur-le-multiculturalisme-canadien-trente-cinquieme-anniversaire","status":"publish","type":"post","link":"https:\/\/theprogressives.ca\/fr\/au-senat\/declarations\/loi-sur-le-multiculturalisme-canadien-trente-cinquieme-anniversaire\/","title":{"rendered":"La Loi sur le multiculturalisme canadien\u2013Trente-cinqui\u00e8me anniversaire"},"content":{"rendered":"<p><iframe title=\"Le s\u00e9n. Cardozo sur  le 35e anniversaire de la Loi sur le multiculturalisme canadien -6 juin\/23 (FR)\" width=\"640\" height=\"360\" data-src=\"https:\/\/www.youtube.com\/embed\/kXGb00qfd5A?feature=oembed\" frameborder=\"0\" allow=\"accelerometer; autoplay; clipboard-write; encrypted-media; gyroscope; picture-in-picture; web-share\" allowfullscreen src=\"data:image\/svg+xml;base64,PHN2ZyB3aWR0aD0iMSIgaGVpZ2h0PSIxIiB4bWxucz0iaHR0cDovL3d3dy53My5vcmcvMjAwMC9zdmciPjwvc3ZnPg==\" class=\"lazyload\" data-load-mode=\"1\"><\/iframe><\/p>\n<p><b>L\u2019honorable Andrew Cardozo :\u00a0<\/b>Honorables s\u00e9nateurs, je suis ravi de souligner aujourd\u2019hui le 35<sup>e<\/sup>\u00a0anniversaire de la Loi sur le multiculturalisme canadien, adopt\u00e9e \u00e0 l\u2019\u00e9t\u00e9 1988. Je profite de l\u2019occasion pour donner un bref aper\u00e7u de la politique de multiculturalisme au Canada.<\/p>\n<p>Dans son rapport publi\u00e9 en 1969, la Commission royale d\u2019enqu\u00eate sur le bilinguisme et le biculturalisme recommandait la mise en place d\u2019une politique de bilinguisme et une \u00e9tude imp\u00e9rative sur la contribution d\u2019autres groupes ethniques. Il vaut la peine de souligner que le s\u00e9nateur Paul Yuzyk a \u00e9t\u00e9 l\u2019une des premi\u00e8res et des plus \u00e9minentes voix \u00e0 utiliser le terme \u00ab multiculturalisme \u00bb dans son premier discours dans cette enceinte en 1964.<\/p>\n<p>En r\u00e9ponse au rapport de la commission d\u2019enqu\u00eate, le premier ministre Pierre Trudeau avait annonc\u00e9, en\u00a0octobre\u00a01971, la cr\u00e9ation d\u2019une politique de multiculturalisme, une premi\u00e8re du genre \u00e0 l\u2019\u00e9chelle mondiale. L\u2019objectif consistait \u00e0 incorporer la politique de multiculturalisme dans un cadre bilingue. Au d\u00e9part, la politique portait davantage sur les aspects culturels mais, au d\u00e9but des ann\u00e9es 1980, on y avait ajout\u00e9 un volet social qui incluait la lutte contre le racisme. Le ministre responsable du multiculturalisme de l\u2019\u00e9poque, Jim Fleming, avait \u00e9galement mis sur pied le premier comit\u00e9 parlementaire sur le racisme, qui a publi\u00e9 un rapport historique en 1983 intitul\u00e9\u00a0<i>L\u2019\u00e9galit\u00e9 \u00e7a presse!<\/i>.<\/p>\n<p>En 1982, le principe du multiculturalisme \u00e9tait inscrit \u00e0 l\u2019article\u00a027 de la Charte canadienne des droits et libert\u00e9s, auquel souscrivaient, bien s\u00fbr, toutes les provinces. Il vaut la peine de noter que d\u2019autres articles de la Charte portent sur des enjeux pertinents comme l\u2019\u00e9galit\u00e9, la promotion sociale et la libert\u00e9 de religion.<\/p>\n<p>En 1984, le gouvernement de Pierre Elliott Trudeau a pr\u00e9sent\u00e9 la premi\u00e8re version de la Loi sur le multiculturalisme canadien, qui a \u00e9t\u00e9 reprise, bonifi\u00e9e, puis adopt\u00e9e par le gouvernement Mulroney en\u00a0juillet\u00a01988, sous la direction du ministre responsable de ce dossier, Gerry Weiner. Cette loi a d\u2019ailleurs \u00e9t\u00e9 adopt\u00e9e \u00e0 l\u2019unanimit\u00e9 \u00e0 la fois par les Communes et par le S\u00e9nat. Je signale au passage que le Parlement est tout \u00e0 fait habilit\u00e9 \u00e0 si\u00e9ger en\u00a0juillet\u00a0si les circonstances l\u2019exigent, et nous approchons justement du mois de juillet.<\/p>\n<p>Au fil des\u00a0ans, le multiculturalisme a pris de l\u2019expansion sous la houlette de plusieurs ministres de renom, dont Stan Haidasz, David Crombie, Jack Murta, David Collenette, Hedy Fry, Jean Augustine, Jason Kenney et le ministre actuel, Ahmed Hussen. M\u00eame si cette politique jouit d\u2019un vaste appui, elle est aussi critiqu\u00e9e par certains, car on peut dire une chose et son contraire des politiques qu\u2019elle met en \u0153uvre\u00a0: respectueuses et traditionnelles; rassembleuses et controvers\u00e9es; woke et typiquement canadiennes.<\/p>\n<p>Nous soulignons cette ann\u00e9e le 35<sup>e<\/sup>\u00a0anniversaire de cette politique, alors l\u2019occasion est bonne pour r\u00e9fl\u00e9chir \u00e0 la mani\u00e8re dont elle a fa\u00e7onn\u00e9 notre pays ainsi qu\u2019\u00e0 la direction \u00e0 prendre, puisqu\u2019un de ses buts consiste \u00e0 favoriser le respect et \u00e0 combattre le racisme.<\/p>\n<p>En terminant, je salue mes mentors \u00e0 moi, les ministres Fleming, Weiner, Augustine et Fry. Tous ces parlementaires ont laiss\u00e9 leur marque dans notre soci\u00e9t\u00e9, ils ont servi le Canada avec distinction et ils ont d\u00e9fendu l\u2019une des politiques les plus \u00e9troitement associ\u00e9es \u00e0 l\u2019identit\u00e9 canadienne. Merci.<\/p>\n","protected":false},"excerpt":{"rendered":"<p>L\u2019honorable Andrew Cardozo :\u00a0Honorables s\u00e9nateurs, je suis ravi de souligner aujourd\u2019hui le 35e\u00a0anniversaire de la Loi sur le multiculturalisme canadien, adopt\u00e9e \u00e0 l\u2019\u00e9t\u00e9 1988. Je profite de l\u2019occasion pour donner un bref aper\u00e7u de la politique de multiculturalisme au Canada. Dans son rapport publi\u00e9 en 1969, la Commission royale d\u2019enqu\u00eate sur le bilinguisme et le&#8230;<\/p>\n","protected":false},"author":3,"featured_media":1964,"comment_status":"closed","ping_status":"closed","sticky":false,"template":"","format":"standard","meta":{"_acf_changed":false,"wds_primary_category":99,"footnotes":""},"categories":[99],"tags":[],"senator_posts":[178],"class_list":["post-14010","post","type-post","status-publish","format-standard","has-post-thumbnail","hentry","category-declarations","senator_posts-l-hon-andrew-cardozo"],"acf":[],"_links":{"self":[{"href":"https:\/\/theprogressives.ca\/fr\/wp-json\/wp\/v2\/posts\/14010","targetHints":{"allow":["GET"]}}],"collection":[{"href":"https:\/\/theprogressives.ca\/fr\/wp-json\/wp\/v2\/posts"}],"about":[{"href":"https:\/\/theprogressives.ca\/fr\/wp-json\/wp\/v2\/types\/post"}],"author":[{"embeddable":true,"href":"https:\/\/theprogressives.ca\/fr\/wp-json\/wp\/v2\/users\/3"}],"replies":[{"embeddable":true,"href":"https:\/\/theprogressives.ca\/fr\/wp-json\/wp\/v2\/comments?post=14010"}],"version-history":[{"count":0,"href":"https:\/\/theprogressives.ca\/fr\/wp-json\/wp\/v2\/posts\/14010\/revisions"}],"wp:featuredmedia":[{"embeddable":true,"href":"https:\/\/theprogressives.ca\/fr\/wp-json\/wp\/v2\/media\/1964"}],"wp:attachment":[{"href":"https:\/\/theprogressives.ca\/fr\/wp-json\/wp\/v2\/media?parent=14010"}],"wp:term":[{"taxonomy":"category","embeddable":true,"href":"https:\/\/theprogressives.ca\/fr\/wp-json\/wp\/v2\/categories?post=14010"},{"taxonomy":"post_tag","embeddable":true,"href":"https:\/\/theprogressives.ca\/fr\/wp-json\/wp\/v2\/tags?post=14010"},{"taxonomy":"senator_posts","embeddable":true,"href":"https:\/\/theprogressives.ca\/fr\/wp-json\/wp\/v2\/senator_posts?post=14010"}],"curies":[{"name":"wp","href":"https:\/\/api.w.org\/{rel}","templated":true}]}}