{"id":13945,"date":"2023-05-31T09:57:51","date_gmt":"2023-05-31T13:57:51","guid":{"rendered":"https:\/\/theprogressives.ca\/?p=13945"},"modified":"2023-12-12T14:40:17","modified_gmt":"2023-12-12T19:40:17","slug":"periode-des-questions-ministerielle-lingerence-etrangere","status":"publish","type":"post","link":"https:\/\/theprogressives.ca\/fr\/au-senat\/periode-de-questions\/periode-des-questions-ministerielle-lingerence-etrangere\/","title":{"rendered":"P\u00e9riode des questions minist\u00e9rielle : L\u2019ing\u00e9rence \u00e9trang\u00e8re"},"content":{"rendered":"<p><iframe title=\"Le s\u00e9nateur Cardozo interroge le ministre Mendicino sur l\u2019ing\u00e9rence \u00e9trang\u00e8re - 31 mai 2023 (FR)\" width=\"640\" height=\"360\" data-src=\"https:\/\/www.youtube.com\/embed\/AiTWHzD0LYo?feature=oembed\" frameborder=\"0\" allow=\"accelerometer; autoplay; clipboard-write; encrypted-media; gyroscope; picture-in-picture; web-share\" allowfullscreen src=\"data:image\/svg+xml;base64,PHN2ZyB3aWR0aD0iMSIgaGVpZ2h0PSIxIiB4bWxucz0iaHR0cDovL3d3dy53My5vcmcvMjAwMC9zdmciPjwvc3ZnPg==\" class=\"lazyload\" data-load-mode=\"1\"><\/iframe><\/p>\n<p><b>L\u2019honorable Andrew Cardozo :\u00a0<\/b>Merci, monsieur le ministre. Bienvenue au S\u00e9nat. Merci d\u2019\u00eatre ici pour r\u00e9pondre \u00e0 nos questions.<\/p>\n<p>Ma question porte sur l\u2019ing\u00e9rence \u00e9trang\u00e8re. Je veux proposer une troisi\u00e8me option. En effet, deux options sont discut\u00e9es publiquement\u00a0: l\u2019enqu\u00eate publique et, bien entendu, le processus sugg\u00e9r\u00e9 par M.\u00a0Johnston. Selon moi, les deux ont leurs pour et leurs contre, et votre Chambre semble assur\u00e9ment dans une impasse.<\/p>\n<p>J\u2019aimerais sugg\u00e9rer une option qui combinerait les deux, c\u2019est-\u00e0-dire qu\u2019elle comprendrait une enqu\u00eate publique men\u00e9e par un juge, tout en pr\u00e9voyant un r\u00f4le actif pour le Comit\u00e9 des parlementaires sur la s\u00e9curit\u00e9 nationale et le renseignement et l\u2019Office de surveillance des activit\u00e9s en mati\u00e8re de s\u00e9curit\u00e9 nationale et de renseignement, qui examineraient les documents au d\u00e9but et \u00e0 la fin du processus.<\/p>\n<p>Par ailleurs, j\u2019estime important que l\u2019enqu\u00eate porte sur l\u2019ing\u00e9rence sous toutes ses formes\u00a0\u2014 politique, \u00e9conomique ou sociale\u00a0\u2014 et de la part de tous les pays. Le probl\u00e8me existe depuis un bon moment. Envisageriez-vous une telle option \u00e0 ce stade-ci?<\/p>\n<p><b>L\u2019honorable Marco E. L. Mendicino, c.p., d\u00e9put\u00e9, ministre de la S\u00e9curit\u00e9 publique :\u00a0<\/b>Merci beaucoup, s\u00e9nateur, il s\u2019agit d\u2019une excellente question. J\u2019aimerais commencer par souligner que l\u2019ing\u00e9rence \u00e9trang\u00e8re a des r\u00e9percussions sur tous les aspects de la soci\u00e9t\u00e9, de l\u2019\u00e9conomie aux institutions d\u00e9mocratiques\u00a0\u2014 pensons par exemple \u00e0 ce que nous ont r\u00e9v\u00e9l\u00e9 certains reportages extr\u00eamement troublants au sujet de parlementaires\u00a0\u2014 en passant par la population elle-m\u00eame. La fa\u00e7on dont la r\u00e9pression transnationale emp\u00eache certaines personnes de participer pleinement \u00e0 la vie de leur communaut\u00e9 est l\u2019une des principales raisons pour lesquelles nous avons cr\u00e9\u00e9 tous ces nouveaux pouvoirs et m\u00e9canismes de transparence.<\/p>\n<p>J\u2019aimerais d\u2019ailleurs prendre un instant pour parler de transparence. Le d\u00e9bat continue sur la meilleure voie \u00e0 suivre et, \u00e0 mon avis, si je me fie aux conversations que j\u2019ai eues avec des Canadiens, il faut que les int\u00e9r\u00eats de nos concitoyens soient au c\u0153ur de cet exercice. Selon moi, c\u2019est en organisant des audiences publiques qui permettront aux Canadiens de participer directement au processus et de se prononcer sur les outils dont nous avons besoin pour nous pr\u00e9munir contre l\u2019ing\u00e9rence \u00e9trang\u00e8re que nous r\u00e9ussirons \u00e0 freiner, voire \u00e0 contrer, ce ph\u00e9nom\u00e8ne et \u00e0 r\u00e9tablir la confiance des Canadiens dans leurs institutions.<\/p>\n","protected":false},"excerpt":{"rendered":"<p>L\u2019honorable Andrew Cardozo :\u00a0Merci, monsieur le ministre. Bienvenue au S\u00e9nat. Merci d\u2019\u00eatre ici pour r\u00e9pondre \u00e0 nos questions. Ma question porte sur l\u2019ing\u00e9rence \u00e9trang\u00e8re. Je veux proposer une troisi\u00e8me option. En effet, deux options sont discut\u00e9es publiquement\u00a0: l\u2019enqu\u00eate publique et, bien entendu, le processus sugg\u00e9r\u00e9 par M.\u00a0Johnston. Selon moi, les deux ont leurs pour et&#8230;<\/p>\n","protected":false},"author":3,"featured_media":1912,"comment_status":"closed","ping_status":"closed","sticky":false,"template":"","format":"standard","meta":{"_acf_changed":false,"wds_primary_category":97,"footnotes":""},"categories":[97],"tags":[],"senator_posts":[178],"class_list":["post-13945","post","type-post","status-publish","format-standard","has-post-thumbnail","hentry","category-periode-de-questions","senator_posts-l-hon-andrew-cardozo"],"acf":[],"_links":{"self":[{"href":"https:\/\/theprogressives.ca\/fr\/wp-json\/wp\/v2\/posts\/13945","targetHints":{"allow":["GET"]}}],"collection":[{"href":"https:\/\/theprogressives.ca\/fr\/wp-json\/wp\/v2\/posts"}],"about":[{"href":"https:\/\/theprogressives.ca\/fr\/wp-json\/wp\/v2\/types\/post"}],"author":[{"embeddable":true,"href":"https:\/\/theprogressives.ca\/fr\/wp-json\/wp\/v2\/users\/3"}],"replies":[{"embeddable":true,"href":"https:\/\/theprogressives.ca\/fr\/wp-json\/wp\/v2\/comments?post=13945"}],"version-history":[{"count":0,"href":"https:\/\/theprogressives.ca\/fr\/wp-json\/wp\/v2\/posts\/13945\/revisions"}],"wp:featuredmedia":[{"embeddable":true,"href":"https:\/\/theprogressives.ca\/fr\/wp-json\/wp\/v2\/media\/1912"}],"wp:attachment":[{"href":"https:\/\/theprogressives.ca\/fr\/wp-json\/wp\/v2\/media?parent=13945"}],"wp:term":[{"taxonomy":"category","embeddable":true,"href":"https:\/\/theprogressives.ca\/fr\/wp-json\/wp\/v2\/categories?post=13945"},{"taxonomy":"post_tag","embeddable":true,"href":"https:\/\/theprogressives.ca\/fr\/wp-json\/wp\/v2\/tags?post=13945"},{"taxonomy":"senator_posts","embeddable":true,"href":"https:\/\/theprogressives.ca\/fr\/wp-json\/wp\/v2\/senator_posts?post=13945"}],"curies":[{"name":"wp","href":"https:\/\/api.w.org\/{rel}","templated":true}]}}