{"id":13940,"date":"2023-05-31T09:52:12","date_gmt":"2023-05-31T13:52:12","guid":{"rendered":"https:\/\/theprogressives.ca\/?p=13940"},"modified":"2023-06-01T09:57:30","modified_gmt":"2023-06-01T13:57:30","slug":"connie-walker-felicitations-pour-lobtention-des-prix-pulitzer-et-peabody","status":"publish","type":"post","link":"https:\/\/theprogressives.ca\/fr\/au-senat\/declarations\/connie-walker-felicitations-pour-lobtention-des-prix-pulitzer-et-peabody\/","title":{"rendered":"Connie Walker\u2014F\u00e9licitations pour l\u2019obtention des prix Pulitzer et Peabody"},"content":{"rendered":"<p><iframe title=\"Le s\u00e9nateur Klyne c\u00e9l\u00e8bre Connie Walker - 31 mai 2023 (source fran\u00e7aise)\" width=\"640\" height=\"360\" data-src=\"https:\/\/www.youtube.com\/embed\/QshhxsIXhgE?feature=oembed\" frameborder=\"0\" allow=\"accelerometer; autoplay; clipboard-write; encrypted-media; gyroscope; picture-in-picture; web-share\" allowfullscreen src=\"data:image\/svg+xml;base64,PHN2ZyB3aWR0aD0iMSIgaGVpZ2h0PSIxIiB4bWxucz0iaHR0cDovL3d3dy53My5vcmcvMjAwMC9zdmciPjwvc3ZnPg==\" class=\"lazyload\" data-load-mode=\"1\"><\/iframe><\/p>\n<p><b>L\u2019honorable Marty Klyne :\u00a0<\/b>Honorables s\u00e9nateurs, j\u2019aimerais aujourd\u2019hui rendre hommage \u00e0 une journaliste crie d\u2019origine saskatchewanaise, Connie Walker, qui vient de remporter un prix Pulitzer et un prix Peabody pour sa s\u00e9rie de balados\u00a0<i>Stolen: Surviving St.\u00a0Michael\u2019s<\/i>, qui a \u00e9t\u00e9 lou\u00e9e pour les r\u00e9v\u00e9lations qu\u2019elle contient et la mani\u00e8re \u00e9difiante dont elle raconte ce chapitre de notre histoire.<\/p>\n<p>Mme\u00a0Walker a grandi sur le territoire de la Premi\u00e8re Nation d\u2019Okanese, \u00e0 environ 118 kilom\u00e8tres au nord-est de Regina. Son projet, qui a commenc\u00e9 comme une d\u00e9marche personnelle visant \u00e0 trouver des r\u00e9ponses sur le passage de son p\u00e8re au pensionnat St.\u00a0Michael\u2019s, s\u2019est transform\u00e9 en enqu\u00eate sur les mauvais traitements syst\u00e9miques inflig\u00e9s aux enfants autochtones qui ont \u00e9t\u00e9 forc\u00e9s de fr\u00e9quenter ce pensionnat, dont certains autres membres de sa famille \u00e9largie.<\/p>\n<p>Gr\u00e2ce aux recherches m\u00e9ticuleuses de Connie Walker, \u00e0 la mani\u00e8re captivante dont elle raconte son histoire et \u00e0 sa compassion sans bornes, ce balado nous offre un nouveau moyen de faire la lumi\u00e8re sur la douloureuse histoire des pensionnats du Canada. Gr\u00e2ce \u00e0 ses talents journalistiques exceptionnels, Mme\u00a0Walker a r\u00e9ussi \u00e0 illuminer l\u2019un des chapitres les plus sombres de notre histoire, qui a longtemps \u00e9t\u00e9 tu et gard\u00e9 secret. \u00c0 chaque \u00e9pisode, elle emm\u00e8ne les auditeurs dans une s\u00e9rie de d\u00e9couvertes, en plus de permettre aux survivants de raconter leur histoire et d\u2019attirer l\u2019attention du public sur ce qu\u2019ils ont v\u00e9cu.<\/p>\n<p>En c\u00e9l\u00e9brant les r\u00e9alisations de Connie Walker, nous devons reconna\u00eetre le courage et la r\u00e9silience des survivants qui ont parl\u00e9 de leurs exp\u00e9riences douloureuses. En croyant \u00e0 la sinc\u00e9rit\u00e9 de l\u2019engagement de Mme\u00a0Walker \u00e0 l\u2019\u00e9gard de la v\u00e9rit\u00e9 et de la justice, les survivants ont permis que leur voix soit entendue, et bon nombre d\u2019entre eux se sont rem\u00e9mor\u00e9 des souvenirs traumatisants dans l\u2019espoir de favoriser la compr\u00e9hension et de cr\u00e9er un avenir meilleur pour les g\u00e9n\u00e9rations futures. Ces prix reconnaissent non seulement le talent exceptionnel de conteuse de Connie Walker, mais aussi la bravoure et la r\u00e9silience des survivants qui ont racont\u00e9 leur histoire.<\/p>\n<p>L\u2019inclusion de perspectives autochtones dans les m\u00e9dias b\u00e9n\u00e9ficie \u00e0 l\u2019ensemble des Canadiens. En accueillant ces r\u00e9cits, nous nous ouvrons \u00e0 diff\u00e9rents modes de connaissance, d\u2019existence et de rapports sociaux. Les histoires autochtones ont le pouvoir d\u2019inspirer, d\u2019\u00e9duquer et de susciter des \u00e9changes enrichissants qui transcendent les fronti\u00e8res culturelles. Pour en arriver l\u00e0, il nous faut des fa\u00e7ons nouvelles et accessibles pour amplifier les voix des Premi\u00e8res Nations comme celle de Mme\u00a0Walker. Nous devons appuyer les cin\u00e9astes, les \u00e9crivains, les journalistes et les cr\u00e9ateurs de contenu autochtones et les encourager \u00e0 pr\u00e9senter leurs histoires. En investissant dans diverses perspectives, nous pouvons cr\u00e9er un paysage m\u00e9diatique qui refl\u00e8te la diversit\u00e9 de la soci\u00e9t\u00e9 canadienne. Esp\u00e9rons que les r\u00e9alisations de Connie Walker continueront \u00e0 nous inciter tous \u00e0 \u00e9couter, \u00e0 apprendre et \u00e0 agir.<\/p>\n<p>Merci et\u00a0<i>hiy kitatam\u00eehin<\/i>.<\/p>\n<p><b>Des voix :\u00a0<\/b>Bravo!<\/p>\n","protected":false},"excerpt":{"rendered":"<p>L\u2019honorable Marty Klyne :\u00a0Honorables s\u00e9nateurs, j\u2019aimerais aujourd\u2019hui rendre hommage \u00e0 une journaliste crie d\u2019origine saskatchewanaise, Connie Walker, qui vient de remporter un prix Pulitzer et un prix Peabody pour sa s\u00e9rie de balados\u00a0Stolen: Surviving St.\u00a0Michael\u2019s, qui a \u00e9t\u00e9 lou\u00e9e pour les r\u00e9v\u00e9lations qu\u2019elle contient et la mani\u00e8re \u00e9difiante dont elle raconte ce chapitre de notre&#8230;<\/p>\n","protected":false},"author":3,"featured_media":1946,"comment_status":"closed","ping_status":"closed","sticky":false,"template":"","format":"standard","meta":{"_acf_changed":false,"wds_primary_category":99,"footnotes":""},"categories":[99],"tags":[],"senator_posts":[34],"class_list":["post-13940","post","type-post","status-publish","format-standard","has-post-thumbnail","hentry","category-declarations","senator_posts-l-hon-marty-klyne"],"acf":[],"_links":{"self":[{"href":"https:\/\/theprogressives.ca\/fr\/wp-json\/wp\/v2\/posts\/13940","targetHints":{"allow":["GET"]}}],"collection":[{"href":"https:\/\/theprogressives.ca\/fr\/wp-json\/wp\/v2\/posts"}],"about":[{"href":"https:\/\/theprogressives.ca\/fr\/wp-json\/wp\/v2\/types\/post"}],"author":[{"embeddable":true,"href":"https:\/\/theprogressives.ca\/fr\/wp-json\/wp\/v2\/users\/3"}],"replies":[{"embeddable":true,"href":"https:\/\/theprogressives.ca\/fr\/wp-json\/wp\/v2\/comments?post=13940"}],"version-history":[{"count":0,"href":"https:\/\/theprogressives.ca\/fr\/wp-json\/wp\/v2\/posts\/13940\/revisions"}],"wp:featuredmedia":[{"embeddable":true,"href":"https:\/\/theprogressives.ca\/fr\/wp-json\/wp\/v2\/media\/1946"}],"wp:attachment":[{"href":"https:\/\/theprogressives.ca\/fr\/wp-json\/wp\/v2\/media?parent=13940"}],"wp:term":[{"taxonomy":"category","embeddable":true,"href":"https:\/\/theprogressives.ca\/fr\/wp-json\/wp\/v2\/categories?post=13940"},{"taxonomy":"post_tag","embeddable":true,"href":"https:\/\/theprogressives.ca\/fr\/wp-json\/wp\/v2\/tags?post=13940"},{"taxonomy":"senator_posts","embeddable":true,"href":"https:\/\/theprogressives.ca\/fr\/wp-json\/wp\/v2\/senator_posts?post=13940"}],"curies":[{"name":"wp","href":"https:\/\/api.w.org\/{rel}","templated":true}]}}