{"id":13916,"date":"2023-05-30T14:34:23","date_gmt":"2023-05-30T18:34:23","guid":{"rendered":"https:\/\/theprogressives.ca\/?p=13916"},"modified":"2023-12-12T14:59:16","modified_gmt":"2023-12-12T19:59:16","slug":"lhonorable-a-raynell-andreychuk","status":"publish","type":"post","link":"https:\/\/theprogressives.ca\/fr\/au-senat\/declarations\/lhonorable-a-raynell-andreychuk\/","title":{"rendered":"L&rsquo;honorable A. Raynell Andreychuk"},"content":{"rendered":"<p><iframe title=\"La s\u00e9natrice Gerba rend hommage \u00e0 l&#039;honorable Raynell Andreychuk - 30 mai 2023 (source fran\u00e7aise)\" width=\"640\" height=\"360\" data-src=\"https:\/\/www.youtube.com\/embed\/nqGeB1Cx0TE?feature=oembed\" frameborder=\"0\" allow=\"accelerometer; autoplay; clipboard-write; encrypted-media; gyroscope; picture-in-picture; web-share\" allowfullscreen src=\"data:image\/svg+xml;base64,PHN2ZyB3aWR0aD0iMSIgaGVpZ2h0PSIxIiB4bWxucz0iaHR0cDovL3d3dy53My5vcmcvMjAwMC9zdmciPjwvc3ZnPg==\" class=\"lazyload\" data-load-mode=\"1\"><\/iframe><\/p>\n<p><b>L\u2019honorable Amina Gerba :\u00a0<\/b>Honorables s\u00e9nateurs, le 18\u00a0mai\u00a0dernier, nous avons c\u00e9l\u00e9br\u00e9 les 20\u00a0ans de l\u2019Association parlementaire Canada-Afrique.<\/p>\n<p>J\u2019aimerais rendre hommage \u00e0 la cofondatrice de cette association que j\u2019ai le privil\u00e8ge de copr\u00e9sider aujourd\u2019hui, notre ancienne coll\u00e8gue l\u2019honorable Raynell Andreychuk.<\/p>\n<p>Visionnaire passionn\u00e9e de l\u2019Afrique, l\u2019honorable s\u00e9natrice Andreychuk est une diplomate chevronn\u00e9e qui a pass\u00e9 une bonne partie\u00a0de sa vie professionnelle en Afrique, o\u00f9 elle a \u00e9t\u00e9 en mission comme haute-commissaire du Canada au Kenya et en Ouganda, puis ambassadrice du Canada en Somalie.<\/p>\n<p>Elle a \u00e9t\u00e9 nomm\u00e9e au S\u00e9nat en 1993, devenant ainsi la premi\u00e8re femme de la Saskatchewan \u00e0 servir \u00e0 la Chambre haute du Parlement canadien.<\/p>\n<p>Une fois en fonction au S\u00e9nat, elle a constat\u00e9 qu\u2019il n\u2019y avait rien ni personne qui parlait de l\u2019Afrique, sauf lorsqu\u2019il s\u2019agissait de l\u2019aide au d\u00e9veloppement ou du r\u00f4le de certains pays africains dans la Francophonie. Elle a aussi constat\u00e9 que notre pays n\u2019avait pas de politique \u00e9trang\u00e8re concernant l\u2019Afrique, alors que nous avions des politiques \u00e9trang\u00e8res pour la plupart des r\u00e9gions du monde.<\/p>\n<p>Ce sont tous ces constats qui l\u2019ont amen\u00e9e \u00e0 penser qu\u2019il fallait \u00e9tablir des relations parlementaires directes avec les 54 pays distincts qui forment le continent africain. \u00c0 son avis, notre pays devait \u00e9laborer une politique \u00e9trang\u00e8re \u00e0 l\u2019\u00e9gard de ce continent, qu\u2019elle a eu la chance de visiter et de conna\u00eetre en profondeur.<\/p>\n<p>C\u2019est ainsi qu\u2019avec l\u2019appui du regrett\u00e9 d\u00e9put\u00e9 Mauril B\u00e9langer, elle a cofond\u00e9 l\u2019Association parlementaire Canada-Afrique en 2003, qu\u2019ils ont copr\u00e9sid\u00e9e jusqu\u2019en 2016.<\/p>\n<p>En deux d\u00e9cennies, l\u2019association a organis\u00e9 des missions bilat\u00e9rales dans 34 pays africains, ce qui a permis de tisser des relations directes avec des parlementaires africains et de faire rayonner, entre autres, nos valeurs d\u00e9mocratiques dans les pays visit\u00e9s.<\/p>\n<p>Honorables s\u00e9nateurs, je suis honor\u00e9e et tr\u00e8s fi\u00e8re de poursuivre sur cette voie trac\u00e9e par l\u2019honorable s\u00e9natrice Andreychuk pour arriver un jour, je l\u2019esp\u00e8re, \u00e0 un v\u00e9ritable partenariat et un rapprochement entre le Canada et l\u2019Afrique.<\/p>\n<p>Merci.<\/p>\n","protected":false},"excerpt":{"rendered":"<p>L\u2019honorable Amina Gerba :\u00a0Honorables s\u00e9nateurs, le 18\u00a0mai\u00a0dernier, nous avons c\u00e9l\u00e9br\u00e9 les 20\u00a0ans de l\u2019Association parlementaire Canada-Afrique. J\u2019aimerais rendre hommage \u00e0 la cofondatrice de cette association que j\u2019ai le privil\u00e8ge de copr\u00e9sider aujourd\u2019hui, notre ancienne coll\u00e8gue l\u2019honorable Raynell Andreychuk. Visionnaire passionn\u00e9e de l\u2019Afrique, l\u2019honorable s\u00e9natrice Andreychuk est une diplomate chevronn\u00e9e qui a pass\u00e9 une bonne partie\u00a0de&#8230;<\/p>\n","protected":false},"author":3,"featured_media":1984,"comment_status":"closed","ping_status":"closed","sticky":false,"template":"","format":"standard","meta":{"_acf_changed":false,"wds_primary_category":99,"footnotes":""},"categories":[99],"tags":[],"senator_posts":[117],"class_list":["post-13916","post","type-post","status-publish","format-standard","has-post-thumbnail","hentry","category-declarations","senator_posts-l-hon-amina-gerba"],"acf":[],"_links":{"self":[{"href":"https:\/\/theprogressives.ca\/fr\/wp-json\/wp\/v2\/posts\/13916","targetHints":{"allow":["GET"]}}],"collection":[{"href":"https:\/\/theprogressives.ca\/fr\/wp-json\/wp\/v2\/posts"}],"about":[{"href":"https:\/\/theprogressives.ca\/fr\/wp-json\/wp\/v2\/types\/post"}],"author":[{"embeddable":true,"href":"https:\/\/theprogressives.ca\/fr\/wp-json\/wp\/v2\/users\/3"}],"replies":[{"embeddable":true,"href":"https:\/\/theprogressives.ca\/fr\/wp-json\/wp\/v2\/comments?post=13916"}],"version-history":[{"count":0,"href":"https:\/\/theprogressives.ca\/fr\/wp-json\/wp\/v2\/posts\/13916\/revisions"}],"wp:featuredmedia":[{"embeddable":true,"href":"https:\/\/theprogressives.ca\/fr\/wp-json\/wp\/v2\/media\/1984"}],"wp:attachment":[{"href":"https:\/\/theprogressives.ca\/fr\/wp-json\/wp\/v2\/media?parent=13916"}],"wp:term":[{"taxonomy":"category","embeddable":true,"href":"https:\/\/theprogressives.ca\/fr\/wp-json\/wp\/v2\/categories?post=13916"},{"taxonomy":"post_tag","embeddable":true,"href":"https:\/\/theprogressives.ca\/fr\/wp-json\/wp\/v2\/tags?post=13916"},{"taxonomy":"senator_posts","embeddable":true,"href":"https:\/\/theprogressives.ca\/fr\/wp-json\/wp\/v2\/senator_posts?post=13916"}],"curies":[{"name":"wp","href":"https:\/\/api.w.org\/{rel}","templated":true}]}}