{"id":13877,"date":"2023-05-18T13:05:13","date_gmt":"2023-05-18T17:05:13","guid":{"rendered":"https:\/\/theprogressives.ca\/?p=13877"},"modified":"2023-12-12T14:59:25","modified_gmt":"2023-12-12T19:59:25","slug":"la-journee-mondiale-de-lafrique","status":"publish","type":"post","link":"https:\/\/theprogressives.ca\/fr\/au-senat\/declarations\/la-journee-mondiale-de-lafrique\/","title":{"rendered":"La Journ\u00e9e mondiale de l\u2019Afrique"},"content":{"rendered":"<p><iframe title=\"La s\u00e9natrice Gerba parle de la Journ\u00e9e mondiale de l\u2019Afrique - 18 mai 2023 (source fran\u00e7aise)\" width=\"640\" height=\"360\" data-src=\"https:\/\/www.youtube.com\/embed\/IY6jmsFV348?feature=oembed\" frameborder=\"0\" allow=\"accelerometer; autoplay; clipboard-write; encrypted-media; gyroscope; picture-in-picture; web-share\" allowfullscreen src=\"data:image\/svg+xml;base64,PHN2ZyB3aWR0aD0iMSIgaGVpZ2h0PSIxIiB4bWxucz0iaHR0cDovL3d3dy53My5vcmcvMjAwMC9zdmciPjwvc3ZnPg==\" class=\"lazyload\" data-load-mode=\"1\"><\/iframe><\/p>\n<p><b>L\u2019honorable Amina Gerba :\u00a0<\/b>Madame la Pr\u00e9sidente, f\u00e9licitations pour votre nomination comme 46<sup>e<\/sup>\u00a0Pr\u00e9sidente du S\u00e9nat!<\/p>\n<p>Chers coll\u00e8gues, \u00e0 l\u2019heure o\u00f9 nous nous appr\u00eatons \u00e0 c\u00e9l\u00e9brer la Journ\u00e9e mondiale de l\u2019Afrique, le 25\u00a0mai\u00a0prochain, je tiens \u00e0 souligner l\u2019apport remarquable de la diaspora africaine aussi bien pour son continent d\u2019origine que pour ses pays d\u2019accueil. La diaspora africaine fait r\u00e9f\u00e9rence \u00e0 toute personne d\u2019ascendance africaine vivant hors du continent. En 20\u00a0ans, la diaspora africaine a plus que tripl\u00e9 au Canada, passant de 300\u00a0000 personnes en 2000 \u00e0 1,3 million en 2021.<\/p>\n<p>Enracin\u00e9s dans un sentiment d\u2019appartenance patriotique, les Africains de la diaspora sont des b\u00e2tisseurs naturels de ponts socio\u00e9conomiques et culturels avec leurs pays d\u2019adoption.<\/p>\n<p>Partout dans le monde, des figures africaines se sont impos\u00e9es dans diff\u00e9rents secteurs, notamment les arts et la culture, l\u2019enseignement, la politique, la recherche et particuli\u00e8rement les affaires, o\u00f9 ces femmes et ces hommes brillent. L\u2019histoire du Canada en t\u00e9moigne.<\/p>\n<p>En effet, depuis l\u2019arriv\u00e9e de Mathieu da Costa, premier Africain arriv\u00e9 au Canada au d\u00e9but du XVII<sup>e<\/sup>\u00a0si\u00e8cle, de nombreuses personnes d\u2019origine africaine ont fa\u00e7onn\u00e9 le patrimoine de notre nation. Pensons notamment \u00e0 Lincoln Alexander, Viola Desmond et Oscar Peterson.<\/p>\n<p>Je souligne d\u2019ailleurs la pr\u00e9sence \u00e0 la tribune de certains membres influents de la diaspora africaine du Qu\u00e9bec\u00a0: Souad Elmallem, Fid\u00e8le Toghoua, Henriette Mvondo et Cyrille \u00c9kwalla. Il y a \u00e9galement plusieurs autres membres de la diaspora qui seront signal\u00e9s plus tard, du Groupe Excellence Qu\u00e9bec et de l\u2019organisme United Actions for Africa. Ceux-ci prendront part \u00e0 la c\u00e9l\u00e9bration des 20\u00a0ans de l\u2019Association parlementaire Canada-Afrique.<\/p>\n<p>Chers coll\u00e8gues, nous pouvons nous inspirer de nos voisins du Sud qui ont su mettre sur pied un organisme nomm\u00e9 Prosper Africa, pour orienter la strat\u00e9gie africaine de l\u2019administration Biden-Harris. Pour ce faire, notre pays peut et doit compter sur l\u2019engagement et le dynamisme entrepreneurial de sa diaspora africaine pour porter une telle initiative, et bien plus.<\/p>\n<p>Merci de votre attention.<\/p>\n","protected":false},"excerpt":{"rendered":"<p>L\u2019honorable Amina Gerba :\u00a0Madame la Pr\u00e9sidente, f\u00e9licitations pour votre nomination comme 46e\u00a0Pr\u00e9sidente du S\u00e9nat! Chers coll\u00e8gues, \u00e0 l\u2019heure o\u00f9 nous nous appr\u00eatons \u00e0 c\u00e9l\u00e9brer la Journ\u00e9e mondiale de l\u2019Afrique, le 25\u00a0mai\u00a0prochain, je tiens \u00e0 souligner l\u2019apport remarquable de la diaspora africaine aussi bien pour son continent d\u2019origine que pour ses pays d\u2019accueil. La diaspora africaine&#8230;<\/p>\n","protected":false},"author":3,"featured_media":1952,"comment_status":"closed","ping_status":"closed","sticky":false,"template":"","format":"standard","meta":{"_acf_changed":false,"wds_primary_category":99,"footnotes":""},"categories":[99],"tags":[],"senator_posts":[117],"class_list":["post-13877","post","type-post","status-publish","format-standard","has-post-thumbnail","hentry","category-declarations","senator_posts-l-hon-amina-gerba"],"acf":[],"_links":{"self":[{"href":"https:\/\/theprogressives.ca\/fr\/wp-json\/wp\/v2\/posts\/13877","targetHints":{"allow":["GET"]}}],"collection":[{"href":"https:\/\/theprogressives.ca\/fr\/wp-json\/wp\/v2\/posts"}],"about":[{"href":"https:\/\/theprogressives.ca\/fr\/wp-json\/wp\/v2\/types\/post"}],"author":[{"embeddable":true,"href":"https:\/\/theprogressives.ca\/fr\/wp-json\/wp\/v2\/users\/3"}],"replies":[{"embeddable":true,"href":"https:\/\/theprogressives.ca\/fr\/wp-json\/wp\/v2\/comments?post=13877"}],"version-history":[{"count":0,"href":"https:\/\/theprogressives.ca\/fr\/wp-json\/wp\/v2\/posts\/13877\/revisions"}],"wp:featuredmedia":[{"embeddable":true,"href":"https:\/\/theprogressives.ca\/fr\/wp-json\/wp\/v2\/media\/1952"}],"wp:attachment":[{"href":"https:\/\/theprogressives.ca\/fr\/wp-json\/wp\/v2\/media?parent=13877"}],"wp:term":[{"taxonomy":"category","embeddable":true,"href":"https:\/\/theprogressives.ca\/fr\/wp-json\/wp\/v2\/categories?post=13877"},{"taxonomy":"post_tag","embeddable":true,"href":"https:\/\/theprogressives.ca\/fr\/wp-json\/wp\/v2\/tags?post=13877"},{"taxonomy":"senator_posts","embeddable":true,"href":"https:\/\/theprogressives.ca\/fr\/wp-json\/wp\/v2\/senator_posts?post=13877"}],"curies":[{"name":"wp","href":"https:\/\/api.w.org\/{rel}","templated":true}]}}