{"id":13868,"date":"2023-05-17T16:36:17","date_gmt":"2023-05-17T20:36:17","guid":{"rendered":"https:\/\/theprogressives.ca\/?p=13868"},"modified":"2023-12-12T14:40:29","modified_gmt":"2023-12-12T19:40:29","slug":"periode-des-questions-lintelligence-artificielle-et-les-donnees","status":"publish","type":"post","link":"https:\/\/theprogressives.ca\/fr\/au-senat\/periode-de-questions\/periode-des-questions-lintelligence-artificielle-et-les-donnees\/","title":{"rendered":"P\u00e9riode des questions : L&rsquo;intelligence artificielle et les donn\u00e9es"},"content":{"rendered":"<p><iframe title=\"Le s\u00e9nateur Cardozo pose des questions sur l&#039;intelligence artificielle et les donn\u00e9es - 17 mai 2023\" width=\"640\" height=\"360\" data-src=\"https:\/\/www.youtube.com\/embed\/yL9E_pL9oQI?feature=oembed\" frameborder=\"0\" allow=\"accelerometer; autoplay; clipboard-write; encrypted-media; gyroscope; picture-in-picture; web-share\" allowfullscreen src=\"data:image\/svg+xml;base64,PHN2ZyB3aWR0aD0iMSIgaGVpZ2h0PSIxIiB4bWxucz0iaHR0cDovL3d3dy53My5vcmcvMjAwMC9zdmciPjwvc3ZnPg==\" class=\"lazyload\" data-load-mode=\"1\"><\/iframe><\/p>\n<p><b>L\u2019honorable Andrew Cardozo :\u00a0<\/b>Madame la Pr\u00e9sidente, tout d\u2019abord, je dois dire que je suis tr\u00e8s honor\u00e9 de poser une question au cours de votre premi\u00e8re semaine en tant que Pr\u00e9sidente du S\u00e9nat. F\u00e9licitations.<\/p>\n<p>Ma question s\u2019adresse au repr\u00e9sentant du gouvernement au S\u00e9nat.<\/p>\n<p>Je voudrais poser une question au sujet de l\u2019intelligence artificielle pour faire suite en quelque sorte \u00e0 celle pos\u00e9e par ma coll\u00e8gue plus t\u00f4t. Cette technologie \u00e9volue depuis de nombreuses ann\u00e9es, mais c\u2019est vraiment de 2023 dont on se souviendra dans l\u2019histoire en tant qu\u2019ann\u00e9e o\u00f9 l\u2019intelligence artificielle a franchi un cap et est possiblement devenue plus intelligente que les humains. Il y a eu ChatGPT, et bient\u00f4t GPT-4 qui arrivera, et les lettres inimaginables publi\u00e9es le 29\u00a0mars\u00a0par les propri\u00e9taires et les inventeurs de l\u2019intelligence artificielle qui demandaient \u00e0 tout le monde de ralentir la cadence. M\u00eame Geoffrey Hinton, qu\u2019on appelle souvent le parrain de l\u2019intelligence artificielle, a demand\u00e9, la fin de semaine derni\u00e8re sur les ondes de CBC Radio, aux gouvernements d\u2019intervenir et d\u2019imposer un cadre \u00e0 l\u2019intelligence artificielle. Je r\u00e9p\u00e8te\u00a0: les inventeurs de l\u2019intelligence artificielle demandent au gouvernement d\u2019intervenir pour freiner l\u2019\u00e9volution de leur invention, qui semble vouloir \u00e9chapper \u00e0 tout contr\u00f4le. Cette semaine, je vous transmettrai un article\u00a0sur ce sujet et sur la polarisation suscit\u00e9e par l\u2019intelligence artificielle r\u00e9dig\u00e9 par Shawn Brayman, un sp\u00e9cialiste des technologies logicielles.<\/p>\n<p>Qu\u2019est-ce que le gouvernement est pr\u00eat \u00e0 faire pour ma\u00eetriser la situation dans le monde de l\u2019intelligence artificielle o\u00f9 nous vivons et qui semble vouloir \u00e9chapper \u00e0 tout contr\u00f4le?<\/p>\n<p><b>L\u2019honorable Marc Gold (repr\u00e9sentant du gouvernement au S\u00e9nat) :\u00a0<\/b>Je vous remercie. Chers coll\u00e8gues, comme vous le savez et comme l\u2019a dit la s\u00e9natrice Coyle dans sa question, le gouvernement a pr\u00e9sent\u00e9 le projet de loi\u00a0C-27, qui mettra en \u0153uvre la Charte du num\u00e9rique et dont une partie\u00a0\u00e9dictera la Loi sur l\u2019intelligence artificielle et les donn\u00e9es. Nous disposerons alors d\u2019un cadre pour att\u00e9nuer les risques associ\u00e9s \u00e0 l\u2019intelligence artificielle de m\u00eame que ses effets n\u00e9fastes, ici au Canada, et pour bien g\u00e9rer les risques associ\u00e9s aux syst\u00e8mes d\u2019intelligence artificielle \u00e0 incidence \u00e9lev\u00e9e.<\/p>\n<p>Je crois \u00e9galement savoir que, derni\u00e8rement, le ministre Champagne a convoqu\u00e9 une r\u00e9union d\u2019urgence du Conseil consultatif en mati\u00e8re d\u2019intelligence artificielle justement dans le but de discuter d\u2019intelligence artificielle g\u00e9n\u00e9rative et d\u2019obtenir l\u2019avis des sp\u00e9cialistes sur la voie que devrait prendre le Canada pour que l\u2019intelligence artificielle soit utilis\u00e9e de mani\u00e8re responsable.<\/p>\n<p><b>Le s\u00e9nateur Cardozo :\u00a0<\/b>J\u2019ai une question compl\u00e9mentaire. J\u2019aimerais approfondir un peu plus un des points abord\u00e9s par M.\u00a0Brayman dans son article. Selon lui, de 400 \u00e0 800 millions d\u2019emplois pourraient dispara\u00eetre en tr\u00e8s peu de temps dans le monde \u00e0 cause de l\u2019intelligence artificielle. Comment peut-on se pr\u00e9parer \u00e0 un tel changement de soci\u00e9t\u00e9? Craignez-vous qu\u2019un bouleversement \u00e9conomique d\u2019une telle ampleur puisse cr\u00e9er de l\u2019instabilit\u00e9 et susciter la polarisation?<\/p>\n<p><b>Le s\u00e9nateur Gold :\u00a0<\/b>C\u2019est une grande question. Comme je l\u2019ai dit dans ma r\u00e9ponse \u00e0 la s\u00e9natrice Coyle, il est ind\u00e9niable que si la r\u00e9volution industrielle a transform\u00e9 la soci\u00e9t\u00e9 dans les si\u00e8cles pass\u00e9s, la r\u00e9volution de l\u2019information, qui a d\u00e9but\u00e9 il y a d\u00e9j\u00e0 plusieurs d\u00e9cennies, semble aujourd\u2019hui avoir des cons\u00e9quences encore plus dramatiques et rapides. Toute transformation provoque des bouleversements et des changements; on le constate non seulement dans ce domaine, mais dans l\u2019\u00e9conomie en g\u00e9n\u00e9ral tandis que notre monde entreprend une transition qui le fera passer d\u2019une importante d\u00e9pendance aux combustibles fossiles \u00e0 d\u2019autres formes d\u2019\u00e9nergie.<\/p>\n<p>Le gouvernement s\u2019occupe activement de ce dossier, notamment en ce qui concerne les risques, et je suis persuad\u00e9 qu\u2019il saura g\u00e9rer les r\u00e9percussions \u00e9conomiques des transformations qui ne manqueront pas de suivre la progression de l\u2019intelligence artificielle dans tous les aspects de notre vie.<\/p>\n","protected":false},"excerpt":{"rendered":"<p>L\u2019honorable Andrew Cardozo :\u00a0Madame la Pr\u00e9sidente, tout d\u2019abord, je dois dire que je suis tr\u00e8s honor\u00e9 de poser une question au cours de votre premi\u00e8re semaine en tant que Pr\u00e9sidente du S\u00e9nat. F\u00e9licitations. Ma question s\u2019adresse au repr\u00e9sentant du gouvernement au S\u00e9nat. Je voudrais poser une question au sujet de l\u2019intelligence artificielle pour faire suite&#8230;<\/p>\n","protected":false},"author":3,"featured_media":1994,"comment_status":"closed","ping_status":"closed","sticky":false,"template":"","format":"standard","meta":{"_acf_changed":false,"wds_primary_category":97,"footnotes":""},"categories":[97],"tags":[],"senator_posts":[178],"class_list":["post-13868","post","type-post","status-publish","format-standard","has-post-thumbnail","hentry","category-periode-de-questions","senator_posts-l-hon-andrew-cardozo"],"acf":[],"_links":{"self":[{"href":"https:\/\/theprogressives.ca\/fr\/wp-json\/wp\/v2\/posts\/13868","targetHints":{"allow":["GET"]}}],"collection":[{"href":"https:\/\/theprogressives.ca\/fr\/wp-json\/wp\/v2\/posts"}],"about":[{"href":"https:\/\/theprogressives.ca\/fr\/wp-json\/wp\/v2\/types\/post"}],"author":[{"embeddable":true,"href":"https:\/\/theprogressives.ca\/fr\/wp-json\/wp\/v2\/users\/3"}],"replies":[{"embeddable":true,"href":"https:\/\/theprogressives.ca\/fr\/wp-json\/wp\/v2\/comments?post=13868"}],"version-history":[{"count":0,"href":"https:\/\/theprogressives.ca\/fr\/wp-json\/wp\/v2\/posts\/13868\/revisions"}],"wp:featuredmedia":[{"embeddable":true,"href":"https:\/\/theprogressives.ca\/fr\/wp-json\/wp\/v2\/media\/1994"}],"wp:attachment":[{"href":"https:\/\/theprogressives.ca\/fr\/wp-json\/wp\/v2\/media?parent=13868"}],"wp:term":[{"taxonomy":"category","embeddable":true,"href":"https:\/\/theprogressives.ca\/fr\/wp-json\/wp\/v2\/categories?post=13868"},{"taxonomy":"post_tag","embeddable":true,"href":"https:\/\/theprogressives.ca\/fr\/wp-json\/wp\/v2\/tags?post=13868"},{"taxonomy":"senator_posts","embeddable":true,"href":"https:\/\/theprogressives.ca\/fr\/wp-json\/wp\/v2\/senator_posts?post=13868"}],"curies":[{"name":"wp","href":"https:\/\/api.w.org\/{rel}","templated":true}]}}