{"id":13795,"date":"2023-05-10T08:29:44","date_gmt":"2023-05-10T12:29:44","guid":{"rendered":"https:\/\/theprogressives.ca\/?p=13795"},"modified":"2023-05-12T08:32:38","modified_gmt":"2023-05-12T12:32:38","slug":"hommage-du-senateur-klyne-a-lhonorable-patricia-bovey","status":"publish","type":"post","link":"https:\/\/theprogressives.ca\/fr\/au-senat\/declarations\/hommage-du-senateur-klyne-a-lhonorable-patricia-bovey\/","title":{"rendered":"Hommage du s\u00e9nateur Klyne \u00e0 l&rsquo;honorable Patricia Bovey"},"content":{"rendered":"<p><iframe title=\"Le s\u00e9nateur Klyne rend hommage \u00e0 la s\u00e9natrice Bovey - 10 mai 2023 (source fran\u00e7aise)\" width=\"640\" height=\"360\" data-src=\"https:\/\/www.youtube.com\/embed\/ysTXD8C-Oes?feature=oembed\" frameborder=\"0\" allow=\"accelerometer; autoplay; clipboard-write; encrypted-media; gyroscope; picture-in-picture; web-share\" allowfullscreen src=\"data:image\/svg+xml;base64,PHN2ZyB3aWR0aD0iMSIgaGVpZ2h0PSIxIiB4bWxucz0iaHR0cDovL3d3dy53My5vcmcvMjAwMC9zdmciPjwvc3ZnPg==\" class=\"lazyload\" data-load-mode=\"1\"><\/iframe><\/p>\n<p><b>L\u2019honorable Marty Klyne :\u00a0<\/b>Honorables s\u00e9nateurs, je souhaite aujourd\u2019hui rendre hommage \u00e0 une coll\u00e8gue remarquable, la s\u00e9natrice Patricia Bovey. La passion de la s\u00e9natrice Bovey pour les arts et la justice sociale n\u2019a d\u2019\u00e9gale que sa g\u00e9n\u00e9rosit\u00e9. La s\u00e9natrice Bovey a consacr\u00e9 sa vie aux arts et elle a fait une longue carri\u00e8re en arts visuels, y compris \u00e0 titre de conservatrice et de directrice du Mus\u00e9e des beaux-arts de Winnipeg, de membre du conseil d\u2019administration du Conseil des arts du Canada, d\u2019historienne de l\u2019art, de professeure, d\u2019autrice et, pendant de longues ann\u00e9es, de consultante en gestion des arts pour des organismes \u00e0 but non lucratif.<\/p>\n<p>D\u00e8s sa nomination, en 2016, la s\u00e9natrice Bovey a marqu\u00e9 le S\u00e9nat par son dynamisme. Outre les arts, elle s\u2019est int\u00e9ress\u00e9e \u00e0 l\u2019Arctique canadien, aux oc\u00e9ans, aux p\u00eaches ainsi qu\u2019aux affaires autochtones et \u00e9trang\u00e8res. En qualit\u00e9 de Pr\u00e9sidente suppl\u00e9ante du S\u00e9nat, elle a pu repr\u00e9senter le Pr\u00e9sident lors de diverses rencontres internationales. Au Comit\u00e9 s\u00e9natorial permanent des affaires \u00e9trang\u00e8res et du commerce international, c\u2019est elle qui fut \u00e0 l\u2019origine de l\u2019\u00e9tude qui a donn\u00e9 lieu au rapport\u00a0<i>La diplomatie culturelle \u00e0 l\u2019avant-sc\u00e8ne de la politique \u00e9trang\u00e8re du Canada<\/i>. Elle a aussi \u00e9t\u00e9 vice-pr\u00e9sidente du Comit\u00e9 s\u00e9natorial permanent des transports et des communications et du Comit\u00e9 s\u00e9natorial sp\u00e9cial sur l\u2019Arctique. Comme de raison, elle a \u00e9galement pr\u00e9sid\u00e9 le Groupe de travail consultatif sur les \u0153uvres d\u2019art et le patrimoine du S\u00e9nat, \u00e0 qui l\u2019on doit l\u2019installation des premi\u00e8res \u0153uvres r\u00e9alis\u00e9es par des artistes canadiens noirs \u00e0 orner les murs du S\u00e9nat depuis 1867.<\/p>\n<p>Elle a \u00e9t\u00e9 membre dirigeante du Comit\u00e9 s\u00e9natorial permanent des affaires sociales, des sciences et de la technologie et membre du Comit\u00e9 s\u00e9natorial permanent des langues officielles et du Comit\u00e9 permanent du R\u00e8glement, de la proc\u00e9dure et des droits du Parlement.<\/p>\n<p>La s\u00e9natrice Bovey a parrain\u00e9 des projets de loi pour \u00e9tendre les zones de protection marine, cr\u00e9er le poste d\u2019artiste visuel officiel du Parlement et souligner le r\u00f4le essentiel des artistes. Elle est, depuis 2020, une membre dynamique et pr\u00e9cieuse du Groupe progressiste du S\u00e9nat, dont elle a \u00e9t\u00e9 une agente de liaison.<\/p>\n<p>Je crois parler au nom de nous tous, honorables coll\u00e8gues, en disant que la s\u00e9natrice Bovey a \u00e9t\u00e9 un mod\u00e8le inspirant pour tous ceux qui ont eu le privil\u00e8ge de travailler avec elle. Elle s\u2019appr\u00eate \u00e0 quitter ses fonctions au S\u00e9nat, mais nous pouvons tous nous r\u00e9jouir en sachant que l\u2019h\u00e9ritage de la s\u00e9natrice Bovey perdurera, et nous avons h\u00e2te de voir quelles seront ses prochaines contributions \u00e0 la soci\u00e9t\u00e9 canadienne.<\/p>\n<p>Merci.\u00a0<i>Hiy kitatamihin<\/i>.<\/p>\n<p><b>Des voix :\u00a0<\/b>Bravo!<\/p>\n","protected":false},"excerpt":{"rendered":"<p>L\u2019honorable Marty Klyne :\u00a0Honorables s\u00e9nateurs, je souhaite aujourd\u2019hui rendre hommage \u00e0 une coll\u00e8gue remarquable, la s\u00e9natrice Patricia Bovey. La passion de la s\u00e9natrice Bovey pour les arts et la justice sociale n\u2019a d\u2019\u00e9gale que sa g\u00e9n\u00e9rosit\u00e9. La s\u00e9natrice Bovey a consacr\u00e9 sa vie aux arts et elle a fait une longue carri\u00e8re en arts visuels,&#8230;<\/p>\n","protected":false},"author":3,"featured_media":2056,"comment_status":"closed","ping_status":"closed","sticky":false,"template":"","format":"standard","meta":{"_acf_changed":false,"wds_primary_category":99,"footnotes":""},"categories":[99],"tags":[],"senator_posts":[34],"class_list":["post-13795","post","type-post","status-publish","format-standard","has-post-thumbnail","hentry","category-declarations","senator_posts-l-hon-marty-klyne"],"acf":[],"_links":{"self":[{"href":"https:\/\/theprogressives.ca\/fr\/wp-json\/wp\/v2\/posts\/13795","targetHints":{"allow":["GET"]}}],"collection":[{"href":"https:\/\/theprogressives.ca\/fr\/wp-json\/wp\/v2\/posts"}],"about":[{"href":"https:\/\/theprogressives.ca\/fr\/wp-json\/wp\/v2\/types\/post"}],"author":[{"embeddable":true,"href":"https:\/\/theprogressives.ca\/fr\/wp-json\/wp\/v2\/users\/3"}],"replies":[{"embeddable":true,"href":"https:\/\/theprogressives.ca\/fr\/wp-json\/wp\/v2\/comments?post=13795"}],"version-history":[{"count":0,"href":"https:\/\/theprogressives.ca\/fr\/wp-json\/wp\/v2\/posts\/13795\/revisions"}],"wp:featuredmedia":[{"embeddable":true,"href":"https:\/\/theprogressives.ca\/fr\/wp-json\/wp\/v2\/media\/2056"}],"wp:attachment":[{"href":"https:\/\/theprogressives.ca\/fr\/wp-json\/wp\/v2\/media?parent=13795"}],"wp:term":[{"taxonomy":"category","embeddable":true,"href":"https:\/\/theprogressives.ca\/fr\/wp-json\/wp\/v2\/categories?post=13795"},{"taxonomy":"post_tag","embeddable":true,"href":"https:\/\/theprogressives.ca\/fr\/wp-json\/wp\/v2\/tags?post=13795"},{"taxonomy":"senator_posts","embeddable":true,"href":"https:\/\/theprogressives.ca\/fr\/wp-json\/wp\/v2\/senator_posts?post=13795"}],"curies":[{"name":"wp","href":"https:\/\/api.w.org\/{rel}","templated":true}]}}