{"id":13757,"date":"2023-05-09T16:24:44","date_gmt":"2023-05-09T20:24:44","guid":{"rendered":"https:\/\/theprogressives.ca\/?p=13757"},"modified":"2023-05-11T09:07:30","modified_gmt":"2023-05-11T13:07:30","slug":"periode-des-questions-loi-de-jane-goodall","status":"publish","type":"post","link":"https:\/\/theprogressives.ca\/fr\/au-senat\/periode-de-questions\/periode-des-questions-loi-de-jane-goodall\/","title":{"rendered":"P\u00e9riode des questions : Loi de Jane Goodall"},"content":{"rendered":"<p><iframe title=\"Le s\u00e9nateur Klyne pose une question sur la Loi de Jane Goodall - 9 mai 2023 (source fran\u00e7aise)\" width=\"640\" height=\"360\" data-src=\"https:\/\/www.youtube.com\/embed\/hwnr_9yvp4s?feature=oembed\" frameborder=\"0\" allow=\"accelerometer; autoplay; clipboard-write; encrypted-media; gyroscope; picture-in-picture; web-share\" allowfullscreen src=\"data:image\/svg+xml;base64,PHN2ZyB3aWR0aD0iMSIgaGVpZ2h0PSIxIiB4bWxucz0iaHR0cDovL3d3dy53My5vcmcvMjAwMC9zdmciPjwvc3ZnPg==\" class=\"lazyload\" data-load-mode=\"1\"><\/iframe><\/p>\n<p><b>L\u2019honorable Marty Klyne :\u00a0<\/b>S\u00e9nateur Gold, le projet de loi\u00a0S-241, loi de Jane Goodall, propose l\u2019adoption des mesures de protection juridique les plus s\u00e9v\u00e8res de la plan\u00e8te concernant les animaux sauvages en captivit\u00e9. Ces mesures comprennent l\u2019interdiction de poss\u00e9der de grands f\u00e9lins sans permis et l\u2019\u00e9limination progressive de la d\u00e9tention d\u2019\u00e9l\u00e9phants au Canada. Le projet de loi pr\u00e9voit \u00e9galement des mesures de soutien \u00e0 la lutte contre le trafic d\u2019esp\u00e8ces sauvage, notamment l\u2019ivoire d\u2019\u00e9l\u00e9phant et les cornes de rhinoc\u00e9ros.<\/p>\n<p>En outre, avec 15 discours et plus de quatre heures de d\u00e9bats sur 13\u00a0mois, le projet de loi\u00a0S-241 est le projet de loi qui a le plus \u00e9t\u00e9 d\u00e9battu \u00e0 l\u2019\u00e9tape de la deuxi\u00e8me lecture au S\u00e9nat au cours de la 44<sup>e<\/sup>\u00a0l\u00e9gislature, et il reste encore le discours d\u2019un porte-parole.<\/p>\n<p>Je souligne que le projet de loi\u00a0S-241 r\u00e9pond \u00e0 deux promesses \u00e9lectorales du gouvernement mentionn\u00e9es dans la lettre de mandat du ministre Guilbeault, soit prot\u00e9ger les animaux en captivit\u00e9 et contrer le commerce ill\u00e9gal des esp\u00e8ces sauvages, notamment le commerce de l\u2019ivoire d\u2019\u00e9l\u00e9phant et de la corne de rhinoc\u00e9ros.<\/p>\n<p>Mme\u00a0Goodall viendra au Canada pendant le mois de mai; pouvez-vous confirmer que le gouvernement souhaite que le projet de loi\u00a0S-241 soit renvoy\u00e9 au comit\u00e9 le plus rapidement possible? Sinon, est-ce que le gouvernement entend pr\u00e9senter sa propre version de la loi de Jane Goodall pour sauver cette mesure l\u00e9gislative?<\/p>\n<p><b>L\u2019honorable Marc Gold (repr\u00e9sentant du gouvernement au S\u00e9nat) :\u00a0<\/b>Je vous remercie de votre question.<\/p>\n<p>Afin d\u2019interrompre le recul de plus en plus marqu\u00e9 de la biodiversit\u00e9 partout dans le monde, il est absolument essentiel d\u2019adopter des lois pour am\u00e9liorer la protection des animaux. J\u2019ai appris que le ministre est impatient d\u2019entendre les d\u00e9bats sur ce projet de loi et la mani\u00e8re dont il vient rejoindre les engagements \u00e9nonc\u00e9s dans le mandat du gouvernement concernant la protection des animaux au Canada et \u00e0 l\u2019\u00e9tranger.<\/p>\n","protected":false},"excerpt":{"rendered":"<p>L\u2019honorable Marty Klyne :\u00a0S\u00e9nateur Gold, le projet de loi\u00a0S-241, loi de Jane Goodall, propose l\u2019adoption des mesures de protection juridique les plus s\u00e9v\u00e8res de la plan\u00e8te concernant les animaux sauvages en captivit\u00e9. Ces mesures comprennent l\u2019interdiction de poss\u00e9der de grands f\u00e9lins sans permis et l\u2019\u00e9limination progressive de la d\u00e9tention d\u2019\u00e9l\u00e9phants au Canada. Le projet de&#8230;<\/p>\n","protected":false},"author":3,"featured_media":1984,"comment_status":"closed","ping_status":"closed","sticky":false,"template":"","format":"standard","meta":{"_acf_changed":false,"wds_primary_category":97,"footnotes":""},"categories":[97],"tags":[],"senator_posts":[34],"class_list":["post-13757","post","type-post","status-publish","format-standard","has-post-thumbnail","hentry","category-periode-de-questions","senator_posts-l-hon-marty-klyne"],"acf":[],"_links":{"self":[{"href":"https:\/\/theprogressives.ca\/fr\/wp-json\/wp\/v2\/posts\/13757","targetHints":{"allow":["GET"]}}],"collection":[{"href":"https:\/\/theprogressives.ca\/fr\/wp-json\/wp\/v2\/posts"}],"about":[{"href":"https:\/\/theprogressives.ca\/fr\/wp-json\/wp\/v2\/types\/post"}],"author":[{"embeddable":true,"href":"https:\/\/theprogressives.ca\/fr\/wp-json\/wp\/v2\/users\/3"}],"replies":[{"embeddable":true,"href":"https:\/\/theprogressives.ca\/fr\/wp-json\/wp\/v2\/comments?post=13757"}],"version-history":[{"count":0,"href":"https:\/\/theprogressives.ca\/fr\/wp-json\/wp\/v2\/posts\/13757\/revisions"}],"wp:featuredmedia":[{"embeddable":true,"href":"https:\/\/theprogressives.ca\/fr\/wp-json\/wp\/v2\/media\/1984"}],"wp:attachment":[{"href":"https:\/\/theprogressives.ca\/fr\/wp-json\/wp\/v2\/media?parent=13757"}],"wp:term":[{"taxonomy":"category","embeddable":true,"href":"https:\/\/theprogressives.ca\/fr\/wp-json\/wp\/v2\/categories?post=13757"},{"taxonomy":"post_tag","embeddable":true,"href":"https:\/\/theprogressives.ca\/fr\/wp-json\/wp\/v2\/tags?post=13757"},{"taxonomy":"senator_posts","embeddable":true,"href":"https:\/\/theprogressives.ca\/fr\/wp-json\/wp\/v2\/senator_posts?post=13757"}],"curies":[{"name":"wp","href":"https:\/\/api.w.org\/{rel}","templated":true}]}}