{"id":13735,"date":"2023-05-04T16:12:09","date_gmt":"2023-05-04T20:12:09","guid":{"rendered":"https:\/\/theprogressives.ca\/?p=13735"},"modified":"2023-05-05T14:36:46","modified_gmt":"2023-05-05T18:36:46","slug":"la-journee-mondiale-de-la-liberte-de-la-presse","status":"publish","type":"post","link":"https:\/\/theprogressives.ca\/fr\/au-senat\/declarations\/la-journee-mondiale-de-la-liberte-de-la-presse\/","title":{"rendered":"La Journ\u00e9e mondiale de la libert\u00e9 de la presse"},"content":{"rendered":"<p><iframe title=\"Le s\u00e9nateur Klyne souligne la Journ\u00e9e mondiale de la libert\u00e9 de la presse - 4 mai 2023 (FR)\" width=\"640\" height=\"360\" data-src=\"https:\/\/www.youtube.com\/embed\/AsRUrsSfTik?feature=oembed\" frameborder=\"0\" allow=\"accelerometer; autoplay; clipboard-write; encrypted-media; gyroscope; picture-in-picture; web-share\" allowfullscreen src=\"data:image\/svg+xml;base64,PHN2ZyB3aWR0aD0iMSIgaGVpZ2h0PSIxIiB4bWxucz0iaHR0cDovL3d3dy53My5vcmcvMjAwMC9zdmciPjwvc3ZnPg==\" class=\"lazyload\" data-load-mode=\"1\"><\/iframe><\/p>\n<p><b>L\u2019honorable Marty Klyne :\u00a0<\/b>Honorables s\u00e9nateurs, hier, le 3\u00a0mai, c\u2019\u00e9tait le 30<sup>e<\/sup>\u00a0anniversaire de la Journ\u00e9e mondiale de la libert\u00e9 de la presse. Pour souligner cette journ\u00e9e, j\u2019ai particip\u00e9, avec d\u2019autres parlementaires, au d\u00eener annuel de la Journ\u00e9e mondiale de la libert\u00e9 de la presse, au cours duquel nous avons eu le plaisir d\u2019entendre des journalistes et des chefs du service des nouvelles nous parler du harc\u00e8lement en ligne dont sont victimes les femmes et les journalistes marginalis\u00e9s.<\/p>\n<p>Toutefois, je dois avouer que j\u2019utilise le mot \u00ab plaisir \u00bb avec circonspection, compte tenu du stress et de l\u2019intimidation que vivent actuellement nos coll\u00e8gues des m\u00e9dias. Comme beaucoup le savent, le harc\u00e8lement et les menaces en ligne contre les journalistes ont atteint un niveau record au Canada, et de nombreux journalistes re\u00e7oivent r\u00e9guli\u00e8rement des messages haineux, racistes, sexistes, misogynes ou autrement violents. Certains ont m\u00eame \u00e9t\u00e9 agress\u00e9s physiquement et ont fait l\u2019objet de chantage exerc\u00e9 au moyen de menaces de violence envers leur famille.<\/p>\n<p>Ce comportement inacceptable se produit m\u00eame si la Charte canadienne des droits et libert\u00e9s garantit la libert\u00e9 de la presse. Nous savons tous ce qui se passe dans les pays qui n\u2019offrent pas les protections garanties par la Charte.<\/p>\n<p>Id\u00e9alement, nous devrions dialoguer respectueusement avec les m\u00e9dias et les journalistes, que ce soit en ligne ou en personne. Nous devons et nous pouvons faire mieux, car une atteinte \u00e0 la libert\u00e9 de la presse au Canada est une atteinte \u00e0 notre droit de savoir.<\/p>\n<p>Selon Reporters sans fronti\u00e8res, en 2022, 533 journalistes ont \u00e9t\u00e9 d\u00e9tenus dans le monde, un nouveau record, 57 ont \u00e9t\u00e9 assassin\u00e9s, 65\u00a0ont \u00e9t\u00e9 pris en otage, et 49 sont toujours port\u00e9s disparus. Nos pens\u00e9es accompagnent le journaliste am\u00e9ricain Evan Gershkovich, d\u00e9tenu en Russie depuis la fin du mois de\u00a0mars\u00a0pour avoir fait son travail, qui consiste \u00e0 diffuser de l\u2019information au monde entier depuis un \u00c9tat autoritaire.<\/p>\n<p>Ces violences se produisent alors que les m\u00e9dias d\u2019information doivent faire face aux difficult\u00e9s associ\u00e9es \u00e0 l\u2019\u00e9volution constante du monde num\u00e9rique. C\u2019est au moment o\u00f9 nous avons le plus besoin d\u2019eux que nous voyons de plus en plus de m\u00e9dias d\u2019information contraints de fermer leurs portes ou de r\u00e9duire leur personnel.<\/p>\n<p>Dans notre pays, la protection de la libert\u00e9 de la presse d\u00e9pend en grande partie\u00a0d\u2019une infrastructure m\u00e9diatique efficace qui soutient un large \u00e9ventail de professionnels de ce secteur. Il nous faut plus de voix, et non pas moins.<\/p>\n<p>Pour conclure, je tiens \u00e0 remercier les journalistes du Canada et du monde entier pour leur travail acharn\u00e9 et leur d\u00e9vouement \u00e0 l\u2019\u00e9gard de la v\u00e9rit\u00e9, de la transparence et de la responsabilit\u00e9. La libert\u00e9 de la presse est un fondement de notre d\u00e9mocratie et doit \u00eatre prot\u00e9g\u00e9e.<\/p>\n<p><b>Des voix :\u00a0<\/b>Bravo!<\/p>\n","protected":false},"excerpt":{"rendered":"<p>L\u2019honorable Marty Klyne :\u00a0Honorables s\u00e9nateurs, hier, le 3\u00a0mai, c\u2019\u00e9tait le 30e\u00a0anniversaire de la Journ\u00e9e mondiale de la libert\u00e9 de la presse. Pour souligner cette journ\u00e9e, j\u2019ai particip\u00e9, avec d\u2019autres parlementaires, au d\u00eener annuel de la Journ\u00e9e mondiale de la libert\u00e9 de la presse, au cours duquel nous avons eu le plaisir d\u2019entendre des journalistes et&#8230;<\/p>\n","protected":false},"author":3,"featured_media":1898,"comment_status":"closed","ping_status":"closed","sticky":false,"template":"","format":"standard","meta":{"_acf_changed":false,"wds_primary_category":99,"footnotes":""},"categories":[99],"tags":[],"senator_posts":[34],"class_list":["post-13735","post","type-post","status-publish","format-standard","has-post-thumbnail","hentry","category-declarations","senator_posts-l-hon-marty-klyne"],"acf":[],"_links":{"self":[{"href":"https:\/\/theprogressives.ca\/fr\/wp-json\/wp\/v2\/posts\/13735","targetHints":{"allow":["GET"]}}],"collection":[{"href":"https:\/\/theprogressives.ca\/fr\/wp-json\/wp\/v2\/posts"}],"about":[{"href":"https:\/\/theprogressives.ca\/fr\/wp-json\/wp\/v2\/types\/post"}],"author":[{"embeddable":true,"href":"https:\/\/theprogressives.ca\/fr\/wp-json\/wp\/v2\/users\/3"}],"replies":[{"embeddable":true,"href":"https:\/\/theprogressives.ca\/fr\/wp-json\/wp\/v2\/comments?post=13735"}],"version-history":[{"count":0,"href":"https:\/\/theprogressives.ca\/fr\/wp-json\/wp\/v2\/posts\/13735\/revisions"}],"wp:featuredmedia":[{"embeddable":true,"href":"https:\/\/theprogressives.ca\/fr\/wp-json\/wp\/v2\/media\/1898"}],"wp:attachment":[{"href":"https:\/\/theprogressives.ca\/fr\/wp-json\/wp\/v2\/media?parent=13735"}],"wp:term":[{"taxonomy":"category","embeddable":true,"href":"https:\/\/theprogressives.ca\/fr\/wp-json\/wp\/v2\/categories?post=13735"},{"taxonomy":"post_tag","embeddable":true,"href":"https:\/\/theprogressives.ca\/fr\/wp-json\/wp\/v2\/tags?post=13735"},{"taxonomy":"senator_posts","embeddable":true,"href":"https:\/\/theprogressives.ca\/fr\/wp-json\/wp\/v2\/senator_posts?post=13735"}],"curies":[{"name":"wp","href":"https:\/\/api.w.org\/{rel}","templated":true}]}}