{"id":13688,"date":"2023-05-03T16:39:52","date_gmt":"2023-05-03T20:39:52","guid":{"rendered":"https:\/\/theprogressives.ca\/?p=13688"},"modified":"2023-06-21T11:29:59","modified_gmt":"2023-06-21T15:29:59","slug":"le-senateur-marty-klyne-lance-une-interpellation-pour-celebrer-les-entreprises-et-les-societes-de-developpement-economique-gerees-par-des-autochtones","status":"publish","type":"post","link":"https:\/\/theprogressives.ca\/fr\/nouvelles\/le-senateur-marty-klyne-lance-une-interpellation-pour-celebrer-les-entreprises-et-les-societes-de-developpement-economique-gerees-par-des-autochtones\/","title":{"rendered":"Le s\u00e9nateur Marty Klyne lance une interpellation pour c\u00e9l\u00e9brer les entreprises et les soci\u00e9t\u00e9s de d\u00e9veloppement \u00e9conomique g\u00e9r\u00e9es par des Autochtones"},"content":{"rendered":"<p>OTTAWA, le\u00a03\u00a0mai 2023 \u2013 Hier, le s\u00e9nateur Marty Klyne a pr\u00e9sent\u00e9 <a href=\"https:\/\/theprogressives.ca\/fr\/au-senat\/discours\/lapport-commercial-et-economique-des-entreprises-autochtones-a-leconomie-du-canada-interpellation\/\" target=\"_blank\" rel=\"noopener\">au S\u00e9nat une interpellation<\/a> visant \u00e0 attirer l\u2019attention du S\u00e9nat sur les entreprises d\u00e9tenues et dirig\u00e9es par des Autochtones ainsi qu\u2019\u00e0 souligner les contributions de celles-ci \u00e0 leurs communaut\u00e9s et \u00e0 l\u2019\u00e9conomie du Canada.<\/p>\n<p>Encore trop peu de gens ignorent dans quelle mesure ces entreprises contribuent au produit int\u00e9rieur brut du Canada et au tissu social de notre pays.<\/p>\n<p>Gr\u00e2ce \u00e0 cette interpellation, le s\u00e9nateur Klyne et d\u2019autres s\u00e9nateurs souligneront les nombreuses entreprises et soci\u00e9t\u00e9s de d\u00e9veloppement \u00e9conomique prosp\u00e8res du Canada qui sont g\u00e9r\u00e9es par des Autochtones ainsi que leur valeur inestimable pour notre nation compos\u00e9e de plusieurs nations.<\/p>\n<p>D\u2019apr\u00e8s un rapport command\u00e9 r\u00e9cemment par les membres du groupe de travail national sur l\u2019approvisionnement aupr\u00e8s des Autochtones, le Canada compte 50\u00a0000\u00a0entreprises appartenant \u00e0 des Autochtones, qui g\u00e9n\u00e8rent chaque ann\u00e9e jusqu\u2019\u00e0 30\u00a0milliards de dollars dans notre \u00e9conomie<a href=\"#_ftn1\" name=\"_ftnref1\">[1]<\/a>. De plus, comme l\u2019indique le rapport de 2021 du Groupe d\u2019action s\u00e9natorial pour la prosp\u00e9rit\u00e9, les chefs d\u2019entreprises autochtones se sont fix\u00e9 l\u2019objectif de faire passer l\u2019\u00e9conomie autochtone \u00e0 plus de 100\u00a0milliards de dollars au cours des prochaines ann\u00e9es<a href=\"#_ftn2\" name=\"_ftnref2\">[2]<\/a>.<\/p>\n<p>Ces entreprises sont pr\u00e9sentes dans tout le pays, dans les centres urbains comme dans les villes rurales, dans les march\u00e9s locaux comme dans les grands centres commerciaux, et aussi bien sur les r\u00e9serves qu\u2019\u00e0 l\u2019ext\u00e9rieur de celles-ci. Il est temps de reconna\u00eetre et de souligner leurs contributions.<\/p>\n<p>Afin d\u2019\u00e9tayer davantage son interpellation, le s\u00e9nateur Klyne invite toutes les entreprises ou soci\u00e9t\u00e9s de d\u00e9veloppement \u00e9conomique dirig\u00e9es par des Autochtones qui souhaitent faire part de leurs connaissances et de leur exp\u00e9rience \u00e0 communiquer avec son \u00e9quipe. Les organisations int\u00e9ress\u00e9es peuvent le faire en utilisant les coordonn\u00e9es ci-dessous.<\/p>\n<p>Le s\u00e9nateur Klyne invite les s\u00e9nateurs de toutes les r\u00e9gions \u00e0 appuyer cette interpellation et il esp\u00e8re que les r\u00e9alisations des entreprises autochtones seront c\u00e9l\u00e9br\u00e9es d\u2019un bout \u00e0 l\u2019autre du pays.<\/p>\n<p><strong>Citations<\/strong><\/p>\n<p>\u00ab\u2009Je suis ravi de pr\u00e9senter une interpellation visant \u00e0 c\u00e9l\u00e9brer les entreprises d\u00e9tenues et dirig\u00e9es par des Autochtones. Les entrepreneurs et les entreprises autochtones sont essentiels \u00e0 la prosp\u00e9rit\u00e9 du pays, surtout en cette p\u00e9riode \u00e9conomique difficile. Les r\u00e9cits pr\u00e9sent\u00e9s dans le cadre de cette interpellation mettront en \u00e9vidence les formidables r\u00e9ussites des entreprises autochtones et illustreront ce que nous pouvons faire pour leur apporter un plus grand soutien et leur offrir davantage de possibilit\u00e9s.\u2009\u00bb<\/p>\n<ul>\n<li>Marty Klyne, s\u00e9nateur de la Saskatchewan<\/li>\n<\/ul>\n<p>&#8211; 30 &#8211;<\/p>\n<p>Renseignements<\/p>\n<p>Neil McKenna<br \/>\nConseiller aux affaires parlementaires<br \/>\nBureau du s\u00e9nateur Marty Klyne<br \/>\n<a href=\"mailto:neil.mckenna@sen.parl.gc.ca\">neil.mckenna@sen.parl.gc.ca<\/a><br \/>\nCellulaire\u00a0: 343-573-4108<\/p>\n<p><a href=\"#_ftnref1\" name=\"_ftn1\">[1]<\/a> <a href=\"http:\/\/www.naedb-cndea.com\/wp-content\/uploads\/2022\/07\/5.-Defining-Indigenous-Businesses-Report_FINAL-English.pdf\">http:\/\/www.naedb-cndea.com\/wp-content\/uploads\/2022\/07\/5.-Defining-Indigenous-Businesses-Report_FINAL-English.pdf<\/a><\/p>\n<p><a href=\"#_ftnref2\" name=\"_ftn2\">[2]<\/a> <a href=\"https:\/\/peterharder.sencanada.ca\/media\/49964\/pag-report-french.pdf\">https:\/\/peterharder.sencanada.ca\/media\/49964\/pag-report-french.pdf<\/a> &#8211; page 34<\/p>\n","protected":false},"excerpt":{"rendered":"<p>OTTAWA, le\u00a03\u00a0mai 2023 \u2013 Hier, le s\u00e9nateur Marty Klyne a pr\u00e9sent\u00e9 au S\u00e9nat une interpellation visant \u00e0 attirer l\u2019attention du S\u00e9nat sur les entreprises d\u00e9tenues et dirig\u00e9es par des Autochtones ainsi qu\u2019\u00e0 souligner les contributions de celles-ci \u00e0 leurs communaut\u00e9s et \u00e0 l\u2019\u00e9conomie du Canada. Encore trop peu de gens ignorent dans quelle mesure ces&#8230;<\/p>\n","protected":false},"author":3,"featured_media":1960,"comment_status":"closed","ping_status":"closed","sticky":false,"template":"","format":"standard","meta":{"_acf_changed":false,"wds_primary_category":78,"footnotes":""},"categories":[78],"tags":[],"senator_posts":[34],"class_list":["post-13688","post","type-post","status-publish","format-standard","has-post-thumbnail","hentry","category-nouvelles","senator_posts-l-hon-marty-klyne"],"acf":[],"_links":{"self":[{"href":"https:\/\/theprogressives.ca\/fr\/wp-json\/wp\/v2\/posts\/13688","targetHints":{"allow":["GET"]}}],"collection":[{"href":"https:\/\/theprogressives.ca\/fr\/wp-json\/wp\/v2\/posts"}],"about":[{"href":"https:\/\/theprogressives.ca\/fr\/wp-json\/wp\/v2\/types\/post"}],"author":[{"embeddable":true,"href":"https:\/\/theprogressives.ca\/fr\/wp-json\/wp\/v2\/users\/3"}],"replies":[{"embeddable":true,"href":"https:\/\/theprogressives.ca\/fr\/wp-json\/wp\/v2\/comments?post=13688"}],"version-history":[{"count":0,"href":"https:\/\/theprogressives.ca\/fr\/wp-json\/wp\/v2\/posts\/13688\/revisions"}],"wp:featuredmedia":[{"embeddable":true,"href":"https:\/\/theprogressives.ca\/fr\/wp-json\/wp\/v2\/media\/1960"}],"wp:attachment":[{"href":"https:\/\/theprogressives.ca\/fr\/wp-json\/wp\/v2\/media?parent=13688"}],"wp:term":[{"taxonomy":"category","embeddable":true,"href":"https:\/\/theprogressives.ca\/fr\/wp-json\/wp\/v2\/categories?post=13688"},{"taxonomy":"post_tag","embeddable":true,"href":"https:\/\/theprogressives.ca\/fr\/wp-json\/wp\/v2\/tags?post=13688"},{"taxonomy":"senator_posts","embeddable":true,"href":"https:\/\/theprogressives.ca\/fr\/wp-json\/wp\/v2\/senator_posts?post=13688"}],"curies":[{"name":"wp","href":"https:\/\/api.w.org\/{rel}","templated":true}]}}