{"id":13657,"date":"2023-04-27T16:22:28","date_gmt":"2023-04-27T20:22:28","guid":{"rendered":"https:\/\/theprogressives.ca\/?p=13657"},"modified":"2023-05-01T16:22:54","modified_gmt":"2023-05-01T20:22:54","slug":"periode-des-questions-le-conflit-au-soudan","status":"publish","type":"post","link":"https:\/\/theprogressives.ca\/fr\/au-senat\/periode-de-questions\/periode-des-questions-le-conflit-au-soudan\/","title":{"rendered":"P\u00e9riode des questions : Le conflit au Soudan"},"content":{"rendered":"<p><iframe title=\"La s\u00e9natrice Bernard pose une question sur le conflit au Soudan - 27 avril 2023 (source fran\u00e7aise)\" width=\"480\" height=\"360\" data-src=\"https:\/\/www.youtube.com\/embed\/ODvFVo4_guk?feature=oembed\" frameborder=\"0\" allow=\"accelerometer; autoplay; clipboard-write; encrypted-media; gyroscope; picture-in-picture; web-share\" allowfullscreen src=\"data:image\/svg+xml;base64,PHN2ZyB3aWR0aD0iMSIgaGVpZ2h0PSIxIiB4bWxucz0iaHR0cDovL3d3dy53My5vcmcvMjAwMC9zdmciPjwvc3ZnPg==\" class=\"lazyload\" data-load-mode=\"1\"><\/iframe><\/p>\n<p><b>L\u2019honorable Wanda Thomas Bernard :\u00a0<\/b>Ma question s\u2019adresse \u00e9galement au repr\u00e9sentant du gouvernement au S\u00e9nat.<\/p>\n<p>Je suis extr\u00eamement pr\u00e9occup\u00e9e par la situation d\u2019urgence au Soudan alors que le conflit s\u2019aggrave et que la violence monte. La ministre des Affaires \u00e9trang\u00e8res, M\u00e9lanie Joly, a d\u00e9clar\u00e9 que 700 des 1 800 ressortissants canadiens et r\u00e9sidents permanents qui ont signal\u00e9 leur pr\u00e9sence au Soudan demandent de l\u2019aide pour quitter ce pays.<\/p>\n<p>Or, seulement 150 Canadiens ont \u00e9t\u00e9 \u00e9vacu\u00e9s. Une jeune \u00e9tudiante en m\u00e9decine canadienne nomm\u00e9e Saydah Mustafa s\u2019est r\u00e9fugi\u00e9e chez elle pendant une semaine avec sa s\u0153ur, r\u00e9sign\u00e9e \u00e0 se nourrir d\u2019aliments en conserve pendant un certain temps. Saydah vit dans la peur et se demande ce que l\u2019avenir lui r\u00e9serve. Elle a d\u00e9clar\u00e9 ne pas avoir \u00e9t\u00e9 capable d\u2019obtenir des conseils pour l\u2019\u00e9vacuation par l\u2019entremise de repr\u00e9sentants du Canada.<\/p>\n<p>S\u00e9nateur Gold, on entend parler de nombreuses personnes d\u00e9sireuses de fuir le Soudan qui ne se sentent pas appuy\u00e9es par le gouvernement du Canada. Le gouvernement a-t-il fait le point sur les progr\u00e8s r\u00e9alis\u00e9s pour rapatrier les Canadiens qui se trouvent au Soudan?<\/p>\n<p><b>L\u2019honorable Marc Gold (repr\u00e9sentant du gouvernement au S\u00e9nat) :\u00a0<\/b>Je vous remercie de la question et de faire \u00e9tat de la situation terriblement difficile que vivent toutes les personnes qui se trouvent au Soudan, y compris des Canadiens.<\/p>\n<p>Le gouvernement examine toutes les possibilit\u00e9s qui s\u2019offrent \u00e0 lui pour aider les Canadiens qui se trouvent au Soudan. La semaine derni\u00e8re, l\u2019\u00c9quipe consultative strat\u00e9gique des Forces arm\u00e9es canadiennes ainsi que des officiers de liaison de l\u2019arm\u00e9e ont \u00e9t\u00e9 d\u00e9ploy\u00e9s \u00e0 Djibouti pour appuyer l\u2019\u00e9vacuation du personnel canadien de l\u2019ambassade canadienne. Comme vous le savez, le gouvernement fait de son mieux pour fournir des services \u00e0 partir de l\u2019ext\u00e9rieur du Soudan. Les repr\u00e9sentants canadiens collaborent avec nos alli\u00e9s et les pays partenaires.<\/p>\n<p>Au cours de la fin de semaine derni\u00e8re, des militaires des Forces arm\u00e9es canadiennes et des employ\u00e9s additionnels du minist\u00e8re de la D\u00e9fense nationale, notamment une \u00e9quipe d\u2019assistance militaire, ainsi que des \u00e9l\u00e9ments additionnels de liaison et de reconnaissance ont \u00e9t\u00e9 d\u00e9ploy\u00e9s pour planifier l\u2019\u00e9vacuation des non-combattants. Le Canada a d\u00e9ploy\u00e9 approximativement 200 membres des forces arm\u00e9es dans la r\u00e9gion pour appuyer l\u2019\u00e9vacuation. Le gouvernement mettra tout en \u0153uvre pour aider.<\/p>\n<p>Comme vous pouvez l\u2019imaginer, la situation sur le terrain est difficile, mais le gouvernement a bon espoir que ses efforts porteront fruit et que tous les Canadiens pourront \u00eatre \u00e9vacu\u00e9s en toute s\u00e9curit\u00e9 dans les meilleurs d\u00e9lais.<\/p>\n","protected":false},"excerpt":{"rendered":"<p>L\u2019honorable Wanda Thomas Bernard :\u00a0Ma question s\u2019adresse \u00e9galement au repr\u00e9sentant du gouvernement au S\u00e9nat. Je suis extr\u00eamement pr\u00e9occup\u00e9e par la situation d\u2019urgence au Soudan alors que le conflit s\u2019aggrave et que la violence monte. La ministre des Affaires \u00e9trang\u00e8res, M\u00e9lanie Joly, a d\u00e9clar\u00e9 que 700 des 1 800 ressortissants canadiens et r\u00e9sidents permanents qui ont&#8230;<\/p>\n","protected":false},"author":3,"featured_media":1950,"comment_status":"closed","ping_status":"closed","sticky":false,"template":"","format":"standard","meta":{"_acf_changed":false,"wds_primary_category":97,"footnotes":""},"categories":[97],"tags":[],"senator_posts":[40],"class_list":["post-13657","post","type-post","status-publish","format-standard","has-post-thumbnail","hentry","category-periode-de-questions","senator_posts-l-hon-wanda-thomas-bernard"],"acf":[],"_links":{"self":[{"href":"https:\/\/theprogressives.ca\/fr\/wp-json\/wp\/v2\/posts\/13657","targetHints":{"allow":["GET"]}}],"collection":[{"href":"https:\/\/theprogressives.ca\/fr\/wp-json\/wp\/v2\/posts"}],"about":[{"href":"https:\/\/theprogressives.ca\/fr\/wp-json\/wp\/v2\/types\/post"}],"author":[{"embeddable":true,"href":"https:\/\/theprogressives.ca\/fr\/wp-json\/wp\/v2\/users\/3"}],"replies":[{"embeddable":true,"href":"https:\/\/theprogressives.ca\/fr\/wp-json\/wp\/v2\/comments?post=13657"}],"version-history":[{"count":0,"href":"https:\/\/theprogressives.ca\/fr\/wp-json\/wp\/v2\/posts\/13657\/revisions"}],"wp:featuredmedia":[{"embeddable":true,"href":"https:\/\/theprogressives.ca\/fr\/wp-json\/wp\/v2\/media\/1950"}],"wp:attachment":[{"href":"https:\/\/theprogressives.ca\/fr\/wp-json\/wp\/v2\/media?parent=13657"}],"wp:term":[{"taxonomy":"category","embeddable":true,"href":"https:\/\/theprogressives.ca\/fr\/wp-json\/wp\/v2\/categories?post=13657"},{"taxonomy":"post_tag","embeddable":true,"href":"https:\/\/theprogressives.ca\/fr\/wp-json\/wp\/v2\/tags?post=13657"},{"taxonomy":"senator_posts","embeddable":true,"href":"https:\/\/theprogressives.ca\/fr\/wp-json\/wp\/v2\/senator_posts?post=13657"}],"curies":[{"name":"wp","href":"https:\/\/api.w.org\/{rel}","templated":true}]}}