{"id":13645,"date":"2023-04-26T19:35:04","date_gmt":"2023-04-26T23:35:04","guid":{"rendered":"https:\/\/theprogressives.ca\/?p=13645"},"modified":"2023-12-12T14:59:33","modified_gmt":"2023-12-12T19:59:33","slug":"periode-des-questions-le-programme-des-travailleurs-etrangers-temporaires","status":"publish","type":"post","link":"https:\/\/theprogressives.ca\/fr\/au-senat\/periode-de-questions\/periode-des-questions-le-programme-des-travailleurs-etrangers-temporaires\/","title":{"rendered":"P\u00e9riode des questions : Le Programme des travailleurs \u00e9trangers temporaires"},"content":{"rendered":"<p><iframe title=\"La s\u00e9natrice Gerba pose des questions sur le Programme des travailleurs \u00e9trangers temporaires (FR)\" width=\"640\" height=\"360\" data-src=\"https:\/\/www.youtube.com\/embed\/kR6syDzB86w?feature=oembed\" frameborder=\"0\" allow=\"accelerometer; autoplay; clipboard-write; encrypted-media; gyroscope; picture-in-picture; web-share\" allowfullscreen src=\"data:image\/svg+xml;base64,PHN2ZyB3aWR0aD0iMSIgaGVpZ2h0PSIxIiB4bWxucz0iaHR0cDovL3d3dy53My5vcmcvMjAwMC9zdmciPjwvc3ZnPg==\" class=\"lazyload\" data-load-mode=\"1\"><\/iframe><\/p>\n<p><b>L\u2019honorable Amina Gerba :\u00a0<\/b>Honorables s\u00e9nateurs, ma question s\u2019adresse au repr\u00e9sentant du gouvernement au S\u00e9nat. La p\u00e9nurie de\u00a0main-d\u2019\u0153uvre oblige les employeurs \u00e0 se tourner vers les travailleurs \u00e9trangers temporaires. En 2022, le Qu\u00e9bec en a accueilli 38 500, soit une augmentation de plus de 50\u00a0% par rapport \u00e0 2018.<\/p>\n<p>Toutefois, un documentaire intitul\u00e9\u00a0<i>Essentiels<\/i>, pr\u00e9sent\u00e9 r\u00e9cemment sur les ondes de T\u00e9l\u00e9-Qu\u00e9bec, r\u00e9v\u00e8le que les immigrants temporaires qui arrivent souvent au Canada avec des permis de travail ferm\u00e9s ont des conditions de travail inhumaines chez leur employeur unique. De surcro\u00eet, ils n\u2019ont pas le droit de s\u2019\u00e9tablir au Canada.<\/p>\n<p>S\u00e9nateur Gold, que fait le gouvernement pour mettre fin \u00e0 ces pratiques esclavagistes que subissent les travailleurs temporaires qui jouent un r\u00f4le essentiel dans notre pays?<\/p>\n<p><b>L\u2019honorable Marc Gold (repr\u00e9sentant du gouvernement au S\u00e9nat) :\u00a0<\/b>Merci pour la question. Les mauvais traitements et les abus envers les travailleurs \u00e9trangers temporaires sont tout \u00e0 fait inacceptables, point final. Chaque personne m\u00e9rite de travailler dans la s\u00e9curit\u00e9, la sant\u00e9 et la dignit\u00e9. C\u2019est pourquoi le gouvernement du Canada exige que les employeurs fournissent \u00e0 tous les travailleurs \u00e9trangers temporaires les renseignements sur leurs droits au Canada. Il interdit les repr\u00e9sailles des employeurs envers les travailleurs et interdit aux employeurs d\u2019imposer des frais de recrutement aux travailleurs.<\/p>\n<p>Le gouvernement du Canada s\u2019est engag\u00e9 \u00e0 renforcer ces mesures d\u2019int\u00e9grit\u00e9 afin de garantir que les travailleurs \u00e9trangers temporaires travaillent dans un environnement s\u00fbr et d\u00e9cent.<\/p>\n<p><b>La s\u00e9natrice Gerba :\u00a0<\/b>S\u00e9nateur Gold, pourquoi ces femmes et ces hommes qui nous nourrissent et qui prennent soin de nous ne peuvent-ils pas s\u2019\u00e9tablir au Canada?<\/p>\n<p><b>Le s\u00e9nateur Gold :\u00a0<\/b>C\u2019est une bonne question et merci de la poser.<\/p>\n<p>Comme vous le savez, les travailleurs \u00e9trangers temporaires jouent un r\u00f4le essentiel dans l\u2019\u00e9conomie canadienne et au Qu\u00e9bec. Les employeurs ont de la difficult\u00e9 \u00e0 combler leurs besoins en main-d\u2019\u0153uvre et la disponibilit\u00e9 des travailleurs \u00e9trangers temporaires est un enjeu important pour le Qu\u00e9bec, o\u00f9 le taux de ch\u00f4mage \u00e9tait de 4,2\u00a0% en mars.<\/p>\n<p>Le gouvernement met en \u0153uvre un projet pilote qu\u00e9b\u00e9cois. C\u2019est un programme pour les travailleurs \u00e9trangers temporaires dont le but est de faire en sorte que les emplois de qualifications interm\u00e9diaires soient inclus dans le traitement simplifi\u00e9. Le gouvernement a \u00e9galement sign\u00e9 une nouvelle entente avec le Qu\u00e9bec afin de permettre \u00e0 des secteurs clefs d\u2019accueillir plus de travailleurs \u00e9trangers temporaires sans d\u00e9placer les travailleurs locaux.<\/p>\n<p>Voil\u00e0 un exemple de collaboration solide qui peut nous aider \u00e0 b\u00e2tir la main-d\u2019\u0153uvre dont nous avons besoin et par la suite, \u00e0 faire en sorte que les travailleurs \u00e9trangers puissent trouver une nouvelle vie ici, au Canada, chez nous.<\/p>\n","protected":false},"excerpt":{"rendered":"<p>L\u2019honorable Amina Gerba :\u00a0Honorables s\u00e9nateurs, ma question s\u2019adresse au repr\u00e9sentant du gouvernement au S\u00e9nat. La p\u00e9nurie de\u00a0main-d\u2019\u0153uvre oblige les employeurs \u00e0 se tourner vers les travailleurs \u00e9trangers temporaires. En 2022, le Qu\u00e9bec en a accueilli 38 500, soit une augmentation de plus de 50\u00a0% par rapport \u00e0 2018. Toutefois, un documentaire intitul\u00e9\u00a0Essentiels, pr\u00e9sent\u00e9 r\u00e9cemment sur&#8230;<\/p>\n","protected":false},"author":3,"featured_media":1966,"comment_status":"closed","ping_status":"closed","sticky":false,"template":"","format":"standard","meta":{"_acf_changed":false,"wds_primary_category":97,"footnotes":""},"categories":[97],"tags":[],"senator_posts":[117],"class_list":["post-13645","post","type-post","status-publish","format-standard","has-post-thumbnail","hentry","category-periode-de-questions","senator_posts-l-hon-amina-gerba"],"acf":[],"_links":{"self":[{"href":"https:\/\/theprogressives.ca\/fr\/wp-json\/wp\/v2\/posts\/13645","targetHints":{"allow":["GET"]}}],"collection":[{"href":"https:\/\/theprogressives.ca\/fr\/wp-json\/wp\/v2\/posts"}],"about":[{"href":"https:\/\/theprogressives.ca\/fr\/wp-json\/wp\/v2\/types\/post"}],"author":[{"embeddable":true,"href":"https:\/\/theprogressives.ca\/fr\/wp-json\/wp\/v2\/users\/3"}],"replies":[{"embeddable":true,"href":"https:\/\/theprogressives.ca\/fr\/wp-json\/wp\/v2\/comments?post=13645"}],"version-history":[{"count":0,"href":"https:\/\/theprogressives.ca\/fr\/wp-json\/wp\/v2\/posts\/13645\/revisions"}],"wp:featuredmedia":[{"embeddable":true,"href":"https:\/\/theprogressives.ca\/fr\/wp-json\/wp\/v2\/media\/1966"}],"wp:attachment":[{"href":"https:\/\/theprogressives.ca\/fr\/wp-json\/wp\/v2\/media?parent=13645"}],"wp:term":[{"taxonomy":"category","embeddable":true,"href":"https:\/\/theprogressives.ca\/fr\/wp-json\/wp\/v2\/categories?post=13645"},{"taxonomy":"post_tag","embeddable":true,"href":"https:\/\/theprogressives.ca\/fr\/wp-json\/wp\/v2\/tags?post=13645"},{"taxonomy":"senator_posts","embeddable":true,"href":"https:\/\/theprogressives.ca\/fr\/wp-json\/wp\/v2\/senator_posts?post=13645"}],"curies":[{"name":"wp","href":"https:\/\/api.w.org\/{rel}","templated":true}]}}