{"id":13548,"date":"2023-04-20T08:14:18","date_gmt":"2023-04-20T12:14:18","guid":{"rendered":"https:\/\/theprogressives.ca\/?p=13548"},"modified":"2023-04-21T11:49:53","modified_gmt":"2023-04-21T15:49:53","slug":"les-victimes-de-lincendie-dans-le-vieux-montreal","status":"publish","type":"post","link":"https:\/\/theprogressives.ca\/fr\/au-senat\/declarations\/les-victimes-de-lincendie-dans-le-vieux-montreal\/","title":{"rendered":"Les victimes de l&rsquo;incendie dans le Vieux-Montr\u00e9al"},"content":{"rendered":"<p><iframe title=\"La s\u00e9natrice Bellemare parle des victimes de l&#039;incendie dans le Vieux-Montr\u00e9al - 20 avril 2023 (FR)\" width=\"640\" height=\"360\" data-src=\"https:\/\/www.youtube.com\/embed\/IZTVeTSp0AE?feature=oembed\" frameborder=\"0\" allow=\"accelerometer; autoplay; clipboard-write; encrypted-media; gyroscope; picture-in-picture; web-share\" allowfullscreen src=\"data:image\/svg+xml;base64,PHN2ZyB3aWR0aD0iMSIgaGVpZ2h0PSIxIiB4bWxucz0iaHR0cDovL3d3dy53My5vcmcvMjAwMC9zdmciPjwvc3ZnPg==\" class=\"lazyload\" data-load-mode=\"1\"><\/iframe><\/p>\n<p><b>L\u2019honorable Diane Bellemare :\u00a0<\/b>Le 16\u00a0mars\u00a02023, dans le Vieux-Montr\u00e9al, un terrible incendie s\u2019est d\u00e9clar\u00e9 t\u00f4t le matin, rue du Port, alors que 22 personnes se trouvaient dans l\u2019immeuble patrimonial de trois \u00e9tages.<\/p>\n<p>Des personnes coinc\u00e9es dans des logements sans issue de secours et sans fen\u00eatres ont lanc\u00e9 des appels au 911 et \u00e0 des proches. D\u2019autres ont r\u00e9ussi \u00e0 sortir ou ont d\u00fb sauter par les fen\u00eatres pour sauver leur vie. Sept de ces personnes n\u2019ont pas eu cette chance.<\/p>\n<p>Il y avait Camille Maheux, 76\u00a0ans, cin\u00e9matographe et vid\u00e9aste, qui \u00e9tait connue dans son milieu comme une \u00ab excellente portraitiste et une pionni\u00e8re de ce qu\u2019on a appel\u00e9 par la suite des documentaires intimes \u00bb. Depuis ses d\u00e9buts dans les ann\u00e9es 1970, elle photographiait le mouvement f\u00e9ministe, la communaut\u00e9 LGBT et les personnes marginalis\u00e9es.<\/p>\n<p>Nathan Sears, 35\u00a0ans, venait d\u2019obtenir un doctorat en sciences politiques \u00e0 l\u2019Universit\u00e9 de Toronto. Il \u00e9tait boursier Cadieux-L\u00e9ger \u00e0 Affaires mondiales Canada et boursier au Trudeau Centre for Peace, Conflict and Justice. Connu par ses pairs et ses proches comme un universitaire passionn\u00e9 qui avait devant lui une carri\u00e8re prometteuse, il \u00e9tait \u00e0 Montr\u00e9al pour la conf\u00e9rence de l\u2019Association des \u00e9tudes internationales.<\/p>\n<p>Dania Zafar, 31\u00a0ans, \u00e9tait une jeune graphiste, un esprit libre et une femme ambitieuse. Elle a parl\u00e9 \u00e0 son p\u00e8re \u00e0 Lahore, au Pakistan, la veille de l\u2019incendie. Elle \u00e9tait en voyage spontan\u00e9 \u00e0 Montr\u00e9al avec son amie Saniya Khan, \u00e9galement \u00e2g\u00e9e de 31\u00a0ans, qui \u00e9tait venue \u00e0 Montr\u00e9al pour rendre visite \u00e0 un ami d\u2019enfance. Mme\u00a0Khan poursuivait une ma\u00eetrise en sant\u00e9 publique \u00e0 Detroit.<\/p>\n<p>An Wu, 31\u00a0ans, \u00e9tait une jeune neuroscientifique prometteuse qui avait obtenu son doctorat \u00e0 24\u00a0ans et qui travaillait comme responsable scientifique de projets \u00e0 l\u2019Universit\u00e9 de Californie \u00e0 San Diego. Elle \u00e9tait en visite au Qu\u00e9bec \u00e0 l\u2019occasion de la conf\u00e9rence et de l\u2019atelier universitaires sur les neurosciences computationnelles et des syst\u00e8mes.<\/p>\n<p>Il y avait \u00e9galement Charlie Lacroix, une jeune femme de 18\u00a0ans, d\u00e9crite comme un papillon social, tr\u00e8s attentionn\u00e9e, qui adorait l\u2019art et qui a appel\u00e9 son grand-p\u00e8re pendant l\u2019incendie, ainsi que Walid Belkahla, son ami, un jeune homme de 18\u00a0ans qui avait toute sa vie devant lui.<\/p>\n<p>Pour la famille et les amis des personnes qui ont perdu la vie, l\u2019attente a \u00e9t\u00e9 insupportable avant qu\u2019on retrouve et identifie leur corps dans les d\u00e9combres, plusieurs jours apr\u00e8s l\u2019incendie.<\/p>\n<p>Comment un tel incendie peut-il encore se produire aujourd\u2019hui, chez nous?<\/p>\n<p>Le coroner en chef du Qu\u00e9bec a ordonn\u00e9 une enqu\u00eate publique sur les sept d\u00e9c\u00e8s.<\/p>\n<p>Ces d\u00e9c\u00e8s n\u2019auraient jamais d\u00fb se produire. Toutes nos pens\u00e9es vont aux membres des familles et aux proches, \u00e0 qui j\u2019offre toutes mes condol\u00e9ances.<\/p>\n","protected":false},"excerpt":{"rendered":"<p>L\u2019honorable Diane Bellemare :\u00a0Le 16\u00a0mars\u00a02023, dans le Vieux-Montr\u00e9al, un terrible incendie s\u2019est d\u00e9clar\u00e9 t\u00f4t le matin, rue du Port, alors que 22 personnes se trouvaient dans l\u2019immeuble patrimonial de trois \u00e9tages. Des personnes coinc\u00e9es dans des logements sans issue de secours et sans fen\u00eatres ont lanc\u00e9 des appels au 911 et \u00e0 des proches. D\u2019autres&#8230;<\/p>\n","protected":false},"author":3,"featured_media":1904,"comment_status":"closed","ping_status":"closed","sticky":false,"template":"","format":"standard","meta":{"_acf_changed":false,"wds_primary_category":99,"footnotes":""},"categories":[99],"tags":[],"senator_posts":[],"class_list":["post-13548","post","type-post","status-publish","format-standard","has-post-thumbnail","hentry","category-declarations"],"acf":[],"_links":{"self":[{"href":"https:\/\/theprogressives.ca\/fr\/wp-json\/wp\/v2\/posts\/13548","targetHints":{"allow":["GET"]}}],"collection":[{"href":"https:\/\/theprogressives.ca\/fr\/wp-json\/wp\/v2\/posts"}],"about":[{"href":"https:\/\/theprogressives.ca\/fr\/wp-json\/wp\/v2\/types\/post"}],"author":[{"embeddable":true,"href":"https:\/\/theprogressives.ca\/fr\/wp-json\/wp\/v2\/users\/3"}],"replies":[{"embeddable":true,"href":"https:\/\/theprogressives.ca\/fr\/wp-json\/wp\/v2\/comments?post=13548"}],"version-history":[{"count":0,"href":"https:\/\/theprogressives.ca\/fr\/wp-json\/wp\/v2\/posts\/13548\/revisions"}],"wp:featuredmedia":[{"embeddable":true,"href":"https:\/\/theprogressives.ca\/fr\/wp-json\/wp\/v2\/media\/1904"}],"wp:attachment":[{"href":"https:\/\/theprogressives.ca\/fr\/wp-json\/wp\/v2\/media?parent=13548"}],"wp:term":[{"taxonomy":"category","embeddable":true,"href":"https:\/\/theprogressives.ca\/fr\/wp-json\/wp\/v2\/categories?post=13548"},{"taxonomy":"post_tag","embeddable":true,"href":"https:\/\/theprogressives.ca\/fr\/wp-json\/wp\/v2\/tags?post=13548"},{"taxonomy":"senator_posts","embeddable":true,"href":"https:\/\/theprogressives.ca\/fr\/wp-json\/wp\/v2\/senator_posts?post=13548"}],"curies":[{"name":"wp","href":"https:\/\/api.w.org\/{rel}","templated":true}]}}