{"id":13515,"date":"2023-04-18T12:27:07","date_gmt":"2023-04-18T16:27:07","guid":{"rendered":"https:\/\/theprogressives.ca\/?p=13515"},"modified":"2023-04-19T14:22:25","modified_gmt":"2023-04-19T18:22:25","slug":"la-semaine-nationale-de-la-conservation-des-sols","status":"publish","type":"post","link":"https:\/\/theprogressives.ca\/fr\/au-senat\/periode-de-questions\/la-semaine-nationale-de-la-conservation-des-sols\/","title":{"rendered":"P\u00e9riode des questions : La Semaine nationale de la conservation des sols"},"content":{"rendered":"<p><iframe title=\"Le s\u00e9nateur Klyne pose une question sur la sant\u00e9 des sols au Canada - 18 avril\/23 (source fran\u00e7aise)\" width=\"640\" height=\"360\" data-src=\"https:\/\/www.youtube.com\/embed\/i_s_coeXcYc?feature=oembed\" frameborder=\"0\" allow=\"accelerometer; autoplay; clipboard-write; encrypted-media; gyroscope; picture-in-picture; web-share\" allowfullscreen src=\"data:image\/svg+xml;base64,PHN2ZyB3aWR0aD0iMSIgaGVpZ2h0PSIxIiB4bWxucz0iaHR0cDovL3d3dy53My5vcmcvMjAwMC9zdmciPjwvc3ZnPg==\" class=\"lazyload\" data-load-mode=\"1\"><\/iframe><\/p>\n<p><b>L\u2019honorable Marty Klyne :\u00a0<\/b>S\u00e9nateur Gold, cette semaine est la Semaine nationale de la conservation des sols. Le sol assure la survie de nos for\u00eats et de nos prairies, ainsi que de leurs plantes et de leurs animaux. C\u2019est une ressource vitale pour les moyens de subsistance des Canadiens, y compris les secteurs de la construction, de la sylviculture et, bien s\u00fbr, de l\u2019agriculture et de la s\u00e9curit\u00e9 alimentaire.<\/p>\n<p>Malheureusement, cette ressource pr\u00e9cieuse ne re\u00e7oit pas toujours la reconnaissance qu\u2019elle m\u00e9rite. C\u2019est pourquoi je suis fier que notre Comit\u00e9 s\u00e9natorial de l\u2019agriculture et des for\u00eats m\u00e8ne une \u00e9tude sur la sant\u00e9 des sols\u00a0\u2014 la premi\u00e8re \u00e9tude du Parlement portant express\u00e9ment sur les sols depuis 39\u00a0ans.<\/p>\n<p>S\u00e9nateur Gold, alors que nous \u00e9tudions cette question importante, pouvez-vous informer le S\u00e9nat des mesures prises par le gouvernement f\u00e9d\u00e9ral pour collaborer avec les intervenants de tout le pays et les soutenir afin de prot\u00e9ger la sant\u00e9 des sols au Canada?<\/p>\n<p><b>L\u2019honorable Marc Gold (repr\u00e9sentant du gouvernement au S\u00e9nat) :\u00a0<\/b>Je vous remercie de votre question et du travail essentiel que le comit\u00e9 s\u00e9natorial accomplit sur ce sujet important. Cette question a \u00e9t\u00e9 une priorit\u00e9 pour les gouvernements et pour le gouvernement actuel, et ce dernier s\u2019appuie sur un pass\u00e9 de recherche de premier ordre au sujet de cette question importante au Canada. En effet, les scientifiques canadiens proposent des approches et des pratiques innovantes pour nous aider \u00e0 am\u00e9liorer la r\u00e9silience des sols, \u00e0 r\u00e9duire l\u2019\u00e9rosion et \u00e0 augmenter le captage du carbone dans les sols, et pour aider le secteur agricole \u00e0 jouer son r\u00f4le important et n\u00e9cessaire dans nos efforts pour contrebalancer les effets des gaz \u00e0 effet de serre.<\/p>\n<p>Depuis 2021, le gouvernement a annonc\u00e9 des initiatives d\u2019une valeur de 1,5 milliard de dollars pour le secteur agricole. Il a incit\u00e9 les producteurs \u00e0 adopter des pratiques et des technologies permettant de r\u00e9duire les \u00e9missions de gaz \u00e0 effet de serre, de capter le carbone dans les sols et d\u2019am\u00e9liorer la sant\u00e9 de ces derniers. Le nouveau Partenariat pour une agriculture canadienne durable\u00a0\u2014 un accord quinquennal de 3,5 milliards de dollars conclu entre les gouvernements f\u00e9d\u00e9ral, provinciaux et territoriaux\u00a0\u2014 pr\u00e9voit des fonds pour aider les agriculteurs \u00e0 adapter leurs pratiques afin d\u2019am\u00e9liorer la sant\u00e9 des sols. Il s\u2019agit notamment d\u2019un nouveau programme de 250 millions de dollars \u00e0 frais partag\u00e9s, le Programme des paysages agricoles r\u00e9silients, qui vise \u00e0 aider les agriculteurs \u00e0 mettre en \u0153uvre de telles pratiques et \u00e0 renforcer la capacit\u00e9 naturelle des terres agricoles \u00e0 capter le carbone, ce qui permet de prot\u00e9ger la biodiversit\u00e9 et, bien s\u00fbr, la sant\u00e9 des sols.<\/p>\n<p>Le gouvernement \u00e9labore \u00e9galement une strat\u00e9gie pour une agriculture durable en collaboration avec les partenaires et les parties prenantes de ce secteur. Cette strat\u00e9gie portera sur cinq th\u00e8mes, dont la sant\u00e9 des sols, et contribuera \u00e0 d\u00e9finir une orientation pour nos actions communes en vue d\u2019am\u00e9liorer la performance environnementale \u00e0 long terme et en vue de renforcer la viabilit\u00e9, la comp\u00e9titivit\u00e9 et la vitalit\u00e9 de ce secteur.<\/p>\n","protected":false},"excerpt":{"rendered":"<p>L\u2019honorable Marty Klyne :\u00a0S\u00e9nateur Gold, cette semaine est la Semaine nationale de la conservation des sols. Le sol assure la survie de nos for\u00eats et de nos prairies, ainsi que de leurs plantes et de leurs animaux. C\u2019est une ressource vitale pour les moyens de subsistance des Canadiens, y compris les secteurs de la construction,&#8230;<\/p>\n","protected":false},"author":3,"featured_media":1986,"comment_status":"closed","ping_status":"closed","sticky":false,"template":"","format":"standard","meta":{"_acf_changed":false,"wds_primary_category":97,"footnotes":""},"categories":[97],"tags":[],"senator_posts":[34],"class_list":["post-13515","post","type-post","status-publish","format-standard","has-post-thumbnail","hentry","category-periode-de-questions","senator_posts-l-hon-marty-klyne"],"acf":[],"_links":{"self":[{"href":"https:\/\/theprogressives.ca\/fr\/wp-json\/wp\/v2\/posts\/13515","targetHints":{"allow":["GET"]}}],"collection":[{"href":"https:\/\/theprogressives.ca\/fr\/wp-json\/wp\/v2\/posts"}],"about":[{"href":"https:\/\/theprogressives.ca\/fr\/wp-json\/wp\/v2\/types\/post"}],"author":[{"embeddable":true,"href":"https:\/\/theprogressives.ca\/fr\/wp-json\/wp\/v2\/users\/3"}],"replies":[{"embeddable":true,"href":"https:\/\/theprogressives.ca\/fr\/wp-json\/wp\/v2\/comments?post=13515"}],"version-history":[{"count":0,"href":"https:\/\/theprogressives.ca\/fr\/wp-json\/wp\/v2\/posts\/13515\/revisions"}],"wp:featuredmedia":[{"embeddable":true,"href":"https:\/\/theprogressives.ca\/fr\/wp-json\/wp\/v2\/media\/1986"}],"wp:attachment":[{"href":"https:\/\/theprogressives.ca\/fr\/wp-json\/wp\/v2\/media?parent=13515"}],"wp:term":[{"taxonomy":"category","embeddable":true,"href":"https:\/\/theprogressives.ca\/fr\/wp-json\/wp\/v2\/categories?post=13515"},{"taxonomy":"post_tag","embeddable":true,"href":"https:\/\/theprogressives.ca\/fr\/wp-json\/wp\/v2\/tags?post=13515"},{"taxonomy":"senator_posts","embeddable":true,"href":"https:\/\/theprogressives.ca\/fr\/wp-json\/wp\/v2\/senator_posts?post=13515"}],"curies":[{"name":"wp","href":"https:\/\/api.w.org\/{rel}","templated":true}]}}