{"id":13449,"date":"2023-03-30T14:19:00","date_gmt":"2023-03-30T18:19:00","guid":{"rendered":"https:\/\/theprogressives.ca\/?p=13449"},"modified":"2023-12-12T14:41:50","modified_gmt":"2023-12-12T19:41:50","slug":"periode-des-questions-le-budget-de-2023","status":"publish","type":"post","link":"https:\/\/theprogressives.ca\/fr\/au-senat\/periode-de-questions\/periode-des-questions-le-budget-de-2023\/","title":{"rendered":"P\u00e9riode des questions : Le budget de 2023"},"content":{"rendered":"<p><iframe title=\"Le s\u00e9nateur Cardozo pose des questions sur le budget de 2023 - 30 mars 2023 (source fran\u00e7aise)\" width=\"640\" height=\"360\" data-src=\"https:\/\/www.youtube.com\/embed\/vgyzv9G8fx0?feature=oembed\" frameborder=\"0\" allow=\"accelerometer; autoplay; clipboard-write; encrypted-media; gyroscope; picture-in-picture; web-share\" allowfullscreen src=\"data:image\/svg+xml;base64,PHN2ZyB3aWR0aD0iMSIgaGVpZ2h0PSIxIiB4bWxucz0iaHR0cDovL3d3dy53My5vcmcvMjAwMC9zdmciPjwvc3ZnPg==\" class=\"lazyload\" data-load-mode=\"1\"><\/iframe><\/p>\n<p><b>L\u2019honorable Andrew Cardozo :\u00a0<\/b>Ma question s\u2019adresse au repr\u00e9sentant du gouvernement et concerne le budget d\u00e9pos\u00e9 plus t\u00f4t cette semaine.<\/p>\n<p>Les observateurs parlent d\u2019un budget qui marque un tournant, parce qu\u2019il pr\u00e9voit un soutient important pour les technologies vertes et qu\u2019il fait passer l\u2019industrie canadienne \u00e0 la prochaine \u00e9tape, notamment dans le but de garder le rythme face aux incitatifs majeurs pr\u00e9vus aux \u00c9tats-Unis, dans l\u2019Inflation Reduction Act, en Europe et ailleurs dans le monde. Il y a beaucoup de choses que les\u00a0Canadiens peuvent faire pour soutenir cette industrie, ce qui serait\u00a0profitable ici au pays, mais qui favoriserait \u00e9galement la comp\u00e9titivit\u00e9 du Canada \u00e0 l\u2019international en mati\u00e8re de technologies vertes.<\/p>\n<p>S\u00e9nateur Gold, pouvez-vous d\u00e9crire ce que le gouvernement fait pour favoriser la croissance de cette industrie, cr\u00e9er des emplois et lutter contre les changements climatiques?<\/p>\n<p><b>L\u2019honorable Marc Gold (repr\u00e9sentant du gouvernement au S\u00e9nat) :\u00a0<\/b>Merci de votre question.<\/p>\n<p>L\u2019\u00e9conomie mondiale subit pr\u00e9sentement ce qu\u2019il convient d\u2019appeler la plus importante transformation depuis la r\u00e9volution industrielle, et le Canada, en tant que chef de file mondial, ne peut se permettre de manquer le bateau. Nos amis et nos partenaires\u00a0\u2014 \u00e0 commencer par les \u00c9tats-Unis\u00a0\u2014 investissent massivement pour b\u00e2tir une \u00e9conomie plus propre et les industries carboneutres de demain. C\u2019est pour cette raison que les mesures contenues dans le budget mettent l\u2019accent sur l\u2019aide aux entreprises canadiennes qui veulent investir dans l\u2019\u00e9conomie propre en leur offrant des cr\u00e9dits d\u2019imp\u00f4t faciles \u00e0 comprendre et pr\u00e9visibles pour leurs investissements, du financement strat\u00e9gique \u00e0 faible taux, ainsi que des investissements et des programmes con\u00e7us pour r\u00e9pondre aux besoins des diff\u00e9rents secteurs et projets dont l\u2019importance au point de vue \u00e9conomique est nationale, entre autres.<\/p>\n<p>Comme je l\u2019ai mentionn\u00e9, il existe une s\u00e9rie de nouveaux cr\u00e9dits d\u2019imp\u00f4t \u00e0 l\u2019investissement con\u00e7us pour attirer et augmenter les investissements dans l\u2019\u00e9lectricit\u00e9 propre, les technologies propres, la fabrication et l\u2019hydrog\u00e8ne propre; pour acc\u00e9l\u00e9rer les projets d\u00e9j\u00e0 en cours par les entreprises et soutenus par les gouvernements dans bon nombre de nos provinces\u00a0\u2014 que ce soit pour les exigences en\u00a0mati\u00e8re de main-d\u2019\u0153uvre ou les cr\u00e9dits d\u2019imp\u00f4t \u00e0 l\u2019investissement\u00a0\u2014 afin de garantir le soutien du gouvernement aux entreprises pour qu\u2019elles puissent se d\u00e9velopper et offrir aux travailleurs de bons salaires et des possibilit\u00e9s d\u2019apprentissage. Nous investirons aussi 3 milliards de dollars sur 13\u00a0ans pour soutenir les programmes d\u2019\u00e9lectricit\u00e9 propre. La Banque canadienne de l\u2019infrastructure mettra l\u2019accent sur l\u2019\u00e9lectricit\u00e9 propre, avec des investissements d\u2019au moins 20 milliards de dollars pour soutenir la construction de grands projets d\u2019infrastructure d\u2019\u00e9lectricit\u00e9 propre et de croissance propre. Pour finir, nous cr\u00e9erons le Fonds de croissance du Canada en partenariat avec l\u2019Office d\u2019investissement des r\u00e9gimes de pensions du secteur public pour attirer les capitaux priv\u00e9s n\u00e9cessaires \u00e0 l\u2019investissement dans l\u2019\u00e9conomie propre du Canada.<\/p>\n<p>Ces mesures sont con\u00e7ues pour veiller \u00e0 ce que notre pays ne prenne pas de retard par rapport \u00e0 ses partenaires et au reste du monde, alors que la plan\u00e8te est en pleine mutation. Le budget de 2023 est la r\u00e9ponse du gouvernement du Canada pour aider les entreprises canadiennes et notre \u00e9conomie \u00e0 prosp\u00e9rer alors que nous traversons ces changements.<\/p>\n<p><b>Le s\u00e9nateur Cardozo :\u00a0<\/b>S\u00e9nateur Gold, vous parlez des changements transformateurs qui se produisent au sein de l\u2019\u00e9conomie en lien avec l\u2019environnement et les changements climatiques. En m\u00eame temps, l\u2019inflation monte en fl\u00e8che et on craint une r\u00e9cession.<\/p>\n<p>Est-ce le moment d\u2019effectuer ces investissements? Ne pourrait-on pas attendre encore quelques ann\u00e9es, comme le soutiennent certains?<\/p>\n<p><b>Le s\u00e9nateur Gold :\u00a0<\/b>Le gouvernement est d\u2019avis que c\u2019est le moment opportun d\u2019effectuer ces investissements. Premi\u00e8rement, la plan\u00e8te n\u2019attendra pas. Les changements climatiques n\u2019attendent pas. Les march\u00e9s financiers n\u2019attendent pas. Nos partenaires n\u2019attendent pas et les entreprises canadiennes ne veulent pas attendre. Les travailleurs qui d\u00e9pendent d\u2019un bon emploi solide, que ce soit dans le secteur actuel de l\u2019\u00e9nergie, dans le secteur de l\u2019agriculture ou dans un autre secteur, ont le droit d\u2019avoir des gouvernements qui les soutiennent tandis que le monde change autour d\u2019eux, de sorte qu\u2019ils puissent, ainsi que leurs enfants, continuer d\u2019avoir une exp\u00e9rience de travail prosp\u00e8re, enrichissante et valorisante.<\/p>\n<p>Heureusement\u00a0\u2014 et je me r\u00e9p\u00e8te&#8230;<\/p>\n<p><b>Le s\u00e9nateur Plett :\u00a0<\/b>Oui, en effet.<\/p>\n<p><b>Le s\u00e9nateur Gold :\u00a0<\/b>Eh bien, il est important de r\u00e9p\u00e9ter les faits pour r\u00e9futer les fausset\u00e9s qui ne cessent d\u2019\u00eatre v\u00e9hicul\u00e9es, chers coll\u00e8gues.<\/p>\n<p>Il se trouve que notre \u00e9conomie est solide et capable d\u2019absorber ces investissements. Oui, ces derniers augmentent nos d\u00e9penses, mais ce ne sont pas des d\u00e9penses inconsid\u00e9r\u00e9es. Ce sont des d\u00e9penses intelligentes et cibl\u00e9es. Si notre \u00e9conomie se porte aussi bien, c\u2019est gr\u00e2ce aux d\u00e9penses et aux investissements du gouvernement actuel au cours des derni\u00e8res ann\u00e9es. C\u2019est maintenant le moment d\u2019investir parce que le reste du monde n\u2019attendra pas.<\/p>\n","protected":false},"excerpt":{"rendered":"<p>L\u2019honorable Andrew Cardozo :\u00a0Ma question s\u2019adresse au repr\u00e9sentant du gouvernement et concerne le budget d\u00e9pos\u00e9 plus t\u00f4t cette semaine. Les observateurs parlent d\u2019un budget qui marque un tournant, parce qu\u2019il pr\u00e9voit un soutient important pour les technologies vertes et qu\u2019il fait passer l\u2019industrie canadienne \u00e0 la prochaine \u00e9tape, notamment dans le but de garder le&#8230;<\/p>\n","protected":false},"author":3,"featured_media":1964,"comment_status":"closed","ping_status":"closed","sticky":false,"template":"","format":"standard","meta":{"_acf_changed":false,"wds_primary_category":97,"footnotes":""},"categories":[97],"tags":[],"senator_posts":[178],"class_list":["post-13449","post","type-post","status-publish","format-standard","has-post-thumbnail","hentry","category-periode-de-questions","senator_posts-l-hon-andrew-cardozo"],"acf":[],"_links":{"self":[{"href":"https:\/\/theprogressives.ca\/fr\/wp-json\/wp\/v2\/posts\/13449","targetHints":{"allow":["GET"]}}],"collection":[{"href":"https:\/\/theprogressives.ca\/fr\/wp-json\/wp\/v2\/posts"}],"about":[{"href":"https:\/\/theprogressives.ca\/fr\/wp-json\/wp\/v2\/types\/post"}],"author":[{"embeddable":true,"href":"https:\/\/theprogressives.ca\/fr\/wp-json\/wp\/v2\/users\/3"}],"replies":[{"embeddable":true,"href":"https:\/\/theprogressives.ca\/fr\/wp-json\/wp\/v2\/comments?post=13449"}],"version-history":[{"count":0,"href":"https:\/\/theprogressives.ca\/fr\/wp-json\/wp\/v2\/posts\/13449\/revisions"}],"wp:featuredmedia":[{"embeddable":true,"href":"https:\/\/theprogressives.ca\/fr\/wp-json\/wp\/v2\/media\/1964"}],"wp:attachment":[{"href":"https:\/\/theprogressives.ca\/fr\/wp-json\/wp\/v2\/media?parent=13449"}],"wp:term":[{"taxonomy":"category","embeddable":true,"href":"https:\/\/theprogressives.ca\/fr\/wp-json\/wp\/v2\/categories?post=13449"},{"taxonomy":"post_tag","embeddable":true,"href":"https:\/\/theprogressives.ca\/fr\/wp-json\/wp\/v2\/tags?post=13449"},{"taxonomy":"senator_posts","embeddable":true,"href":"https:\/\/theprogressives.ca\/fr\/wp-json\/wp\/v2\/senator_posts?post=13449"}],"curies":[{"name":"wp","href":"https:\/\/api.w.org\/{rel}","templated":true}]}}