{"id":13445,"date":"2023-03-30T11:41:16","date_gmt":"2023-03-30T15:41:16","guid":{"rendered":"https:\/\/theprogressives.ca\/?p=13445"},"modified":"2023-03-31T11:42:32","modified_gmt":"2023-03-31T15:42:32","slug":"les-jeux-dhiver-du-canada-de-2023","status":"publish","type":"post","link":"https:\/\/theprogressives.ca\/fr\/au-senat\/declarations\/les-jeux-dhiver-du-canada-de-2023\/","title":{"rendered":"Les Jeux d\u2019hiver du Canada de 2023"},"content":{"rendered":"<p><iframe title=\"Le s\u00e9nateur Klyne parle des Jeux d\u2019hiver du Canada de 2023 - 30 mars 2023 (source fran\u00e7aise)\" width=\"640\" height=\"360\" data-src=\"https:\/\/www.youtube.com\/embed\/m2MdObwKqeA?feature=oembed\" frameborder=\"0\" allow=\"accelerometer; autoplay; clipboard-write; encrypted-media; gyroscope; picture-in-picture; web-share\" allowfullscreen src=\"data:image\/svg+xml;base64,PHN2ZyB3aWR0aD0iMSIgaGVpZ2h0PSIxIiB4bWxucz0iaHR0cDovL3d3dy53My5vcmcvMjAwMC9zdmciPjwvc3ZnPg==\" class=\"lazyload\" data-load-mode=\"1\"><\/iframe><\/p>\n<p><b>L\u2019honorable Marty Klyne :\u00a0<\/b>Honorables s\u00e9nateurs, du 18\u00a0f\u00e9vrier\u00a0au 5 mars, l\u2019\u00cele-du-Prince-\u00c9douard a accueilli les Jeux d\u2019hiver du Canada de 2023. Au cours des deux semaines que les jeux ont dur\u00e9, un total de 20 sports ont \u00e9t\u00e9 pr\u00e9sent\u00e9s dans le cadre de 150 \u00e9v\u00e9nements. Ce fut l\u2019exp\u00e9rience d\u2019une vie pour de jeunes athl\u00e8tes provenant des quatre coins du Canada. L\u2019\u00e9quipe de la Saskatchewan a livr\u00e9 une excellente performance. Nos athl\u00e8tes ont remport\u00e9 20 m\u00e9dailles lors de ces jeux d\u2019hiver, soit trois de plus que lors des derniers jeux, en 2019.<\/p>\n<p>L\u2019un des groupes de jeunes athl\u00e8tes que je tiens \u00e0 souligner est l\u2019\u00e9quipe de ringuette de la Saskatchewan. La ringuette est l\u2019un des sports les plus rapides jou\u00e9s sur glace. Apr\u00e8s avoir perdu ses deux premi\u00e8res parties, l\u2019\u00e9quipe de la Saskatchewan s\u2019est battue pour se rendre \u00e0 la ronde des m\u00e9dailles en faisant notamment une remont\u00e9e spectaculaire en quart de finale, o\u00f9 elle a remport\u00e9 la victoire contre l\u2019\u00e9quipe du Nouveau-Brunswick. Comme Maddy Nystrom, la gardienne de but de l\u2019\u00e9quipe, l\u2019a dit apr\u00e8s la partie\u00a0:<\/p>\n<p style=\"padding-left: 40px;\">Notre \u00e9quipe n\u2019a pas abandonn\u00e9. Nous n\u2019abandonnons pas. Nous avons d\u00e9marr\u00e9 lentement dans le tournoi \u00e0 la ronde. Nous avons progress\u00e9, nous nous sommes am\u00e9lior\u00e9es \u00e0 chaque partie\u00a0et nous avons pers\u00e9v\u00e9r\u00e9. Nous voulions tellement gagner.<\/p>\n<p>Tout ce travail a \u00e9t\u00e9 r\u00e9compens\u00e9 lors du match pour la m\u00e9daille de bronze, o\u00f9 l\u2019\u00e9quipe de la Saskatchewan a remport\u00e9 la victoire en prolongation contre l\u2019\u00e9quipe de l\u2019\u00cele-du-Prince-\u00c9douard avec un pointage de 4 \u00e0 3 gr\u00e2ce \u00e0 un magnifique but marqu\u00e9 par Rylie Bryden. C\u2019\u00e9tait la premi\u00e8re m\u00e9daille de l\u2019\u00e9quipe de ringuette de la Saskatchewan en 24\u00a0ans et seulement la deuxi\u00e8me m\u00e9daille pour ce sport dans l\u2019histoire de la province\u00a0: la derni\u00e8re \u00e9tait une m\u00e9daille de bronze remport\u00e9e en 1999.<\/p>\n<p>\u00c9tant donn\u00e9 que\u00a0mars\u00a0est le Mois de l\u2019histoire des femmes, il est particuli\u00e8rement emballant de voir une \u00e9quipe compos\u00e9e uniquement de femmes, et entra\u00een\u00e9e strictement par des femmes, obtenir de bons r\u00e9sultats \u00e0 la ringuette lors de ces jeux. Cela en dit long sur l\u2019engagement de ma province, la Saskatchewan, envers les entra\u00eeneuses et les athl\u00e8tes f\u00e9minines dans un sport pratiqu\u00e9 l\u00e0-bas par tant de femmes.<\/p>\n<p>Par ailleurs, je suis tr\u00e8s heureux de signaler que ma ville, Regina, accueillera les Championnats canadiens de ringuette 2023 le mois prochain, du 9 au 15 avril. Nous sommes impatients de regarder toutes les joueuses talentueuses de ringuette, qui viennent d\u2019un bout \u00e0 l\u2019autre du pays.<\/p>\n<p>Merci.\u00a0<i>Hiy kitatamihin<\/i>.<\/p>\n","protected":false},"excerpt":{"rendered":"<p>L\u2019honorable Marty Klyne :\u00a0Honorables s\u00e9nateurs, du 18\u00a0f\u00e9vrier\u00a0au 5 mars, l\u2019\u00cele-du-Prince-\u00c9douard a accueilli les Jeux d\u2019hiver du Canada de 2023. Au cours des deux semaines que les jeux ont dur\u00e9, un total de 20 sports ont \u00e9t\u00e9 pr\u00e9sent\u00e9s dans le cadre de 150 \u00e9v\u00e9nements. Ce fut l\u2019exp\u00e9rience d\u2019une vie pour de jeunes athl\u00e8tes provenant des quatre&#8230;<\/p>\n","protected":false},"author":3,"featured_media":1972,"comment_status":"closed","ping_status":"closed","sticky":false,"template":"","format":"standard","meta":{"_acf_changed":false,"wds_primary_category":99,"footnotes":""},"categories":[99],"tags":[],"senator_posts":[34],"class_list":["post-13445","post","type-post","status-publish","format-standard","has-post-thumbnail","hentry","category-declarations","senator_posts-l-hon-marty-klyne"],"acf":[],"_links":{"self":[{"href":"https:\/\/theprogressives.ca\/fr\/wp-json\/wp\/v2\/posts\/13445","targetHints":{"allow":["GET"]}}],"collection":[{"href":"https:\/\/theprogressives.ca\/fr\/wp-json\/wp\/v2\/posts"}],"about":[{"href":"https:\/\/theprogressives.ca\/fr\/wp-json\/wp\/v2\/types\/post"}],"author":[{"embeddable":true,"href":"https:\/\/theprogressives.ca\/fr\/wp-json\/wp\/v2\/users\/3"}],"replies":[{"embeddable":true,"href":"https:\/\/theprogressives.ca\/fr\/wp-json\/wp\/v2\/comments?post=13445"}],"version-history":[{"count":0,"href":"https:\/\/theprogressives.ca\/fr\/wp-json\/wp\/v2\/posts\/13445\/revisions"}],"wp:featuredmedia":[{"embeddable":true,"href":"https:\/\/theprogressives.ca\/fr\/wp-json\/wp\/v2\/media\/1972"}],"wp:attachment":[{"href":"https:\/\/theprogressives.ca\/fr\/wp-json\/wp\/v2\/media?parent=13445"}],"wp:term":[{"taxonomy":"category","embeddable":true,"href":"https:\/\/theprogressives.ca\/fr\/wp-json\/wp\/v2\/categories?post=13445"},{"taxonomy":"post_tag","embeddable":true,"href":"https:\/\/theprogressives.ca\/fr\/wp-json\/wp\/v2\/tags?post=13445"},{"taxonomy":"senator_posts","embeddable":true,"href":"https:\/\/theprogressives.ca\/fr\/wp-json\/wp\/v2\/senator_posts?post=13445"}],"curies":[{"name":"wp","href":"https:\/\/api.w.org\/{rel}","templated":true}]}}