{"id":13432,"date":"2023-03-29T15:11:41","date_gmt":"2023-03-29T19:11:41","guid":{"rendered":"https:\/\/theprogressives.ca\/?p=13432"},"modified":"2023-03-30T15:22:12","modified_gmt":"2023-03-30T19:22:12","slug":"la-reconciliation-par-les-arts","status":"publish","type":"post","link":"https:\/\/theprogressives.ca\/fr\/au-senat\/declarations\/la-reconciliation-par-les-arts\/","title":{"rendered":"La r\u00e9conciliation par les arts"},"content":{"rendered":"<p><iframe title=\"La s\u00e9natrice Bovey sur la r\u00e9conciliation par les arts - 29 mars 2023 (source fran\u00e7aise)\" width=\"640\" height=\"360\" data-src=\"https:\/\/www.youtube.com\/embed\/tFlKkNRbKVM?feature=oembed\" frameborder=\"0\" allow=\"accelerometer; autoplay; clipboard-write; encrypted-media; gyroscope; picture-in-picture; web-share\" allowfullscreen src=\"data:image\/svg+xml;base64,PHN2ZyB3aWR0aD0iMSIgaGVpZ2h0PSIxIiB4bWxucz0iaHR0cDovL3d3dy53My5vcmcvMjAwMC9zdmciPjwvc3ZnPg==\" class=\"lazyload\" data-load-mode=\"1\"><\/iframe><\/p>\n<p><b>L\u2019honorable Patricia Bovey :\u00a0<\/b>Honorables s\u00e9nateurs, j\u2019ai l\u2019immense plaisir d\u2019accueillir mon amie de longue date du milieu des arts visuels, Pat Grattan. Combien de fois, au fil des\u00a0ans, avons\u2011nous discut\u00e9, Pat et moi, que ce soit ici \u00e0 Ottawa ou ailleurs, du r\u00f4le des arts et de leurs bienfaits sur le monde dans lequel nous vivons?<\/p>\n<p>Aujourd\u2019hui, chers coll\u00e8gues, j\u2019aimerais applaudir le Pacific Victoria Opera et le Vancouver Opera pour la tourn\u00e9e de l\u2019op\u00e9ra\u00a0<i>The Flight of the Hummingbird<\/i>, qu\u2019ils co-organisent et coproduisent avec les \u00e9coles de la Colombie-Britannique. Pour les th\u00e8mes touchant les changements climatiques et la r\u00e9conciliation, ils ont aussi sollicit\u00e9 la collaboration de gardiens du savoir et de communaut\u00e9s autochtones de la r\u00e9gion. Les conseillers autochtones ont d\u2019ailleurs grandement contribu\u00e9 au succ\u00e8s du projet.<\/p>\n<p>Comme l\u2019explique l\u2019auteur Michael Nicoll Yahgulanaas, l\u2019op\u00e9ra\u00a0<i>The Flight of the Hummingbird<\/i>, qui est bas\u00e9 sur le livre du m\u00eame nom, est en fait un appel \u00e0 l\u2019action. Parabole pour l\u2019environnement, il raconte comment, gr\u00e2ce \u00e0 sa r\u00e9silience et \u00e0 sa persistance, un petit colibri, qui est aussi un symbole de courage, r\u00e9ussit \u00e0 \u00e9teindre un \u00e9norme incendie de for\u00eat. Cette histoire est tir\u00e9e des traditions des Quechuas d\u2019Am\u00e9rique du Sud et des Ha\u00efdas de Haida Gwaii.<\/p>\n<p>Par l\u2019entremise des personnages du colibri, de l\u2019ours, du lapin, du hibou et des corbeaux, l\u2019histoire et la musique racontent l\u2019histoire de la colonisation et les r\u00e9percussions des traumatismes subis et nous rappellent \u00e0 quel point il est important de prendre soin de son prochain et d\u2019\u00e9couter le point de vue de l\u2019autre, car c\u2019est ce qui nous fait grandir. Voici ce que dit le guide d\u2019\u00e9tude\u00a0:<\/p>\n<p style=\"padding-left: 40px;\">De cette mani\u00e8re, l\u2019histoire de cette pi\u00e8ce est non seulement un appel \u00e0 l\u2019action, mais aussi l\u2019expression de la v\u00e9rit\u00e9 spirituelle et \u00e9motionnelle de leur exp\u00e9rience.<\/p>\n<p>J\u2019ai appris l\u2019\u00e9t\u00e9 dernier que le spectacle sera en tourn\u00e9e partout en Colombie-Britannique ce printemps et le printemps suivant, notamment dans de nombreuses communaut\u00e9s des Premi\u00e8res Nations. \u00c0 mon avis, il s\u2019agit l\u00e0 de l\u2019une des principales r\u00e9conciliACTIONS, qui, comme d\u2019autres, favoriseront une v\u00e9ritable r\u00e9conciliation. Il s\u2019agit de la Commission de v\u00e9rit\u00e9 et r\u00e9conciliation du Canada\u00a0: \u00ab Tous les Canadiens, en tant que personnes vis\u00e9es par un trait\u00e9, partagent la responsabilit\u00e9 d\u2019\u00e9tablir et de maintenir des relations bas\u00e9es sur le respect mutuel. \u00bb<\/p>\n<p>Ces deux grandes compagnies d\u2019op\u00e9ra canadiennes ont fait cela ensemble en consultant et en faisant participer des Autochtones et des non-Autochtones.<\/p>\n<p>Rebecca Hass, qui est Anishinabe et M\u00e9tisse ainsi que directrice de la participation des collectivit\u00e9s du Pacific Opera Victoria, a \u00e9crit ceci\u00a0: \u00ab Nous \u00e9tions l\u00e0. Nous avons vu. Nous avons entendu. Nous avons compos\u00e9 cette pi\u00e8ce de la bonne fa\u00e7on. Nous avons \u00e9t\u00e9 t\u00e9moins. \u00bb<\/p>\n<p>F\u00e9licitations. Je sais que les gens qui verront la pi\u00e8ce dans les \u00e9coles o\u00f9 elle sera pr\u00e9sent\u00e9e auront une exp\u00e9rience m\u00e9morable et marquante.<\/p>\n<p>Chers coll\u00e8gues, les arts font partie\u00a0des efforts de sensibilisation aux changements climatiques et ils ont une incidence sur le patrimoine. De surcro\u00eet, les artistes et les cr\u00e9ateurs doivent faire partie\u00a0de la solution en cours. Merci.<\/p>\n","protected":false},"excerpt":{"rendered":"<p>L\u2019honorable Patricia Bovey :\u00a0Honorables s\u00e9nateurs, j\u2019ai l\u2019immense plaisir d\u2019accueillir mon amie de longue date du milieu des arts visuels, Pat Grattan. Combien de fois, au fil des\u00a0ans, avons\u2011nous discut\u00e9, Pat et moi, que ce soit ici \u00e0 Ottawa ou ailleurs, du r\u00f4le des arts et de leurs bienfaits sur le monde dans lequel nous vivons?&#8230;<\/p>\n","protected":false},"author":3,"featured_media":2016,"comment_status":"closed","ping_status":"closed","sticky":false,"template":"","format":"standard","meta":{"_acf_changed":false,"wds_primary_category":99,"footnotes":""},"categories":[99],"tags":[102],"senator_posts":[35],"class_list":["post-13432","post","type-post","status-publish","format-standard","has-post-thumbnail","hentry","category-declarations","tag-arts-et-culture","senator_posts-l-hon-patricia-bovey"],"acf":[],"_links":{"self":[{"href":"https:\/\/theprogressives.ca\/fr\/wp-json\/wp\/v2\/posts\/13432","targetHints":{"allow":["GET"]}}],"collection":[{"href":"https:\/\/theprogressives.ca\/fr\/wp-json\/wp\/v2\/posts"}],"about":[{"href":"https:\/\/theprogressives.ca\/fr\/wp-json\/wp\/v2\/types\/post"}],"author":[{"embeddable":true,"href":"https:\/\/theprogressives.ca\/fr\/wp-json\/wp\/v2\/users\/3"}],"replies":[{"embeddable":true,"href":"https:\/\/theprogressives.ca\/fr\/wp-json\/wp\/v2\/comments?post=13432"}],"version-history":[{"count":0,"href":"https:\/\/theprogressives.ca\/fr\/wp-json\/wp\/v2\/posts\/13432\/revisions"}],"wp:featuredmedia":[{"embeddable":true,"href":"https:\/\/theprogressives.ca\/fr\/wp-json\/wp\/v2\/media\/2016"}],"wp:attachment":[{"href":"https:\/\/theprogressives.ca\/fr\/wp-json\/wp\/v2\/media?parent=13432"}],"wp:term":[{"taxonomy":"category","embeddable":true,"href":"https:\/\/theprogressives.ca\/fr\/wp-json\/wp\/v2\/categories?post=13432"},{"taxonomy":"post_tag","embeddable":true,"href":"https:\/\/theprogressives.ca\/fr\/wp-json\/wp\/v2\/tags?post=13432"},{"taxonomy":"senator_posts","embeddable":true,"href":"https:\/\/theprogressives.ca\/fr\/wp-json\/wp\/v2\/senator_posts?post=13432"}],"curies":[{"name":"wp","href":"https:\/\/api.w.org\/{rel}","templated":true}]}}