{"id":13373,"date":"2022-12-12T10:02:55","date_gmt":"2022-12-12T15:02:55","guid":{"rendered":"https:\/\/theprogressives.ca\/?p=13373"},"modified":"2024-01-30T11:51:07","modified_gmt":"2024-01-30T16:51:07","slug":"les-efforts-de-conservation-diriges-par-les-autochtones-sont-la-cle-pour-proteger-la-terre-mere","status":"publish","type":"post","link":"https:\/\/theprogressives.ca\/fr\/nouvelles\/les-efforts-de-conservation-diriges-par-les-autochtones-sont-la-cle-pour-proteger-la-terre-mere\/","title":{"rendered":"Les efforts de conservation dirig\u00e9s par les Autochtones sont la cl\u00e9 pour prot\u00e9ger la Terre m\u00e8re"},"content":{"rendered":"<p>Je suis de la for\u00eat bor\u00e9ale, du territoire de l\u2019Atik<sup>u<\/sup>\u00a0(caribou), un animal sacr\u00e9 pour les Innuat. Mon peuple avait l\u2019habitude de voyager en suivant la trace des troupeaux de caribous.<\/p>\n<p>J\u2019ai grandi \u00e0 Schefferville, au Qu\u00e9bec, o\u00f9 je pouvais r\u00e9guli\u00e8rement apercevoir des troupeaux de caribous. D\u00e9sormais, une fois par an, lorsque nous sommes sur notre territoire traditionnel dans le Mushuau-nipi, nous nous demandons si le ma\u00eetre des caribous\u00a0<em>papakasis\u00a0<\/em>nous accordera le privil\u00e8ge de voir un ou deux caribous. L\u2019avenir de ce troupeau autrefois immense est d\u00e9sormais incertain.<\/p>\n<p>Pendant sa migration, le troupeau de la rivi\u00e8re George traverse le nord du Labrador et de grandes parties du Qu\u00e9bec. Ce troupeau nous donne un aper\u00e7u choquant des niveaux de population de caribous au fil du temps.<\/p>\n<p>Dans les ann\u00e9es\u00a01990, le troupeau \u00e9tait form\u00e9 d\u2019une dense population d\u2019environ 800\u00a0000\u00a0caribous. De nos jours, on en compte\u00a07\u00a0200 : la population a chut\u00e9 d\u2019environ 90\u00a0%.<\/p>\n<p>En plus de ma langue innue, qui a presque disparu, je suis confront\u00e9e \u00e0 la perte potentielle d\u2019un second aspect fondamental de ma culture; mon chagrin est immense. Par ailleurs, les caribous jouent aussi un r\u00f4le d\u00e9terminant dans le maintien de l\u2019\u00e9quilibre de l\u2019\u00e9cosyst\u00e8me arctique. Malheureusement, l\u2019esp\u00e8ce est aujourd\u2019hui en voie de disparition\u00a0: son territoire a \u00e9t\u00e9 d\u00e9truit, inond\u00e9 et pollu\u00e9, le tout au profit de quelques multinationales tandis que les autres continuent \u00e0 s\u2019appauvrir.<\/p>\n<p>La disparition des caribous est largement attribuable \u00e0 la destruction de la for\u00eat bor\u00e9ale qui les abritent en raison de l\u2019expansion urbaine et des changements climatiques.<\/p>\n<p>La for\u00eat bor\u00e9ale a des r\u00e9percussions incommensurables sur notre plan\u00e8te. \u00c0 ce jour, elle a encore la meilleure mani\u00e8re de capturer les \u00e9missions de carbone et de pr\u00e9venir les effets des changements climatiques. D\u2019abord, parce qu\u2019elle repr\u00e9sente une grande partie des for\u00eats restantes dans le monde, mais aussi parce qu\u2019elle peut absorber deux fois plus de carbone que les autres. Nous devons prendre tous les moyens n\u00e9cessaires pour prot\u00e9ger la for\u00eat bor\u00e9ale et, id\u00e9alement, replanter celles que nous avons perdues.<\/p>\n<p>Mes anc\u00eatres et les peuples autochtones \u00e9taient et sont encore des g\u00e9nies. Ils \u00e9taient des m\u00e9decins, des ing\u00e9nieurs, des p\u00e9dagogues, des architectes et des visionnaires. Ils prenaient \u00e0 la Terre m\u00e8re ce dont ils avaient besoin pour leur famille. En \u00e9change, ils devaient la prot\u00e9ger. Ils comprenaient l\u2019importance de ces le\u00e7ons et s\u2019assuraient de les transmettre aux jeunes g\u00e9n\u00e9rations. Si nous nous tournons vers les communaut\u00e9s autochtones du monde, nous constatons que ces le\u00e7ons ne se sont pas \u00e9teintes avec mes anc\u00eatres\u00a0: nous n\u2019\u00e9coutions tout simplement pas. Il est temps pour le Canada d\u2019\u00e9couter.<\/p>\n<p>En d\u00e9cembre\u00a02022, le Canada a accueilli la\u00a0<a href=\"https:\/\/www.unep.org\/fr\/conference-des-nations-unies-sur-la-biodiversite-cop-15\" target=\"_blank\" rel=\"noopener\">15<sup>e\u00a0<\/sup>Conf\u00e9rence des Nations unies sur la biodiversit\u00e9<\/a>. En tant que pays h\u00f4te, il doit \u00eatre un mod\u00e8le \u00e0 suivre dans le monde quant \u00e0 la protection de la biodiversit\u00e9. Le Canada a beaucoup de travail \u00e0 faire, mais le chemin \u00e0 suivre pour mener le monde vers un avenir plus vert est d\u00e9j\u00e0 trac\u00e9. Si nous voulons avoir la chance de sauver notre plan\u00e8te, le Canada doit suivre l\u2019exemple des communaut\u00e9s autochtones de partout dans le monde qui luttent pour la Terre m\u00e8re et adopter un rapport similaire \u00e0 la terre. Au sud de la fronti\u00e8re, le gouvernement des \u00c9tats-Unis a commenc\u00e9 \u00e0 int\u00e9grer le savoir autochtone dans ses processus d\u00e9cisionnels par l\u2019entremise d\u2019un\u00a0<a href=\"https:\/\/www.whitehouse.gov\/ostp\/news-updates\/2022\/12\/01\/white-house-releases-first-of-a-kind-indigenous-knowledge-guidance-for-federal-agencies\/\" target=\"_blank\" rel=\"noopener\">nouveau conseil<\/a>\u00a0(<em>en anglais seulement<\/em>) destin\u00e9 \u00e0 guider les organismes f\u00e9d\u00e9raux sur le plan de la protection de l\u2019environnement. C\u2019est un mod\u00e8le dont le Canada pourrait s\u2019inspirer.<\/p>\n<p>Pr\u00e9sentement, gr\u00e2ce \u00e0 l\u2019intendance des communaut\u00e9s autochtones,\u00a0<a href=\"https:\/\/www.iisd.org\/articles\/deep-dive\/indigenous-peoples-defending-environment-all\" target=\"_blank\" rel=\"noopener\">80\u00a0% de la biodiversit\u00e9 mondiale se trouve dans des endroits habit\u00e9s par des peuples<\/a><u>\u00a0autochtones<\/u>\u00a0(en anglais seulement). Au Canada, le gouvernement f\u00e9d\u00e9ral a commenc\u00e9 \u00e0 reconna\u00eetre la valeur des efforts de conservation dirig\u00e9s par les Autochtones en finan\u00e7ant les ententes relatives aux\u00a0<a href=\"https:\/\/www.nationaliteautochtone.ca\/aires-protegees-et-de-conservation-autochtones\">aires prot\u00e9g\u00e9es et de conservation autochtone et<\/a>\u00a0les programmes des\u00a0<a href=\"https:\/\/www.canada.ca\/fr\/environnement-changement-climatique\/services\/financement-environnement\/gardiens-autochtones.html\">gardiens autochtones<\/a>. Selon l\u2019<a href=\"https:\/\/www.nationaliteautochtone.ca\/\">Initiative de leadership autochtone<\/a>, 90\u00a0% des aires prot\u00e9g\u00e9es au cours des 20\u00a0derni\u00e8res ann\u00e9es au pays sont le fruit d\u2019une collaboration avec des communaut\u00e9s autochtones. Ces ententes ont fait leurs preuves; gr\u00e2ce \u00e0 elles, la faune et la flore des territoires sont plus saines et plus vivantes.<\/p>\n<p>Nous avons tous la responsabilit\u00e9 et le devoir de prot\u00e9ger notre Terre m\u00e8re et tout ce qu\u2019elle nous offre. La terre, les animaux, les poissons, les plantes et l\u2019eau\u00a0: ils font partie de notre identit\u00e9, de notre culture, de notre savoir et de nos traditions. Si nous n\u2019agissons pas maintenant, c\u2019est la survie de toutes les esp\u00e8ces qui est menac\u00e9e.<\/p>\n<p><em>La s\u00e9natrice\u00a0<\/em><em>Mich\u00e8le\u00a0Audette<\/em><em>\u00a0est originaire de la communaut\u00e9 innue de Uashat mak Mani-Utenam au Qu\u00e9bec. Au S\u00e9nat, elle repr\u00e9sente la division qu\u00e9b\u00e9coise De Salaberry.<\/em><\/p>\n<p><em>Cet article a \u00e9t\u00e9 publi\u00e9 le\u00a0<\/em><a href=\"https:\/\/www.hilltimes.com\/story\/2022\/12\/12\/protecting-mother-earth-this-is-the-time-for-canada-to-shine-and-follow-the-lead-of-indigenous-peoples\/358418\/\" target=\"_blank\" rel=\"noopener\"><em>12\u00a0d\u00e9cembre\u00a02022<\/em><\/a><em>\u00a0dans le journal\u00a0<\/em>The Hill Times\u00a0<em>(en anglais seulement)<\/em>.<\/p>\n","protected":false},"excerpt":{"rendered":"<p>Je suis de la for\u00eat bor\u00e9ale, du territoire de l\u2019Atiku\u00a0(caribou), un animal sacr\u00e9 pour les Innuat. Mon peuple avait l\u2019habitude de voyager en suivant la trace des troupeaux de caribous. J\u2019ai grandi \u00e0 Schefferville, au Qu\u00e9bec, o\u00f9 je pouvais r\u00e9guli\u00e8rement apercevoir des troupeaux de caribous. D\u00e9sormais, une fois par an, lorsque nous sommes sur notre&#8230;<\/p>\n","protected":false},"author":3,"featured_media":1906,"comment_status":"closed","ping_status":"closed","sticky":false,"template":"","format":"standard","meta":{"_acf_changed":false,"wds_primary_category":78,"footnotes":""},"categories":[78],"tags":[],"senator_posts":[172],"class_list":["post-13373","post","type-post","status-publish","format-standard","has-post-thumbnail","hentry","category-nouvelles","senator_posts-l-hon-michele-audette"],"acf":[],"_links":{"self":[{"href":"https:\/\/theprogressives.ca\/fr\/wp-json\/wp\/v2\/posts\/13373","targetHints":{"allow":["GET"]}}],"collection":[{"href":"https:\/\/theprogressives.ca\/fr\/wp-json\/wp\/v2\/posts"}],"about":[{"href":"https:\/\/theprogressives.ca\/fr\/wp-json\/wp\/v2\/types\/post"}],"author":[{"embeddable":true,"href":"https:\/\/theprogressives.ca\/fr\/wp-json\/wp\/v2\/users\/3"}],"replies":[{"embeddable":true,"href":"https:\/\/theprogressives.ca\/fr\/wp-json\/wp\/v2\/comments?post=13373"}],"version-history":[{"count":0,"href":"https:\/\/theprogressives.ca\/fr\/wp-json\/wp\/v2\/posts\/13373\/revisions"}],"wp:featuredmedia":[{"embeddable":true,"href":"https:\/\/theprogressives.ca\/fr\/wp-json\/wp\/v2\/media\/1906"}],"wp:attachment":[{"href":"https:\/\/theprogressives.ca\/fr\/wp-json\/wp\/v2\/media?parent=13373"}],"wp:term":[{"taxonomy":"category","embeddable":true,"href":"https:\/\/theprogressives.ca\/fr\/wp-json\/wp\/v2\/categories?post=13373"},{"taxonomy":"post_tag","embeddable":true,"href":"https:\/\/theprogressives.ca\/fr\/wp-json\/wp\/v2\/tags?post=13373"},{"taxonomy":"senator_posts","embeddable":true,"href":"https:\/\/theprogressives.ca\/fr\/wp-json\/wp\/v2\/senator_posts?post=13373"}],"curies":[{"name":"wp","href":"https:\/\/api.w.org\/{rel}","templated":true}]}}