{"id":13348,"date":"2022-08-05T16:17:10","date_gmt":"2022-08-05T20:17:10","guid":{"rendered":"https:\/\/theprogressives.ca\/?p=13348"},"modified":"2023-03-22T16:18:59","modified_gmt":"2023-03-22T20:18:59","slug":"la-cooperation-economique-est-la-cle-de-la-reussite-de-la-saskatchewan-et-du-canada","status":"publish","type":"post","link":"https:\/\/theprogressives.ca\/fr\/nouvelles\/la-cooperation-economique-est-la-cle-de-la-reussite-de-la-saskatchewan-et-du-canada\/","title":{"rendered":"La coop\u00e9ration \u00e9conomique est la cl\u00e9 de la r\u00e9ussite de la Saskatchewan et du Canada"},"content":{"rendered":"<p>Cet \u00e9t\u00e9, les vagues de chaleur et les inondations ont mis les gens et les nations \u00e0 bout. On peut facilement trouver des exemples. Le Pakistan est aux prises avec des inondations sans pr\u00e9c\u00e9dent et, plus pr\u00e8s de nous, l\u2019Ouest canadien a connu une s\u00e9cheresse extr\u00eame et des temp\u00e9ratures dangereusement \u00e9lev\u00e9es.<\/p>\n<p>La Saskatchewan partage cette hausse des temp\u00e9ratures avec le reste du Canada. Nous partageons aussi l\u2019inflation, les taxes, la p\u00e9r\u00e9quation, la diversit\u00e9 et la Constitution canadienne. Mais nous ne partageons pas toujours les m\u00eames opinions politiques lorsqu\u2019il est question des objectifs strat\u00e9giques et des d\u00e9penses, tout en reconnaissant que telle est la d\u00e9mocratie\u00a0: le gouvernement par le peuple.<\/p>\n<p>En plus de la politique de la Saskatchewan et nos\u00a0<a href=\"https:\/\/leaderpost.com\/news\/local-news\/sask-politics\/moe-directs-former-mla-legislative-secretary-to-partake-in-economic-autonomy-tour\" target=\"_blank\" rel=\"noopener\">conversations anim\u00e9es \u00e0 propos de la place que nous occupons dans la f\u00e9d\u00e9ration canadienne ces temps\u2011ci<\/a>\u00a0<em>(en anglais seulement),<\/em>\u00a0il y a de nombreux autres facteurs qui font que la Saskatchewan est unique. \u00c0 l\u2019instar de n\u2019importe quelle autre r\u00e9gion au Canada, la Saskatchewan a ses propres forces \u00e0 exploiter, des avantages concurrentiels \u00e0 cultiver et des d\u00e9fis \u00e0 relever. Cela dit, en tant que f\u00e9d\u00e9ration, nous sommes beaucoup plus forts et beaucoup plus comp\u00e9titifs \u00e0 l\u2019\u00e9chelle mondiale \u2013 avec un \u00e9norme potentiel de favoriser la prosp\u00e9rit\u00e9 \u2013 quand des ordres sup\u00e9rieurs de gouvernement, l\u2019industrie et les nations autochtones collaborent, coop\u00e8rent et font des compromis.<\/p>\n<p>D\u2019apr\u00e8s mon exp\u00e9rience en affaires, en d\u00e9veloppement \u00e9conomique des Autochtones et des r\u00e9gions et au Parlement \u2013 et compte tenu des d\u00e9fis et des valeurs que nous partageons au Canada \u2013, le leadership coop\u00e9ratif nous servira le mieux. Par exemple, une approche constructive serait b\u00e9n\u00e9fique \u00e0 la Saskatchewan en vue de la prochaine Table f\u00e9d\u00e9rale-provinciale sur l\u2019\u00e9nergie et les ressources, alors que nous cherchons \u00e0 d\u00e9finir notre avenir dans une \u00e9conomie en \u00e9volution. Cela ne veut pas dire pour autant que nous devons renoncer \u00e0 n\u00e9gocier ou \u00e0 plaider pour ce que nous estimons \u00eatre ce qui nous revient de droit. Mais il ne faut pas perdre de vue le tableau d\u2019ensemble.<\/p>\n<p>Seulement une coop\u00e9ration active peut assurer le succ\u00e8s sur trois sujets connexes qui sont essentiels \u00e0 la prosp\u00e9rit\u00e9 et au bien\u2011\u00eatre de la Saskatchewan\u00a0: l\u2019\u00e9nergie, l\u2019environnement et la\u00a0<a href=\"https:\/\/leaderpost.com\/news\/feds-announce-10m-for-indigenous-led-clean-energy-projects-in-sask\" target=\"_blank\" rel=\"noopener\">r\u00e9conciliation \u00e9conomique avec les peuples autochtones sur les terres vis\u00e9es par les trait\u00e9s<\/a>\u00a0<em>(en anglais seulement)<\/em>. Bien que nous ayons des conversations anim\u00e9es \u00e0 propos de l\u2019autonomie, ne laissons pas passer notre chance de tirer parti des possibilit\u00e9s et de notre r\u00e9putation de travail acharn\u00e9, d\u2019innovation et de patriotisme. Trouvons des fa\u00e7ons de simplifier des situations complexes pour d\u2019autres en concevant des solutions \u00e9labor\u00e9es en Saskatchewan. Nous avons ce que le monde veut, et nous pouvons l\u2019offrir.<\/p>\n<p>Des \u00e9v\u00e9nements cette ann\u00e9e au Canada et aux \u00c9tats\u2011Unis nous ont rappel\u00e9 l\u2019importance de maintenir la primaut\u00e9 du droit dans nos soci\u00e9t\u00e9s d\u00e9mocratiques. La paix, l\u2019ordre et un bon gouvernement sont des valeurs de la Saskatchewan autant que des valeurs canadiennes. Le centre du f\u00e9d\u00e9ralisme canadien peut et doit \u00eatre maintenu, y compris le respect envers les gouvernements f\u00e9d\u00e9raux, provinciaux, territoriaux et autochtones, les institutions publiques et les valeurs de la Charte.<\/p>\n<p>Alors, que peut faire le leadership coop\u00e9ratif pour notre province? Une des r\u00e9alisations en cours est la mise en place de services de garde d\u2019enfants abordables, \u00e0 la suite de l\u2019accord f\u00e9d\u00e9ral\u2011provincial de 2021. Cet accord donnera \u00e0 de nombreux enfants de la Saskatchewan un meilleur d\u00e9part dans la vie et aidera de nombreux parents \u00e0 mieux concilier famille, travail et activit\u00e9s sociales. Cet exemple de leadership coop\u00e9ratif est tout \u00e0 l\u2019honneur des deux ordres de gouvernement et est un mod\u00e8le de la fa\u00e7on d\u2019aborder d\u2019autres d\u00e9fis.<\/p>\n<p>En ce qui concerne l\u2019\u00e9nergie et l\u2019environnement, le ministre f\u00e9d\u00e9ral des Ressources naturelles, Jonathan Wilkinson\u00a0\u2014 qui a grandi, \u00e9tudi\u00e9 et travaill\u00e9 en Saskatchewan\u00a0\u2014,\u00a0<a href=\"https:\/\/www.canada.ca\/fr\/ressources-naturelles-canada\/nouvelles\/2022\/06\/lancement-des-tables-de-concertation-regionales-pour-ouvrir-par-la-collaboration-des-possibilites-economiques-dans-un-avenir-carboneutre-prospere.html\" target=\"_blank\" rel=\"noopener\">a lanc\u00e9 les Tables r\u00e9gionales de concertation sur l\u2019\u00e9nergie et les ressources<\/a>\u00a0le 1<sup>er<\/sup>\u00a0juin\u00a02022. Il s\u2019agit d\u2019un effort de collaboration pour mobiliser les gouvernements f\u00e9d\u00e9ral et provinciaux, les peuples autochtones, les chefs d\u2019entreprise, les groupes de l\u2019industrie, les syndicats et d\u2019autres intervenants pour faire progresser les principales priorit\u00e9s dans le secteur des ressources naturelles. L\u2019initiative des tables a lanc\u00e9 des discussions de travail pour \u00e9tablir une table en Saskatchewan. J\u2019esp\u00e8re que la Saskatchewan prendra part \u00e0 cette conversation, occupera notre place \u00e0 la table et nous repr\u00e9sentera.<\/p>\n<p>La Saskatchewan peut apporter une contribution consid\u00e9rable \u00e0 une \u00e9conomie plus verte. Nos points forts sont les suivants\u00a0: les technologies de captage, d\u2019utilisation et de stockage du carbone; l\u2019att\u00e9nuation des inondations et des s\u00e9cheresses par l\u2019entremise de l\u2019expansion propos\u00e9e du\u00a0<a href=\"https:\/\/diefenbakerirrigation.ca\/\" target=\"_blank\" rel=\"noopener\">district d\u2019irrigation du lac Diefenbaker<\/a>\u00a0<em>(en anglais seulement)<\/em>, ce qui favorisera l\u2019agriculture durable et la transformation alimentaire; Protein Industries Canada, notre supergrappe de prot\u00e9ines v\u00e9g\u00e9tales; les biocarburants; les petits r\u00e9acteurs modulaires; et les min\u00e9raux essentiels, y compris de l\u2019uranium provenant du plus grand gisement \u00e0 teneur \u00e9lev\u00e9e au monde.<\/p>\n<p>Les habitants de la Saskatchewan peuvent saisir les occasions d\u2019exploiter ces forces et de g\u00e9n\u00e9rer de la prosp\u00e9rit\u00e9, tout en contribuant \u00e0 l\u2019atteinte des objectifs environnementaux du Canada fond\u00e9s sur des donn\u00e9es scientifiques. Il s\u2019agit l\u00e0 d\u2019une transition juste et \u00e9quitable.<\/p>\n<p>En parlant de justice et d\u2019\u00e9quit\u00e9, tous ces efforts peuvent et doivent soutenir la r\u00e9conciliation \u00e9conomique avec les peuples autochtones. Le 6\u00a0juin\u00a02022, une coalition de plus de 25\u00a0organisations autochtones ont d\u00e9voil\u00e9 une nouvelle\u00a0<a href=\"https:\/\/niestrategy.ca\/wp-content\/uploads\/2022\/05\/NIES_French_FullStrategy.pdf\" target=\"_blank\" rel=\"noopener\">Strat\u00e9gie \u00e9conomique nationale pour les Autochtones<\/a>\u00a0qui compte quatre voies strat\u00e9giques\u00a0: le peuple, la terre, l\u2019infrastructure et les finances. Leurs 107 appels \u00e0 la prosp\u00e9rit\u00e9 \u00e9conomique peuvent fournir un nouvel \u00e9lan et une orientation aux discussions entre les instances.<\/p>\n<p>La coop\u00e9ration est la cl\u00e9 de la r\u00e9ussite commune de la Saskatchewan et du Canada en mati\u00e8re d\u2019\u00e9nergie, d\u2019environnement et de r\u00e9conciliation \u00e9conomique. Parmi les nombreuses mesures que nous pourrions prendre, notre province doit prendre la place qui lui revient \u00e0 la table de la Saskatchewan sur l\u2019\u00e9nergie et les ressources et contribuer \u00e0 notre vision pour un avenir prosp\u00e8re pour la Saskatchewan et le Canada.<\/p>\n<p><em>Le s\u00e9nateur\u00a0<\/em><em>Marty Klyne<\/em><em>\u00a0repr\u00e9sente la Saskatchewan au S\u00e9nat.<\/em><\/p>\n<p><em>Une version de cet article a \u00e9t\u00e9 publi\u00e9e le\u00a0<\/em><a href=\"https:\/\/leaderpost.com\/opinion\/sen-marty-klyne-saskatchewan-needs-to-cooperate-with-rest-of-canada-on-energy-economic-future\" target=\"_blank\" rel=\"noopener\"><em>5 ao\u00fbt\u00a02022<\/em><\/a><em> dans les journaux Regina Leader-Post et Saskatoon StarPhoenix (en anglais seulement)<\/em><\/p>\n","protected":false},"excerpt":{"rendered":"<p>Cet \u00e9t\u00e9, les vagues de chaleur et les inondations ont mis les gens et les nations \u00e0 bout. On peut facilement trouver des exemples. Le Pakistan est aux prises avec des inondations sans pr\u00e9c\u00e9dent et, plus pr\u00e8s de nous, l\u2019Ouest canadien a connu une s\u00e9cheresse extr\u00eame et des temp\u00e9ratures dangereusement \u00e9lev\u00e9es. La Saskatchewan partage cette&#8230;<\/p>\n","protected":false},"author":3,"featured_media":1954,"comment_status":"closed","ping_status":"closed","sticky":false,"template":"","format":"standard","meta":{"_acf_changed":false,"wds_primary_category":78,"footnotes":""},"categories":[78],"tags":[],"senator_posts":[34],"class_list":["post-13348","post","type-post","status-publish","format-standard","has-post-thumbnail","hentry","category-nouvelles","senator_posts-l-hon-marty-klyne"],"acf":[],"_links":{"self":[{"href":"https:\/\/theprogressives.ca\/fr\/wp-json\/wp\/v2\/posts\/13348","targetHints":{"allow":["GET"]}}],"collection":[{"href":"https:\/\/theprogressives.ca\/fr\/wp-json\/wp\/v2\/posts"}],"about":[{"href":"https:\/\/theprogressives.ca\/fr\/wp-json\/wp\/v2\/types\/post"}],"author":[{"embeddable":true,"href":"https:\/\/theprogressives.ca\/fr\/wp-json\/wp\/v2\/users\/3"}],"replies":[{"embeddable":true,"href":"https:\/\/theprogressives.ca\/fr\/wp-json\/wp\/v2\/comments?post=13348"}],"version-history":[{"count":0,"href":"https:\/\/theprogressives.ca\/fr\/wp-json\/wp\/v2\/posts\/13348\/revisions"}],"wp:featuredmedia":[{"embeddable":true,"href":"https:\/\/theprogressives.ca\/fr\/wp-json\/wp\/v2\/media\/1954"}],"wp:attachment":[{"href":"https:\/\/theprogressives.ca\/fr\/wp-json\/wp\/v2\/media?parent=13348"}],"wp:term":[{"taxonomy":"category","embeddable":true,"href":"https:\/\/theprogressives.ca\/fr\/wp-json\/wp\/v2\/categories?post=13348"},{"taxonomy":"post_tag","embeddable":true,"href":"https:\/\/theprogressives.ca\/fr\/wp-json\/wp\/v2\/tags?post=13348"},{"taxonomy":"senator_posts","embeddable":true,"href":"https:\/\/theprogressives.ca\/fr\/wp-json\/wp\/v2\/senator_posts?post=13348"}],"curies":[{"name":"wp","href":"https:\/\/api.w.org\/{rel}","templated":true}]}}