{"id":13287,"date":"2023-03-08T16:51:02","date_gmt":"2023-03-08T21:51:02","guid":{"rendered":"https:\/\/theprogressives.ca\/?p=13287"},"modified":"2023-12-12T14:34:33","modified_gmt":"2023-12-12T19:34:33","slug":"le-comite-plenier-sur-le-projet-de-loi-c-39-le-senateur-cardozo-interroge-les-ministres-lametti-et-duclos","status":"publish","type":"post","link":"https:\/\/theprogressives.ca\/fr\/au-senat\/le-comite-plenier-sur-le-projet-de-loi-c-39-le-senateur-cardozo-interroge-les-ministres-lametti-et-duclos\/","title":{"rendered":"Le comit\u00e9 pl\u00e9nier sur le projet de loi C-39 : Le s\u00e9nateur Cardozo interroge les ministres Lametti et Duclos"},"content":{"rendered":"<p><iframe title=\"Le s\u00e9nateur Cardozo interroge les ministres Lametti et Duclos - 8 mars 2023 (source fran\u00e7aise)\" width=\"640\" height=\"360\" data-src=\"https:\/\/www.youtube.com\/embed\/etogkSgunO8?feature=oembed\" frameborder=\"0\" allow=\"accelerometer; autoplay; clipboard-write; encrypted-media; gyroscope; picture-in-picture; web-share\" allowfullscreen src=\"data:image\/svg+xml;base64,PHN2ZyB3aWR0aD0iMSIgaGVpZ2h0PSIxIiB4bWxucz0iaHR0cDovL3d3dy53My5vcmcvMjAwMC9zdmciPjwvc3ZnPg==\" class=\"lazyload\" data-load-mode=\"1\"><\/iframe><\/p>\n<p><b>Le s\u00e9nateur Cardozo :\u00a0<\/b>Merci, messieurs les ministres Lametti et Duclos, d\u2019\u00eatre parmi nous pour cet important d\u00e9bat. J\u2019ai deux questions \u00e0 vous poser.<\/p>\n<p>Ma premi\u00e8re question est la suivante\u00a0: lorsque le gouvernement a d\u00e9cid\u00e9 de demander un d\u00e9lai, avez-vous envisag\u00e9 un d\u00e9lai plus court, de six mois par exemple?<\/p>\n<p><b>M.\u00a0Lametti :\u00a0<\/b>Merci de la question, monsieur le s\u00e9nateur. La r\u00e9ponse est simple, c\u2019est oui. Comme le ministre Duclos l\u2019a mentionn\u00e9, le groupe d\u2019experts dirig\u00e9 par la Dre\u00a0Gupta a estim\u00e9 que nous serions pr\u00eats \u00e0 aller de l\u2019avant plus tard ce mois-ci. Cependant, certaines facult\u00e9s de m\u00e9decine partout au Canada ainsi que des groupes, provinces et territoires ont soulev\u00e9 des questions et ont affirm\u00e9 ne pas \u00eatre pr\u00eats. Le ministre Duclos et moi avons eu diverses discussions, notamment avec des s\u00e9nateurs qui si\u00e8gent dans cette v\u00e9n\u00e9rable enceinte, de m\u00eame qu\u2019avec d\u2019autres parlementaires et experts de partout au Canada, concernant un d\u00e9lai de six mois ou de neuf mois. En fin de compte, pour \u00eatre parfaitement honn\u00eate, on a estim\u00e9 qu\u2019un d\u00e9lai s\u00fbr serait de six \u00e0 neuf mois. Par mesure de s\u00e9curit\u00e9, le gouvernement a opt\u00e9 pour un d\u00e9lai d\u2019un an, pour \u00eatre certain que tous les intervenants du Canada, c\u2019est-\u00e0-dire le corps m\u00e9dical, les provinces et les territoires, soient sur la m\u00eame longueur d\u2019onde et pr\u00eats \u00e0 passer \u00e0 la prochaine \u00e9tape en m\u00eame temps. Ce d\u00e9lai nous donnera suffisamment de temps pour que tous soient pr\u00eats au m\u00eame moment.<\/p>\n<p><b>Le s\u00e9nateur Cardozo :\u00a0<\/b>Ma deuxi\u00e8me question est peut-\u00eatre un peu plus philosophique. Je la pose en sachant que lorsqu\u2019il est question de l\u2019aide m\u00e9dicale \u00e0 mourir, il n\u2019y a ni bonne ni mauvaise r\u00e9ponse. Nous devons respecter le point de vue de tous. En qualit\u00e9 de parlementaires, nous recevons tous des lettres de Canadiens qui demandent d\u00e9sesp\u00e9r\u00e9ment qu\u2019il n\u2019y ait pas de d\u00e9lai. D\u2019autres soutiennent qu\u2019il faudrait carr\u00e9ment interdire l\u2019aide m\u00e9dicale \u00e0 mourir. J\u2019aimerais que vous nous aidiez \u00e0 aborder la question. C\u2019est un v\u00e9ritable d\u00e9fi pour nous, en qualit\u00e9 de l\u00e9gislateurs. Qu\u2019avez-vous \u00e0 dire aux parlementaires que nous sommes et aux gens qui ne veulent pas de ce d\u00e9lai?<\/p>\n<p><b>M.\u00a0Duclos :\u00a0<\/b>Vous avez raison; c\u2019est une question tr\u00e8s intime, tr\u00e8s difficile et tr\u00e8s complexe qui va nous chercher tr\u00e8s loin.<\/p>\n<p>\u00c9videmment, par d\u00e9finition, toutes les questions li\u00e9es \u00e0 la vie et \u00e0 la mort sont centrales \u00e0 la vie humaine. Il est normal que nous soyons partag\u00e9s, du moins au d\u00e9part, lorsque nous r\u00e9fl\u00e9chissons \u00e0 ces questions, surtout dans une soci\u00e9t\u00e9 qui continue d\u2019\u00e9voluer. De plus en plus, les gens veulent \u00e0 la fois profiter d\u2019une qualit\u00e9 de vie, mais aussi maintenir une certaine autonomie. Ils veulent aussi qu\u2019on respecte leurs choix, peu importe les choix qu\u2019ils veulent faire dans leur vie. Ce sont parfois des choix qu\u2019ils font sur le plan de l\u2019identit\u00e9 personnelle, des choix li\u00e9s \u00e0 des convictions religieuses et autres, des choix li\u00e9s au mode de vie et des choix sur la fa\u00e7on de terminer leur vie; on sait tous que la vie va se terminer un jour, d\u2019une mani\u00e8re ou d\u2019une autre.<\/p>\n<p>Ce sont des questions tr\u00e8s personnelles et tr\u00e8s difficiles dont vous traitez avec beaucoup de soin dans cette Chambre. Le travail que vous faites n\u2019est pas facile. Vous faites un travail semblable \u00e0 celui de l\u2019autre endroit, soit celui d\u2019essayer de rassembler des gens et des points de vue qui, au d\u00e9part\u00a0\u2014 presque par d\u00e9finition\u00a0\u2014, sont \u00e9loign\u00e9s les uns des autres.<\/p>\n<p>Par cons\u00e9quent, j\u2019aimerais vous encourager \u00e0 continuer. Je pense \u00e0 tous les d\u00e9put\u00e9s et aux s\u00e9nateurs en particulier qui ont si\u00e9g\u00e9 au sein du comit\u00e9. Je pense \u00e0 Marc Garneau, le pr\u00e9sident du comit\u00e9, qui a annonc\u00e9 son d\u00e9part aujourd\u2019hui. Marc a retard\u00e9 jusqu\u2019\u00e0 aujourd\u2019hui son d\u00e9part de la vie politique. Il aurait pu partir plus t\u00f4t. \u00c0 son \u00e2ge et apr\u00e8s avoir tant donn\u00e9 au Canada, il aurait pu nous quitter plus rapidement, mais ce qu\u2019il m\u2019a dit au caucus du Qu\u00e9bec ce matin\u00a0\u2014 et David \u00e9tait pr\u00e9sent lui aussi\u00a0\u2014, c\u2019est qu\u2019il tenait \u00e0 \u00eatre l\u00e0 jusqu\u2019\u00e0 la fin. Il trouvait que c\u2019\u00e9tait un travail important qu\u2019il avait fait avec quelques-uns d\u2019entre vous ici au S\u00e9nat, et il souhaitait le faire jusqu\u2019\u00e0 la fin.<\/p>\n","protected":false},"excerpt":{"rendered":"<p>Le s\u00e9nateur Cardozo :\u00a0Merci, messieurs les ministres Lametti et Duclos, d\u2019\u00eatre parmi nous pour cet important d\u00e9bat. J\u2019ai deux questions \u00e0 vous poser. Ma premi\u00e8re question est la suivante\u00a0: lorsque le gouvernement a d\u00e9cid\u00e9 de demander un d\u00e9lai, avez-vous envisag\u00e9 un d\u00e9lai plus court, de six mois par exemple? M.\u00a0Lametti :\u00a0Merci de la question, monsieur&#8230;<\/p>\n","protected":false},"author":3,"featured_media":2052,"comment_status":"closed","ping_status":"closed","sticky":false,"template":"","format":"standard","meta":{"_acf_changed":false,"wds_primary_category":95,"footnotes":""},"categories":[95],"tags":[],"senator_posts":[178],"class_list":["post-13287","post","type-post","status-publish","format-standard","has-post-thumbnail","hentry","category-au-senat","senator_posts-l-hon-andrew-cardozo"],"acf":[],"_links":{"self":[{"href":"https:\/\/theprogressives.ca\/fr\/wp-json\/wp\/v2\/posts\/13287","targetHints":{"allow":["GET"]}}],"collection":[{"href":"https:\/\/theprogressives.ca\/fr\/wp-json\/wp\/v2\/posts"}],"about":[{"href":"https:\/\/theprogressives.ca\/fr\/wp-json\/wp\/v2\/types\/post"}],"author":[{"embeddable":true,"href":"https:\/\/theprogressives.ca\/fr\/wp-json\/wp\/v2\/users\/3"}],"replies":[{"embeddable":true,"href":"https:\/\/theprogressives.ca\/fr\/wp-json\/wp\/v2\/comments?post=13287"}],"version-history":[{"count":0,"href":"https:\/\/theprogressives.ca\/fr\/wp-json\/wp\/v2\/posts\/13287\/revisions"}],"wp:featuredmedia":[{"embeddable":true,"href":"https:\/\/theprogressives.ca\/fr\/wp-json\/wp\/v2\/media\/2052"}],"wp:attachment":[{"href":"https:\/\/theprogressives.ca\/fr\/wp-json\/wp\/v2\/media?parent=13287"}],"wp:term":[{"taxonomy":"category","embeddable":true,"href":"https:\/\/theprogressives.ca\/fr\/wp-json\/wp\/v2\/categories?post=13287"},{"taxonomy":"post_tag","embeddable":true,"href":"https:\/\/theprogressives.ca\/fr\/wp-json\/wp\/v2\/tags?post=13287"},{"taxonomy":"senator_posts","embeddable":true,"href":"https:\/\/theprogressives.ca\/fr\/wp-json\/wp\/v2\/senator_posts?post=13287"}],"curies":[{"name":"wp","href":"https:\/\/api.w.org\/{rel}","templated":true}]}}