{"id":13279,"date":"2023-03-08T11:57:32","date_gmt":"2023-03-08T16:57:32","guid":{"rendered":"https:\/\/theprogressives.ca\/?p=13279"},"modified":"2023-03-09T11:58:40","modified_gmt":"2023-03-09T16:58:40","slug":"la-journee-internationale-des-femmes","status":"publish","type":"post","link":"https:\/\/theprogressives.ca\/fr\/au-senat\/declarations\/la-journee-internationale-des-femmes\/","title":{"rendered":"La Journ\u00e9e internationale des femmes"},"content":{"rendered":"<p><iframe title=\"La s\u00e9natrice Bernard sur la Journ\u00e9e internationale des femmes - 8 mars 2023 (source fran\u00e7aise)\" width=\"640\" height=\"360\" data-src=\"https:\/\/www.youtube.com\/embed\/-hjOcKaJAIM?feature=oembed\" frameborder=\"0\" allow=\"accelerometer; autoplay; clipboard-write; encrypted-media; gyroscope; picture-in-picture; web-share\" allowfullscreen src=\"data:image\/svg+xml;base64,PHN2ZyB3aWR0aD0iMSIgaGVpZ2h0PSIxIiB4bWxucz0iaHR0cDovL3d3dy53My5vcmcvMjAwMC9zdmciPjwvc3ZnPg==\" class=\"lazyload\" data-load-mode=\"1\"><\/iframe><\/p>\n<p><b>L\u2019honorable Wanda Thomas Bernard :\u00a0<\/b>Honorables s\u00e9nateurs, j\u2019interviens aujourd\u2019hui pour souligner la Journ\u00e9e internationale des femmes, qui se d\u00e9roule cette ann\u00e9e sous le th\u00e8me \u00ab Embrasser l\u2019\u00e9quit\u00e9 \u00bb ou #Embraceequity. Cette journ\u00e9e permet de c\u00e9l\u00e9brer les r\u00e9alisations des femmes et de lancer du m\u00eame coup un appel \u00e0 l\u2019action pour atteindre l\u2019\u00e9quit\u00e9 entre les sexes.<\/p>\n<p>Au S\u00e9nat, le premier pas vers cette \u00e9quit\u00e9 a \u00e9t\u00e9 fait lorsqu\u2019une femme a \u00e9t\u00e9 nomm\u00e9e s\u00e9natrice en 1930. Aujourd\u2019hui, bon nombre de mes coll\u00e8gues sont d\u2019origines diverses et offrent des exemples d\u2019intersectionnalit\u00e9. En outre, plusieurs s\u00e9nateurs ont cr\u00e9\u00e9 des pr\u00e9c\u00e9dents, ce qui indique qu\u2019au S\u00e9nat, nous ne faisons qu\u2019amorcer la transition vers l\u2019\u00e9quit\u00e9 entre les sexes.<\/p>\n<p>\u00c0 titre d\u2019exemple, je signale que la s\u00e9natrice Mobina Jaffer a \u00e9t\u00e9 la premi\u00e8re musulmane nomm\u00e9e au S\u00e9nat, que la s\u00e9natrice Yonah Martin est la premi\u00e8re s\u00e9natrice canadienne d\u2019origine cor\u00e9enne et que la s\u00e9natrice Marie-Fran\u00e7oise M\u00e9gie est la premi\u00e8re Canadienne d\u2019origine ha\u00eftienne \u00e0 \u00eatre nomm\u00e9e au S\u00e9nat. Par ailleurs, notre coll\u00e8gue Sandra Lovelace Nicholas, qui a r\u00e9cemment pris sa retraite, \u00e9tait la premi\u00e8re Autochtone du Canada atlantique \u00e0 si\u00e9ger au S\u00e9nat. Enfin, la s\u00e9natrice Yvonne Boyer est la premi\u00e8re Autochtone \u00e0 repr\u00e9senter l\u2019Ontario au S\u00e9nat.<\/p>\n<p>Il y a des s\u00e9natrices ici qui ont \u00e9t\u00e9 des pionni\u00e8res \u00e0 l\u2019ext\u00e9rieur de cette enceinte. La s\u00e9natrice Pat Duncan a \u00e9t\u00e9 la premi\u00e8re femme \u00e9lue au poste de premi\u00e8re ministre du Yukon. La s\u00e9natrice Bernadette Clement a \u00e9t\u00e9 la premi\u00e8re femme noire \u00e0 acc\u00e9der au poste de mairesse en Ontario. La s\u00e9natrice Sharon Burey a \u00e9t\u00e9 la premi\u00e8re femme noire \u00e0 acc\u00e9der \u00e0 la pr\u00e9sidence de la Pediatricians Alliance of Ontario. La s\u00e9natrice Gigi Osler a \u00e9t\u00e9 la premi\u00e8re femme racis\u00e9e \u00e0 \u00eatre \u00e9lue pr\u00e9sidente de l\u2019Association m\u00e9dicale canadienne. Je pourrais continuer longtemps. D\u2019autres s\u00e9natrices ont aussi des r\u00e9ussites impressionnantes, et je n\u2019ai le temps que d\u2019en citer quelques-unes.<\/p>\n<p>Il est extr\u00eamement important que les jeunes gens voient la diversit\u00e9 des femmes qui occupent des postes de pouvoir et d\u2019influence. Cela les inspire \u00e0 devenir des leaders dans leurs propres collectivit\u00e9s.<\/p>\n<p>Honorables s\u00e9nateurs, je vous invite tous \u00e0 vous joindre \u00e0 moi en cette Journ\u00e9e internationale des femmes pour c\u00e9l\u00e9brer les r\u00e9alisations de toutes les femmes, \u00e0 mesure que nous poursuivons notre cheminement vers l\u2019\u00e9galit\u00e9 et l\u2019\u00e9quit\u00e9. Je souhaite \u00e0 toutes nos coll\u00e8gues ici, au S\u00e9nat, une joyeuse Journ\u00e9e internationale des femmes.\u00a0<i>Asante<\/i>, merci.<\/p>\n","protected":false},"excerpt":{"rendered":"<p>L\u2019honorable Wanda Thomas Bernard :\u00a0Honorables s\u00e9nateurs, j\u2019interviens aujourd\u2019hui pour souligner la Journ\u00e9e internationale des femmes, qui se d\u00e9roule cette ann\u00e9e sous le th\u00e8me \u00ab Embrasser l\u2019\u00e9quit\u00e9 \u00bb ou #Embraceequity. Cette journ\u00e9e permet de c\u00e9l\u00e9brer les r\u00e9alisations des femmes et de lancer du m\u00eame coup un appel \u00e0 l\u2019action pour atteindre l\u2019\u00e9quit\u00e9 entre les sexes. Au&#8230;<\/p>\n","protected":false},"author":3,"featured_media":2024,"comment_status":"closed","ping_status":"closed","sticky":false,"template":"","format":"standard","meta":{"_acf_changed":false,"wds_primary_category":99,"footnotes":""},"categories":[99],"tags":[],"senator_posts":[40],"class_list":["post-13279","post","type-post","status-publish","format-standard","has-post-thumbnail","hentry","category-declarations","senator_posts-l-hon-wanda-thomas-bernard"],"acf":[],"_links":{"self":[{"href":"https:\/\/theprogressives.ca\/fr\/wp-json\/wp\/v2\/posts\/13279","targetHints":{"allow":["GET"]}}],"collection":[{"href":"https:\/\/theprogressives.ca\/fr\/wp-json\/wp\/v2\/posts"}],"about":[{"href":"https:\/\/theprogressives.ca\/fr\/wp-json\/wp\/v2\/types\/post"}],"author":[{"embeddable":true,"href":"https:\/\/theprogressives.ca\/fr\/wp-json\/wp\/v2\/users\/3"}],"replies":[{"embeddable":true,"href":"https:\/\/theprogressives.ca\/fr\/wp-json\/wp\/v2\/comments?post=13279"}],"version-history":[{"count":0,"href":"https:\/\/theprogressives.ca\/fr\/wp-json\/wp\/v2\/posts\/13279\/revisions"}],"wp:featuredmedia":[{"embeddable":true,"href":"https:\/\/theprogressives.ca\/fr\/wp-json\/wp\/v2\/media\/2024"}],"wp:attachment":[{"href":"https:\/\/theprogressives.ca\/fr\/wp-json\/wp\/v2\/media?parent=13279"}],"wp:term":[{"taxonomy":"category","embeddable":true,"href":"https:\/\/theprogressives.ca\/fr\/wp-json\/wp\/v2\/categories?post=13279"},{"taxonomy":"post_tag","embeddable":true,"href":"https:\/\/theprogressives.ca\/fr\/wp-json\/wp\/v2\/tags?post=13279"},{"taxonomy":"senator_posts","embeddable":true,"href":"https:\/\/theprogressives.ca\/fr\/wp-json\/wp\/v2\/senator_posts?post=13279"}],"curies":[{"name":"wp","href":"https:\/\/api.w.org\/{rel}","templated":true}]}}