{"id":13164,"date":"2023-02-15T10:34:54","date_gmt":"2023-02-15T15:34:54","guid":{"rendered":"https:\/\/theprogressives.ca\/?p=13164"},"modified":"2023-12-12T14:42:09","modified_gmt":"2023-12-12T19:42:09","slug":"le-jour-du-drapeau-national-du-canada","status":"publish","type":"post","link":"https:\/\/theprogressives.ca\/fr\/au-senat\/declarations\/le-jour-du-drapeau-national-du-canada\/","title":{"rendered":"Le Jour du drapeau national du Canada"},"content":{"rendered":"<p><iframe title=\"Le s\u00e9nateur Cardozo parle du Jour du drapeau national du Canada - 15 f\u00e9vrier 2023 (source fran\u00e7aise)\" width=\"640\" height=\"360\" data-src=\"https:\/\/www.youtube.com\/embed\/JX1WrZn8r1Y?feature=oembed\" frameborder=\"0\" allow=\"accelerometer; autoplay; clipboard-write; encrypted-media; gyroscope; picture-in-picture; web-share\" allowfullscreen src=\"data:image\/svg+xml;base64,PHN2ZyB3aWR0aD0iMSIgaGVpZ2h0PSIxIiB4bWxucz0iaHR0cDovL3d3dy53My5vcmcvMjAwMC9zdmciPjwvc3ZnPg==\" class=\"lazyload\" data-load-mode=\"1\"><\/iframe><\/p>\n<p><b>L\u2019honorable Andrew Cardozo :\u00a0<\/b>Honorables s\u00e9nateurs, je suis heureux de prendre la parole aujourd\u2019hui \u00e0 l\u2019occasion du Jour du drapeau.<\/p>\n<p>Ce jour marque le 58<sup>e<\/sup>\u00a0anniversaire du drapeau canadien avec la feuille d\u2019\u00e9rable, et c\u2019est l\u2019occasion de s\u2019arr\u00eater pour r\u00e9fl\u00e9chir \u00e0 ce que le drapeau signifie pour nous, les Canadiens.<\/p>\n<p>Il y a 58\u00a0ans aujourd\u2019hui, le drapeau \u00e9tait hiss\u00e9 pour la premi\u00e8re fois sur la Colline du Parlement, sur un m\u00e2t temporaire situ\u00e9 juste \u00e0 gauche de la tour de la Paix, en pr\u00e9sence de milliers de Canadiens en liesse.<\/p>\n<p>Avoir un nouveau drapeau canadien \u00e9tait une ambition de longue date de l\u2019ancien premier ministre Lester B. Pearson\u00a0\u2014 un drapeau qui serait libre de tout symbole colonial et qui favoriserait l\u2019unit\u00e9 nationale.<\/p>\n<p>Les Canadiens ont particip\u00e9 avec enthousiasme aux travaux d\u2019un comit\u00e9 sp\u00e9cial de la Chambre des communes et ils ont envoy\u00e9 des milliers de propositions et de suggestions. Ils ont envoy\u00e9 des dessins et des peintures de toutes sortes de choses\u00a0: le castor, l\u2019orignal, la police mont\u00e9e, les prairies, les montagnes et, bien s\u00fbr, les feuilles d\u2019\u00e9rable. C\u2019est gr\u00e2ce \u00e0 ce processus participatif que le drapeau rouge et blanc a \u00e9t\u00e9 \u00e9labor\u00e9.<\/p>\n<p>Le d\u00e9bat politique a dur\u00e9 de nombreux mois et a \u00e9t\u00e9 l\u2019un des plus houleux de l\u2019histoire du Canada. L\u2019ancien chef de l\u2019opposition, John Diefenbaker, s\u2019opposait vigoureusement au changement de drapeau. Cependant, une fois le d\u00e9bat termin\u00e9, il a accept\u00e9 le r\u00e9sultat, ce qui est tout \u00e0 son honneur, et s\u2019est rendu avec le premier ministre Pearson au palais de Buckingham pour la signature de la proclamation royale par la reine Elizabeth II.<\/p>\n<p>Depuis lors, le drapeau est devenu le symbole d\u2019un Canada moderne et uni qui prise l\u2019\u00e9galit\u00e9, l\u2019harmonie et la prosp\u00e9rit\u00e9. En fait, chaque nouveau Canadien re\u00e7oit un petit drapeau au cours de sa c\u00e9r\u00e9monie de citoyennet\u00e9 canadienne et l\u2019adopte avec la plus grande fiert\u00e9. Le drapeau est reconnu positivement dans le monde entier.<\/p>\n<p>M\u00eame si j\u2019aurais pr\u00e9f\u00e9r\u00e9 aujourd\u2019hui parler de cet anniversaire seulement en termes positifs, je dois dire que, au cours de la derni\u00e8re ann\u00e9e, des gens s\u2019opposant \u00e0 bien des valeurs fondamentales canadiennes se sont appropri\u00e9 l\u2019unifoli\u00e9\u00a0\u2014 des gens qui croient que quelques centaines de personnes peuvent envahir notre capitale nationale et remplacer le gouvernement \u00e9lu en recourant \u00e0 la force brute et \u00e0 l\u2019intimidation. Pour certains, notre drapeau est devenu un symbole d\u2019opposition \u00e0 l\u2019\u00c9tat et au gouvernement canadiens, d\u2019opposition \u00e0 tous les vaccins, y compris ceux contre la rougeole et la poliomy\u00e9lite, et d\u2019opposition \u00e0 de nombreuses valeurs que nous consid\u00e9rons habituellement comme des valeurs canadiennes fondamentales.<\/p>\n<p>Il y a m\u00eame des individus qui se sont permis de vandaliser notre drapeau en y inscrivant des messages col\u00e9riques et haineux, ainsi que d\u2019utiliser la feuille d\u2019\u00e9rable pour remplacer la lettre \u00ab u \u00bb du mot anglais commen\u00e7ant par un \u00ab\u00a0f\u00a0\u00bb sur leurs drapeaux de protestation. Je ne crois pas que c\u2019est \u00e0 cet usage que le Parlement destinait notre drapeau en 1965.<\/p>\n<p>Nous observons aussi une tendance troublante\u00a0: beaucoup trop de Canadiens pacifiques, des gens de bonne foi, ne hissent plus de drapeau devant leur maison, car ils ne veulent pas qu\u2019on les prenne pour des partisans de foules en col\u00e8re. Cela ne devrait pas se produire.<\/p>\n<p>Chers coll\u00e8gues, il est temps que le drapeau canadien redevienne un symbole, celui du respect, de l\u2019\u00e9galit\u00e9 et du rassemblement. Vive le drapeau canadien!<\/p>\n","protected":false},"excerpt":{"rendered":"<p>L\u2019honorable Andrew Cardozo :\u00a0Honorables s\u00e9nateurs, je suis heureux de prendre la parole aujourd\u2019hui \u00e0 l\u2019occasion du Jour du drapeau. Ce jour marque le 58e\u00a0anniversaire du drapeau canadien avec la feuille d\u2019\u00e9rable, et c\u2019est l\u2019occasion de s\u2019arr\u00eater pour r\u00e9fl\u00e9chir \u00e0 ce que le drapeau signifie pour nous, les Canadiens. Il y a 58\u00a0ans aujourd\u2019hui, le drapeau&#8230;<\/p>\n","protected":false},"author":3,"featured_media":1970,"comment_status":"closed","ping_status":"closed","sticky":false,"template":"","format":"standard","meta":{"_acf_changed":false,"wds_primary_category":99,"footnotes":""},"categories":[99],"tags":[],"senator_posts":[178],"class_list":["post-13164","post","type-post","status-publish","format-standard","has-post-thumbnail","hentry","category-declarations","senator_posts-l-hon-andrew-cardozo"],"acf":[],"_links":{"self":[{"href":"https:\/\/theprogressives.ca\/fr\/wp-json\/wp\/v2\/posts\/13164","targetHints":{"allow":["GET"]}}],"collection":[{"href":"https:\/\/theprogressives.ca\/fr\/wp-json\/wp\/v2\/posts"}],"about":[{"href":"https:\/\/theprogressives.ca\/fr\/wp-json\/wp\/v2\/types\/post"}],"author":[{"embeddable":true,"href":"https:\/\/theprogressives.ca\/fr\/wp-json\/wp\/v2\/users\/3"}],"replies":[{"embeddable":true,"href":"https:\/\/theprogressives.ca\/fr\/wp-json\/wp\/v2\/comments?post=13164"}],"version-history":[{"count":0,"href":"https:\/\/theprogressives.ca\/fr\/wp-json\/wp\/v2\/posts\/13164\/revisions"}],"wp:featuredmedia":[{"embeddable":true,"href":"https:\/\/theprogressives.ca\/fr\/wp-json\/wp\/v2\/media\/1970"}],"wp:attachment":[{"href":"https:\/\/theprogressives.ca\/fr\/wp-json\/wp\/v2\/media?parent=13164"}],"wp:term":[{"taxonomy":"category","embeddable":true,"href":"https:\/\/theprogressives.ca\/fr\/wp-json\/wp\/v2\/categories?post=13164"},{"taxonomy":"post_tag","embeddable":true,"href":"https:\/\/theprogressives.ca\/fr\/wp-json\/wp\/v2\/tags?post=13164"},{"taxonomy":"senator_posts","embeddable":true,"href":"https:\/\/theprogressives.ca\/fr\/wp-json\/wp\/v2\/senator_posts?post=13164"}],"curies":[{"name":"wp","href":"https:\/\/api.w.org\/{rel}","templated":true}]}}