{"id":13160,"date":"2023-02-09T11:30:52","date_gmt":"2023-02-09T16:30:52","guid":{"rendered":"https:\/\/theprogressives.ca\/?p=13160"},"modified":"2023-12-12T14:42:22","modified_gmt":"2023-12-12T19:42:22","slug":"periode-des-questions-ministerielle-la-loi-sur-les-travailleurs-de-remplacement-2","status":"publish","type":"post","link":"https:\/\/theprogressives.ca\/fr\/au-senat\/periode-de-questions\/periode-des-questions-ministerielle-la-loi-sur-les-travailleurs-de-remplacement-2\/","title":{"rendered":"P\u00e9riode des questions minist\u00e9rielle : La loi sur les travailleurs de remplacement"},"content":{"rendered":"<p><iframe title=\"Le s\u00e9nateur Cardozo interroge le min. O&#039;Regan sur la loi sur les travailleurs de remplacement (FR)\" width=\"640\" height=\"360\" data-src=\"https:\/\/www.youtube.com\/embed\/beR40pXbhSs?feature=oembed\" frameborder=\"0\" allow=\"accelerometer; autoplay; clipboard-write; encrypted-media; gyroscope; picture-in-picture; web-share\" allowfullscreen src=\"data:image\/svg+xml;base64,PHN2ZyB3aWR0aD0iMSIgaGVpZ2h0PSIxIiB4bWxucz0iaHR0cDovL3d3dy53My5vcmcvMjAwMC9zdmciPjwvc3ZnPg==\" class=\"lazyload\" data-load-mode=\"1\"><\/iframe><\/p>\n<p><b>L\u2019honorable Andrew Cardozo :\u00a0<\/b>Merci, monsieur le ministre, d\u2019avoir pris le temps de vous joindre \u00e0 nous. J\u2019ai quelques br\u00e8ves questions sur des dossiers importants de votre minist\u00e8re.<\/p>\n<p>La premi\u00e8re porte sur une loi antibriseurs de gr\u00e8ve. Pourriez-vous nous dire o\u00f9 en est ce dossier? Votre mesure l\u00e9gislative sera-t-elle semblable au projet de loi d\u2019initiative parlementaire d\u2019Alexandre Boulerice, le projet de loi\u00a0C-302? De plus, en ce qui concerne l\u2019\u00e9quit\u00e9 en mati\u00e8re d\u2019emploi, pour faire suite \u00e0 la question de mon coll\u00e8gue, quand pr\u00e9voyez-vous pr\u00e9senter cette mesure l\u00e9gislative, et les groupes cibles seront-ils diff\u00e9rents des quatre qui ont \u00e9t\u00e9 d\u00e9finis par le pass\u00e9?<\/p>\n<p><b>L\u2019honorable Seamus O\u2019Regan, c.p., d\u00e9put\u00e9, ministre du Travail :\u00a0<\/b>Sur le dernier point, je dirai que nous verrons ce qui arrivera lorsque nous recevrons le rapport. Je pense que nous serons fix\u00e9s peu de temps apr\u00e8s.<\/p>\n<p>Pour ce qui est de la question des travailleurs de remplacement, nous nous sommes entendus avec le Nouveau Parti d\u00e9mocratique, le NPD, sur quelques points. L\u2019un d\u2019entre eux concerne les travailleurs de remplacement. Nous nous sommes engag\u00e9s \u00e0 pr\u00e9senter une mesure l\u00e9gislative \u00e0 cet \u00e9gard \u00e0 la Chambre d\u2019ici la fin de l\u2019ann\u00e9e, ce que nous ferons. C\u2019est un engagement que nous avions pris dans notre programme. Nous avons renouvel\u00e9 cet engagement dans le cadre de notre accord avec le NPD, et nous avons annonc\u00e9 des consultations \u00e0 ce sujet \u00e0 la fin de l\u2019ann\u00e9e derni\u00e8re. C\u2019est ce que j\u2019ai fait avec le s\u00e9nateur Yussuff et mon coll\u00e8gue n\u00e9o-d\u00e9mocrate Alexandre Boulerice. Le projet de loi sera diff\u00e9rent de celui pr\u00e9sent\u00e9 par mon coll\u00e8gue M.\u00a0Boulerice ainsi que des autres projets de loi d\u2019initiative parlementaire pr\u00e9sent\u00e9s \u00e0 la Chambre en ce sens que nous avons men\u00e9 des consultations tripartites assez exhaustives. Nous avons une forte tradition au Canada, notamment en ce qui concerne la l\u00e9gislation du travail, qui consiste \u00e0 nous r\u00e9unir avec les entreprises et les employ\u00e9s pour r\u00e9gler la question.<\/p>\n<p>Je suis tr\u00e8s fier que nous ayons r\u00e9uni tout le monde pour discuter, surtout en ce qui concerne la question d\u2019interdire les travailleurs de remplacement. J\u2019ai moi-m\u00eame assist\u00e9 \u00e0 ces consultations. Elles ont dur\u00e9 un certain temps. Je les qualifierais de difficiles. Je pensais toutefois qu\u2019elles \u00e9taient n\u00e9cessaires, car il y a des cons\u00e9quences pour les employeurs et les employ\u00e9s.<\/p>\n","protected":false},"excerpt":{"rendered":"<p>L\u2019honorable Andrew Cardozo :\u00a0Merci, monsieur le ministre, d\u2019avoir pris le temps de vous joindre \u00e0 nous. J\u2019ai quelques br\u00e8ves questions sur des dossiers importants de votre minist\u00e8re. La premi\u00e8re porte sur une loi antibriseurs de gr\u00e8ve. Pourriez-vous nous dire o\u00f9 en est ce dossier? Votre mesure l\u00e9gislative sera-t-elle semblable au projet de loi d\u2019initiative parlementaire&#8230;<\/p>\n","protected":false},"author":3,"featured_media":2026,"comment_status":"closed","ping_status":"closed","sticky":false,"template":"","format":"standard","meta":{"_acf_changed":false,"wds_primary_category":97,"footnotes":""},"categories":[97],"tags":[],"senator_posts":[178],"class_list":["post-13160","post","type-post","status-publish","format-standard","has-post-thumbnail","hentry","category-periode-de-questions","senator_posts-l-hon-andrew-cardozo"],"acf":[],"_links":{"self":[{"href":"https:\/\/theprogressives.ca\/fr\/wp-json\/wp\/v2\/posts\/13160","targetHints":{"allow":["GET"]}}],"collection":[{"href":"https:\/\/theprogressives.ca\/fr\/wp-json\/wp\/v2\/posts"}],"about":[{"href":"https:\/\/theprogressives.ca\/fr\/wp-json\/wp\/v2\/types\/post"}],"author":[{"embeddable":true,"href":"https:\/\/theprogressives.ca\/fr\/wp-json\/wp\/v2\/users\/3"}],"replies":[{"embeddable":true,"href":"https:\/\/theprogressives.ca\/fr\/wp-json\/wp\/v2\/comments?post=13160"}],"version-history":[{"count":0,"href":"https:\/\/theprogressives.ca\/fr\/wp-json\/wp\/v2\/posts\/13160\/revisions"}],"wp:featuredmedia":[{"embeddable":true,"href":"https:\/\/theprogressives.ca\/fr\/wp-json\/wp\/v2\/media\/2026"}],"wp:attachment":[{"href":"https:\/\/theprogressives.ca\/fr\/wp-json\/wp\/v2\/media?parent=13160"}],"wp:term":[{"taxonomy":"category","embeddable":true,"href":"https:\/\/theprogressives.ca\/fr\/wp-json\/wp\/v2\/categories?post=13160"},{"taxonomy":"post_tag","embeddable":true,"href":"https:\/\/theprogressives.ca\/fr\/wp-json\/wp\/v2\/tags?post=13160"},{"taxonomy":"senator_posts","embeddable":true,"href":"https:\/\/theprogressives.ca\/fr\/wp-json\/wp\/v2\/senator_posts?post=13160"}],"curies":[{"name":"wp","href":"https:\/\/api.w.org\/{rel}","templated":true}]}}