{"id":13148,"date":"2022-12-01T17:35:33","date_gmt":"2022-12-01T22:35:33","guid":{"rendered":"https:\/\/theprogressives.ca\/?p=13148"},"modified":"2023-12-12T14:43:46","modified_gmt":"2023-12-12T19:43:46","slug":"periode-des-questions-ministerielle-le-soutien-apporte-au-secteur-du-tourisme","status":"publish","type":"post","link":"https:\/\/theprogressives.ca\/fr\/au-senat\/periode-de-questions\/periode-des-questions-ministerielle-le-soutien-apporte-au-secteur-du-tourisme\/","title":{"rendered":"P\u00e9riode des questions minist\u00e9rielle : Le soutien apport\u00e9 au secteur du tourisme"},"content":{"rendered":"<p><iframe title=\"Le s\u00e9nateur Cardozo interroge la min. Hutchings sur le soutien apport\u00e9 au secteur du tourisme (FR)\" width=\"640\" height=\"360\" data-src=\"https:\/\/www.youtube.com\/embed\/iAAe1O7K18g?feature=oembed\" frameborder=\"0\" allow=\"accelerometer; autoplay; clipboard-write; encrypted-media; gyroscope; picture-in-picture; web-share\" allowfullscreen src=\"data:image\/svg+xml;base64,PHN2ZyB3aWR0aD0iMSIgaGVpZ2h0PSIxIiB4bWxucz0iaHR0cDovL3d3dy53My5vcmcvMjAwMC9zdmciPjwvc3ZnPg==\" class=\"lazyload\" data-load-mode=\"1\"><\/iframe><\/p>\n<p><b>L\u2019honorable Andrew Cardozo :\u00a0<\/b>Madame la ministre, merci d\u2019\u00eatre ici pour r\u00e9pondre \u00e0 nos questions.<\/p>\n<p>Vous avez \u00e9voqu\u00e9 un certain nombre de minist\u00e8res avec lesquels vous travaillez. Je m\u2019int\u00e9resse \u00e0 l\u2019appareil gouvernemental ou \u00e0 la mani\u00e8re dont les choses se font ou se concr\u00e9tisent, car vous semblez travailler avec un grand nombre de ministres et de minist\u00e8res diff\u00e9rents. Comment tout cela se passe-t-il?<\/p>\n<p>Je veux glisser une petite question sur le tourisme rural, si vous pouvez en parler. J\u2019ai eu la chance de voyager dans votre circonscription, qui est certainement l\u2019une des plus belles r\u00e9gions du pays.<\/p>\n<p><b>L\u2019honorable Gudie Hutchings, c.p., d\u00e9put\u00e9e, ministre du D\u00e9veloppement \u00e9conomique rural :\u00a0<\/b>Monsieur le S\u00e9nateur, lorsque le premier ministre m\u2019a demand\u00e9 d\u2019assumer ce r\u00f4le, j\u2019\u00e9tais tr\u00e8s enthousiaste, car il s\u2019agissait de supprimer ces cloisonnements. Il ne s\u2019agissait pas seulement de faire tomber les cloisonnements politiques, mais aussi les cloisonnements minist\u00e9riels.<\/p>\n<p>Notre travail a sans doute eu un certain effet, car en juin, on m\u2019a appel\u00e9 pour me dire que la greffi\u00e8re voulait me parler. Je ne sais pas comment vous r\u00e9agissez, mais quand la greffi\u00e8re veut vous voir, votre c\u0153ur bat la chamade.<\/p>\n<p>Elle m\u2019a convoqu\u00e9 et m\u2019a dit\u00a0: \u00ab \u00c9coutez, j\u2019ai une bonne nouvelle, un autre sous-ministre va arriver dans votre minist\u00e8re, et sa mission sera de se concentrer sur le d\u00e9veloppement \u00e9conomique rural, le tourisme et les petites entreprises \u00bb.<\/p>\n<p>J\u2019\u00e9tais combl\u00e9e. En parall\u00e8le de notre travail sur la ruralit\u00e9 et les aspects politiques, elle s\u2019occupait \u00e9galement des minist\u00e8res. Nous r\u00e9alisions donc des progr\u00e8s. Ce fut une grande nouvelle.<\/p>\n<p>En outre\u00a0\u2014 et vous y avez fait allusion\u00a0\u2014, ma lettre de mandat couvre de nombreux minist\u00e8res. Notre gouvernement mettait d\u00e9j\u00e0 l\u2019accent sur les questions LGBTQ. Puis nous avons \u00e9t\u00e9 le premier gouvernement \u00e0 mettre l\u2019accent sur le genre. Puis nous avons pris en compte les questions autochtones. Maintenant, nous int\u00e9grons la question de la ruralit\u00e9 dans tous les programmes, politiques et lois que nous mettons en place.<\/p>\n<p>Des ministres viennent maintenant me voir et me disent\u00a0: \u00ab Avant que j\u2019envoie ceci, pourriez-vous y jeter un \u0153il? Il faut qu\u2019on en discute. Comment cela va-t-il fonctionner? Devons-nous apporter des modifications pour nous adapter aux communaut\u00e9s rurales? \u00bb<\/p>\n<p>Nous arrivons \u00e0 changer les choses.<\/p>\n<p>Malheureusement, j\u2019ai aussi besoin de votre aide. Quand un projet de loi est pr\u00e9sent\u00e9 \u00e0 la Chambre rouge, il faut que vous demandiez\u00a0: \u00ab Quel effet cela aura-t-il sur les communaut\u00e9s rurales, \u00e9loign\u00e9es et autochtones? \u00bb<\/p>\n<p>En ce qui concerne le tourisme, monsieur le s\u00e9nateur, je pourrais en parler toute la journ\u00e9e, parce que je sais que nous avons ce que le monde recherche et que nous devons tous travailler ensemble pour accueillir au Canada des touristes de partout. Je pense que pendant la pand\u00e9mie, nous avons tous eu l\u2019occasion d\u2019explorer nos r\u00e9gions, et les gens ont constat\u00e9 tout ce que nous avons au Canada. Nous devons le faire davantage. Nous devons tous \u00eatre fiers de notre produit touristique et le d\u00e9velopper.<\/p>\n","protected":false},"excerpt":{"rendered":"<p>L\u2019honorable Andrew Cardozo :\u00a0Madame la ministre, merci d\u2019\u00eatre ici pour r\u00e9pondre \u00e0 nos questions. Vous avez \u00e9voqu\u00e9 un certain nombre de minist\u00e8res avec lesquels vous travaillez. Je m\u2019int\u00e9resse \u00e0 l\u2019appareil gouvernemental ou \u00e0 la mani\u00e8re dont les choses se font ou se concr\u00e9tisent, car vous semblez travailler avec un grand nombre de ministres et de&#8230;<\/p>\n","protected":false},"author":3,"featured_media":2046,"comment_status":"closed","ping_status":"closed","sticky":false,"template":"","format":"standard","meta":{"_acf_changed":false,"wds_primary_category":97,"footnotes":""},"categories":[97],"tags":[],"senator_posts":[178],"class_list":["post-13148","post","type-post","status-publish","format-standard","has-post-thumbnail","hentry","category-periode-de-questions","senator_posts-l-hon-andrew-cardozo"],"acf":[],"_links":{"self":[{"href":"https:\/\/theprogressives.ca\/fr\/wp-json\/wp\/v2\/posts\/13148","targetHints":{"allow":["GET"]}}],"collection":[{"href":"https:\/\/theprogressives.ca\/fr\/wp-json\/wp\/v2\/posts"}],"about":[{"href":"https:\/\/theprogressives.ca\/fr\/wp-json\/wp\/v2\/types\/post"}],"author":[{"embeddable":true,"href":"https:\/\/theprogressives.ca\/fr\/wp-json\/wp\/v2\/users\/3"}],"replies":[{"embeddable":true,"href":"https:\/\/theprogressives.ca\/fr\/wp-json\/wp\/v2\/comments?post=13148"}],"version-history":[{"count":0,"href":"https:\/\/theprogressives.ca\/fr\/wp-json\/wp\/v2\/posts\/13148\/revisions"}],"wp:featuredmedia":[{"embeddable":true,"href":"https:\/\/theprogressives.ca\/fr\/wp-json\/wp\/v2\/media\/2046"}],"wp:attachment":[{"href":"https:\/\/theprogressives.ca\/fr\/wp-json\/wp\/v2\/media?parent=13148"}],"wp:term":[{"taxonomy":"category","embeddable":true,"href":"https:\/\/theprogressives.ca\/fr\/wp-json\/wp\/v2\/categories?post=13148"},{"taxonomy":"post_tag","embeddable":true,"href":"https:\/\/theprogressives.ca\/fr\/wp-json\/wp\/v2\/tags?post=13148"},{"taxonomy":"senator_posts","embeddable":true,"href":"https:\/\/theprogressives.ca\/fr\/wp-json\/wp\/v2\/senator_posts?post=13148"}],"curies":[{"name":"wp","href":"https:\/\/api.w.org\/{rel}","templated":true}]}}