{"id":13143,"date":"2023-02-23T14:29:48","date_gmt":"2023-02-23T19:29:48","guid":{"rendered":"https:\/\/theprogressives.ca\/?p=13143"},"modified":"2023-02-23T14:29:48","modified_gmt":"2023-02-23T19:29:48","slug":"les-progressistes-accueillent-un-nouveau-membre-senateur-andrew-cardozo","status":"publish","type":"post","link":"https:\/\/theprogressives.ca\/fr\/nouvelles\/les-progressistes-accueillent-un-nouveau-membre-senateur-andrew-cardozo\/","title":{"rendered":"Les progressistes accueillent un nouveau membre s\u00e9nateur Andrew Cardozo"},"content":{"rendered":"<p>La s\u00e9natrice Jane Cordy, Leader du\u00a0Groupe progressiste du S\u00e9nat (Les progressistes), est heureuse d\u2019accueillir le s\u00e9nateur Andrew Cardozo au sein du groupe progressiste.<\/p>\n<p>\u00ab\u00a0Avec une exp\u00e9rience de travail impressionnante sur des questions politiques progressistes, nous nous attendons \u00e0 ce que le s\u00e9nateur Cardozo s\u2019int\u00e8gre parfaitement au GPS. Nous avons h\u00e2te de travailler avec lui alors qu\u2019il continue de s&rsquo;attaquer aux grands d\u00e9fis auxquels la soci\u00e9t\u00e9 canadienne doit faire face.\u00a0\u00bb<\/p>\n<p>Tous les progressistes ont h\u00e2te d\u2019accueillir le s\u00e9nateur Cardozo \u00e0 la prochaine r\u00e9union du caucus.<\/p>\n","protected":false},"excerpt":{"rendered":"<p>La s\u00e9natrice Jane Cordy, Leader du\u00a0Groupe progressiste du S\u00e9nat (Les progressistes), est heureuse d\u2019accueillir le s\u00e9nateur Andrew Cardozo au sein du groupe progressiste. \u00ab\u00a0Avec une exp\u00e9rience de travail impressionnante sur des questions politiques progressistes, nous nous attendons \u00e0 ce que le s\u00e9nateur Cardozo s\u2019int\u00e8gre parfaitement au GPS. Nous avons h\u00e2te de travailler avec lui alors&#8230;<\/p>\n","protected":false},"author":3,"featured_media":2038,"comment_status":"closed","ping_status":"closed","sticky":false,"template":"","format":"standard","meta":{"_acf_changed":false,"wds_primary_category":78,"footnotes":""},"categories":[78],"tags":[],"senator_posts":[41],"class_list":["post-13143","post","type-post","status-publish","format-standard","has-post-thumbnail","hentry","category-nouvelles","senator_posts-les-progressistes"],"acf":[],"_links":{"self":[{"href":"https:\/\/theprogressives.ca\/fr\/wp-json\/wp\/v2\/posts\/13143","targetHints":{"allow":["GET"]}}],"collection":[{"href":"https:\/\/theprogressives.ca\/fr\/wp-json\/wp\/v2\/posts"}],"about":[{"href":"https:\/\/theprogressives.ca\/fr\/wp-json\/wp\/v2\/types\/post"}],"author":[{"embeddable":true,"href":"https:\/\/theprogressives.ca\/fr\/wp-json\/wp\/v2\/users\/3"}],"replies":[{"embeddable":true,"href":"https:\/\/theprogressives.ca\/fr\/wp-json\/wp\/v2\/comments?post=13143"}],"version-history":[{"count":0,"href":"https:\/\/theprogressives.ca\/fr\/wp-json\/wp\/v2\/posts\/13143\/revisions"}],"wp:featuredmedia":[{"embeddable":true,"href":"https:\/\/theprogressives.ca\/fr\/wp-json\/wp\/v2\/media\/2038"}],"wp:attachment":[{"href":"https:\/\/theprogressives.ca\/fr\/wp-json\/wp\/v2\/media?parent=13143"}],"wp:term":[{"taxonomy":"category","embeddable":true,"href":"https:\/\/theprogressives.ca\/fr\/wp-json\/wp\/v2\/categories?post=13143"},{"taxonomy":"post_tag","embeddable":true,"href":"https:\/\/theprogressives.ca\/fr\/wp-json\/wp\/v2\/tags?post=13143"},{"taxonomy":"senator_posts","embeddable":true,"href":"https:\/\/theprogressives.ca\/fr\/wp-json\/wp\/v2\/senator_posts?post=13143"}],"curies":[{"name":"wp","href":"https:\/\/api.w.org\/{rel}","templated":true}]}}