{"id":13072,"date":"2023-02-09T15:54:37","date_gmt":"2023-02-09T20:54:37","guid":{"rendered":"https:\/\/theprogressives.ca\/?p=13072"},"modified":"2023-12-12T15:01:33","modified_gmt":"2023-12-12T20:01:33","slug":"periode-des-questions-ministerielle-lequite-salariale","status":"publish","type":"post","link":"https:\/\/theprogressives.ca\/fr\/au-senat\/periode-de-questions\/periode-des-questions-ministerielle-lequite-salariale\/","title":{"rendered":"P\u00e9riode des questions minist\u00e9rielle : L\u2019\u00e9quit\u00e9 salariale"},"content":{"rendered":"<p><iframe title=\"La s\u00e9natrice Gerba interroge le ministre O&#039;Regan sur l\u2019\u00e9quit\u00e9 salariale - 9 f\u00e9vrier 2023 (FR)\" width=\"640\" height=\"360\" data-src=\"https:\/\/www.youtube.com\/embed\/mErp3-1GtfI?feature=oembed\" frameborder=\"0\" allow=\"accelerometer; autoplay; clipboard-write; encrypted-media; gyroscope; picture-in-picture; web-share\" allowfullscreen src=\"data:image\/svg+xml;base64,PHN2ZyB3aWR0aD0iMSIgaGVpZ2h0PSIxIiB4bWxucz0iaHR0cDovL3d3dy53My5vcmcvMjAwMC9zdmciPjwvc3ZnPg==\" class=\"lazyload\" data-load-mode=\"1\"><\/iframe><\/p>\n<p><b>L\u2019honorable Amina Gerba :\u00a0<\/b>Selon des donn\u00e9es de Sant\u00e9 Canada diffus\u00e9es en\u00a0janvier\u00a02023, le revenu d\u2019emploi des dipl\u00f4m\u00e9s racis\u00e9s \u00e9tait moins \u00e9lev\u00e9 que celui des dipl\u00f4m\u00e9s non racis\u00e9s deux\u00a0ans apr\u00e8s l\u2019obtention du baccalaur\u00e9at.<\/p>\n<p>Par exemple, chez les femmes, les dipl\u00f4m\u00e9es asiatiques occidentales gagnaient 16\u00a0% de moins, et les dipl\u00f4m\u00e9es arabes, 15\u00a0% de moins comparativement aux femmes non racis\u00e9es. Chez les hommes, ce sont les dipl\u00f4m\u00e9s noirs, asiatiques du Sud-Est, philippins, chinois et cor\u00e9ens qui enregistraient les revenus d\u2019emploi les moins \u00e9lev\u00e9s, soit de 11 \u00e0 13\u00a0% de moins que leurs homologues non racis\u00e9s.<\/p>\n<p>Monsieur le ministre, que fait le gouvernement pour assurer une meilleure inclusion et l\u2019\u00e9quit\u00e9 dans les processus de recrutement des dipl\u00f4m\u00e9s racis\u00e9s dans notre pays?<\/p>\n<p><b>L\u2019honorable Seamus O\u2019Regan, c.p., d\u00e9put\u00e9, ministre du Travail :\u00a0<\/b>S\u00e9natrice, je vous pr\u00e9sente mes excuses, j\u2019aimerais que mon niveau de fran\u00e7ais soit assez avanc\u00e9 sur ce sujet pour pouvoir r\u00e9pondre dans la langue dans laquelle vous m\u2019avez pos\u00e9 votre question.<\/p>\n<p>Laissez-moi simplement dire que pour r\u00e9pondre \u00e0 cette question, je vous reviendrai avec des renseignements d\u00e9taill\u00e9s sur ce que nous faisons exactement. Je pense que tout le monde s\u2019entend sur l\u2019objectif \u00e0 atteindre et que personne ne le conteste. J\u2019aimerais toutefois obtenir une r\u00e9ponse plus d\u00e9taill\u00e9e sur la fa\u00e7on pr\u00e9cise dont nous pr\u00e9voyons l\u2019atteindre, mis \u00e0 part \u00e9videmment l\u2019\u00e9quit\u00e9 en mati\u00e8re d\u2019emploi et les autres rapports et mesures l\u00e9gislatives sur lesquels nous travaillons.<\/p>\n<p>Je vous reviendrai l\u00e0-dessus.<\/p>\n","protected":false},"excerpt":{"rendered":"<p>L\u2019honorable Amina Gerba :\u00a0Selon des donn\u00e9es de Sant\u00e9 Canada diffus\u00e9es en\u00a0janvier\u00a02023, le revenu d\u2019emploi des dipl\u00f4m\u00e9s racis\u00e9s \u00e9tait moins \u00e9lev\u00e9 que celui des dipl\u00f4m\u00e9s non racis\u00e9s deux\u00a0ans apr\u00e8s l\u2019obtention du baccalaur\u00e9at. Par exemple, chez les femmes, les dipl\u00f4m\u00e9es asiatiques occidentales gagnaient 16\u00a0% de moins, et les dipl\u00f4m\u00e9es arabes, 15\u00a0% de moins comparativement aux femmes non&#8230;<\/p>\n","protected":false},"author":3,"featured_media":1974,"comment_status":"closed","ping_status":"closed","sticky":false,"template":"","format":"standard","meta":{"_acf_changed":false,"wds_primary_category":97,"footnotes":""},"categories":[97],"tags":[],"senator_posts":[117],"class_list":["post-13072","post","type-post","status-publish","format-standard","has-post-thumbnail","hentry","category-periode-de-questions","senator_posts-l-hon-amina-gerba"],"acf":[],"_links":{"self":[{"href":"https:\/\/theprogressives.ca\/fr\/wp-json\/wp\/v2\/posts\/13072","targetHints":{"allow":["GET"]}}],"collection":[{"href":"https:\/\/theprogressives.ca\/fr\/wp-json\/wp\/v2\/posts"}],"about":[{"href":"https:\/\/theprogressives.ca\/fr\/wp-json\/wp\/v2\/types\/post"}],"author":[{"embeddable":true,"href":"https:\/\/theprogressives.ca\/fr\/wp-json\/wp\/v2\/users\/3"}],"replies":[{"embeddable":true,"href":"https:\/\/theprogressives.ca\/fr\/wp-json\/wp\/v2\/comments?post=13072"}],"version-history":[{"count":0,"href":"https:\/\/theprogressives.ca\/fr\/wp-json\/wp\/v2\/posts\/13072\/revisions"}],"wp:featuredmedia":[{"embeddable":true,"href":"https:\/\/theprogressives.ca\/fr\/wp-json\/wp\/v2\/media\/1974"}],"wp:attachment":[{"href":"https:\/\/theprogressives.ca\/fr\/wp-json\/wp\/v2\/media?parent=13072"}],"wp:term":[{"taxonomy":"category","embeddable":true,"href":"https:\/\/theprogressives.ca\/fr\/wp-json\/wp\/v2\/categories?post=13072"},{"taxonomy":"post_tag","embeddable":true,"href":"https:\/\/theprogressives.ca\/fr\/wp-json\/wp\/v2\/tags?post=13072"},{"taxonomy":"senator_posts","embeddable":true,"href":"https:\/\/theprogressives.ca\/fr\/wp-json\/wp\/v2\/senator_posts?post=13072"}],"curies":[{"name":"wp","href":"https:\/\/api.w.org\/{rel}","templated":true}]}}