{"id":13068,"date":"2023-02-09T15:39:36","date_gmt":"2023-02-09T20:39:36","guid":{"rendered":"https:\/\/theprogressives.ca\/?p=13068"},"modified":"2023-02-10T15:43:54","modified_gmt":"2023-02-10T20:43:54","slug":"periode-des-questions-ministerielle-la-transition-equitable","status":"publish","type":"post","link":"https:\/\/theprogressives.ca\/fr\/au-senat\/periode-de-questions\/periode-des-questions-ministerielle-la-transition-equitable\/","title":{"rendered":"P\u00e9riode des questions minist\u00e9rielle : La transition \u00e9quitable"},"content":{"rendered":"<p><iframe title=\"Le s\u00e9nateur Klyne interroge le ministre O&#039;Regan sur la transition \u00e9quitable - 9 f\u00e9vrier 2023 (FR)\" width=\"640\" height=\"360\" data-src=\"https:\/\/www.youtube.com\/embed\/-QRq4DIpoqA?feature=oembed\" frameborder=\"0\" allow=\"accelerometer; autoplay; clipboard-write; encrypted-media; gyroscope; picture-in-picture; web-share\" allowfullscreen src=\"data:image\/svg+xml;base64,PHN2ZyB3aWR0aD0iMSIgaGVpZ2h0PSIxIiB4bWxucz0iaHR0cDovL3d3dy53My5vcmcvMjAwMC9zdmciPjwvc3ZnPg==\" class=\"lazyload\" data-load-mode=\"1\"><\/iframe><\/p>\n<p><b>L\u2019honorable Marty Klyne :\u00a0<\/b>Monsieur le ministre, comme nous le savons, alors que toutes les provinces et les villes visent \u00e0 r\u00e9duire leurs \u00e9missions de 40 \u00e0 45\u00a0% sous le niveau de 2005, bon nombre d\u2019entre elles opteront pour l\u2019\u00e9limination graduelle des centrales au charbon, comme la Saskatchewan s\u2019est engag\u00e9e \u00e0 le faire. \u00c0 cet \u00e9gard, nous devons \u00eatre pr\u00eats \u00e0 mobiliser et \u00e0 pr\u00e9parer une main\u2011d\u2019\u0153uvre en vue de l\u2019\u00e9conomie \u00e0 faibles \u00e9missions de carbone.<\/p>\n<p>Que fait le gouvernement actuel pour assurer un bel avenir aux travailleurs du secteur de l\u2019\u00e9nergie et pour montrer le c\u00f4t\u00e9 positif de cette transition \u00e9quitable, c\u2019est-\u00e0-dire les comp\u00e9tences transf\u00e9rables qui permettront aux Canadiens de l\u2019Ouest d\u2019occuper des emplois bien r\u00e9mun\u00e9r\u00e9s et stables dans une \u00e9conomie \u00e0 faibles \u00e9missions de carbone, ce qui n\u2019est pas le cas actuellement?<\/p>\n<p><b>L\u2019honorable Seamus O\u2019Regan, c.p., d\u00e9put\u00e9, ministre du Travail :\u00a0<\/b>Si on utilise des guillemets gestuels pour parler de \u00ab transition \u00e9quitable \u00bb, je ne sais pas si cela para\u00eetra dans le hansard.<\/p>\n<p>\u00c9coutez, les travailleurs ne se retrouveront pas dans un environnement de travail \u00e0 faibles \u00e9missions de carbone, ce sont eux qui cr\u00e9eront cet environnement. Ce sont eux qui seront \u00e0 la t\u00eate de ce mouvement. Permettez-moi de finir de r\u00e9pondre \u00e0 une question qui m\u2019a \u00e9t\u00e9 pos\u00e9e plus t\u00f4t.<\/p>\n<p>Quand j\u2019ai des discussions avec les dirigeants syndicaux en Saskatchewan, en Alberta et \u00e0 Terre-Neuve-et-Labrador, je constate qu\u2019ils sont fermement aux commandes. Par exemple, nous avons doubl\u00e9 les fonds consacr\u00e9s au Programme pour la formation et l\u2019innovation en milieu syndical pour les centres de formation en milieu syndical, et je serais tr\u00e8s favorable \u00e0 d\u2019autres augmentations de financement. Autrement dit, je veux qu\u2019ils signalent o\u00f9 il serait possible de r\u00e9duire les \u00e9missions et de d\u00e9velopper les \u00e9nergies renouvelables. C\u2019est cela que nous faisons. C\u2019est ce qui se produira avec les travailleurs du secteur de l\u2019\u00e9nergie et avec les gens de l\u2019industrie, et je crois que nous devons mobiliser plus de personnes.<\/p>\n<p>Nous devons renforcer le captage du carbone. Honn\u00eatement, nous avons conclu d\u2019excellents accords avec les gouvernements de l\u2019Alberta, de la Saskatchewan et, certainement, de Terre-Neuve-et-Labrador.<\/p>\n<p>L\u2019industrie se rallie \u00e9galement \u00e0 cette transition. Je suis fier de mentionner que l\u2019association de l\u2019industrie de Terre-Neuve-et-Labrador, qui s\u2019appelait anciennement la Newfoundland &amp; Labrador Oil &amp; Gas Industries Association, ou Noia, s\u2019appelle maintenant Energy NL. Non seulement elle soutient compl\u00e8tement le p\u00e9trole et le gaz et s\u2019en fait la championne, comme elle l\u2019a toujours fait, mais elle adopte maintenant l\u2019hydrog\u00e8ne, hydro\u00e9lectricit\u00e9 et tout ce qui se trouve entre les deux. Elle comprend que ces formes d\u2019\u00e9nergie se compl\u00e8tent. Voil\u00e0 la fa\u00e7on de voir les choses. Voil\u00e0 la fa\u00e7on de proc\u00e9der.<\/p>\n<p>Je suis tr\u00e8s fier des gens de ma province. Je pense que dans mon coin de pays, nous voyons le monde de fa\u00e7on tr\u00e8s pratique. C\u2019est dans cette direction que le monde s\u2019en va et nous voulons \u00eatre \u00e0 l\u2019avant-garde de cette transition.<\/p>\n","protected":false},"excerpt":{"rendered":"<p>L\u2019honorable Marty Klyne :\u00a0Monsieur le ministre, comme nous le savons, alors que toutes les provinces et les villes visent \u00e0 r\u00e9duire leurs \u00e9missions de 40 \u00e0 45\u00a0% sous le niveau de 2005, bon nombre d\u2019entre elles opteront pour l\u2019\u00e9limination graduelle des centrales au charbon, comme la Saskatchewan s\u2019est engag\u00e9e \u00e0 le faire. \u00c0 cet \u00e9gard,&#8230;<\/p>\n","protected":false},"author":3,"featured_media":1986,"comment_status":"closed","ping_status":"closed","sticky":false,"template":"","format":"standard","meta":{"_acf_changed":false,"wds_primary_category":97,"footnotes":""},"categories":[97],"tags":[],"senator_posts":[34],"class_list":["post-13068","post","type-post","status-publish","format-standard","has-post-thumbnail","hentry","category-periode-de-questions","senator_posts-l-hon-marty-klyne"],"acf":[],"_links":{"self":[{"href":"https:\/\/theprogressives.ca\/fr\/wp-json\/wp\/v2\/posts\/13068","targetHints":{"allow":["GET"]}}],"collection":[{"href":"https:\/\/theprogressives.ca\/fr\/wp-json\/wp\/v2\/posts"}],"about":[{"href":"https:\/\/theprogressives.ca\/fr\/wp-json\/wp\/v2\/types\/post"}],"author":[{"embeddable":true,"href":"https:\/\/theprogressives.ca\/fr\/wp-json\/wp\/v2\/users\/3"}],"replies":[{"embeddable":true,"href":"https:\/\/theprogressives.ca\/fr\/wp-json\/wp\/v2\/comments?post=13068"}],"version-history":[{"count":0,"href":"https:\/\/theprogressives.ca\/fr\/wp-json\/wp\/v2\/posts\/13068\/revisions"}],"wp:featuredmedia":[{"embeddable":true,"href":"https:\/\/theprogressives.ca\/fr\/wp-json\/wp\/v2\/media\/1986"}],"wp:attachment":[{"href":"https:\/\/theprogressives.ca\/fr\/wp-json\/wp\/v2\/media?parent=13068"}],"wp:term":[{"taxonomy":"category","embeddable":true,"href":"https:\/\/theprogressives.ca\/fr\/wp-json\/wp\/v2\/categories?post=13068"},{"taxonomy":"post_tag","embeddable":true,"href":"https:\/\/theprogressives.ca\/fr\/wp-json\/wp\/v2\/tags?post=13068"},{"taxonomy":"senator_posts","embeddable":true,"href":"https:\/\/theprogressives.ca\/fr\/wp-json\/wp\/v2\/senator_posts?post=13068"}],"curies":[{"name":"wp","href":"https:\/\/api.w.org\/{rel}","templated":true}]}}