{"id":13060,"date":"2023-02-09T13:34:53","date_gmt":"2023-02-09T18:34:53","guid":{"rendered":"https:\/\/theprogressives.ca\/?p=13060"},"modified":"2023-02-10T13:35:39","modified_gmt":"2023-02-10T18:35:39","slug":"periode-des-questions-ministerielle-la-loi-sur-lequite-en-matiere-demploi","status":"publish","type":"post","link":"https:\/\/theprogressives.ca\/fr\/au-senat\/periode-de-questions\/periode-des-questions-ministerielle-la-loi-sur-lequite-en-matiere-demploi\/","title":{"rendered":"P\u00e9riode des questions minist\u00e9rielle : La Loi sur l\u2019\u00e9quit\u00e9 en mati\u00e8re d\u2019emploi"},"content":{"rendered":"<p><iframe title=\"La s\u00e9natrice Bernard interroge le ministre O&#039;Regan sur la Loi sur l\u2019\u00e9quit\u00e9 en mati\u00e8re d\u2019emploi (FR)\" width=\"640\" height=\"360\" data-src=\"https:\/\/www.youtube.com\/embed\/iCXrdOZiUKk?feature=oembed\" frameborder=\"0\" allow=\"accelerometer; autoplay; clipboard-write; encrypted-media; gyroscope; picture-in-picture; web-share\" allowfullscreen src=\"data:image\/svg+xml;base64,PHN2ZyB3aWR0aD0iMSIgaGVpZ2h0PSIxIiB4bWxucz0iaHR0cDovL3d3dy53My5vcmcvMjAwMC9zdmciPjwvc3ZnPg==\" class=\"lazyload\" data-load-mode=\"1\"><\/iframe><\/p>\n<p><b>L\u2019honorable Wanda Thomas Bernard :\u00a0<\/b>Ministre O\u2019Regan, je vous remercie d\u2019\u00eatre ici aujourd\u2019hui. Deux de mes coll\u00e8gues vous ont pos\u00e9 des questions au sujet de l\u2019\u00e9quit\u00e9 en mati\u00e8re d\u2019emploi, ce que je pr\u00e9voyais faire aussi. J\u2019ai donc une question de suivi toute simple aux questions des s\u00e9nateurs Loffreda et Cardozo.<\/p>\n<p>De nombreux groupes qui m\u00e9ritent l\u2019\u00e9quit\u00e9 me demandent pourquoi le groupe de travail tarde tant \u00e0 remettre son rapport. Pouvez-vous nous dire ce qui cause ce retard?<\/p>\n<p><b>L\u2019honorable Seamus O\u2019Regan, c.p., d\u00e9put\u00e9, ministre du Travail :\u00a0<\/b>Non, outre le fait que le groupe de travail a demand\u00e9 plus de temps pour parvenir \u00e0 ses conclusions et r\u00e9diger son rapport. J\u2019ai donc cru prudent de le leur accorder une fois la demande faite.<\/p>\n<p>Je suis conscient que beaucoup de collectivit\u00e9s du pays attendent ce rapport avec impatience. Par ailleurs, comme je l\u2019ai dit, je crois qu\u2019il n\u2019y a pas eu de changements importants depuis 1986.<\/p>\n<p>Madame la s\u00e9natrice, je conviens que la ligne est mince. Je crois que l\u2019impatience est une vertu, et n\u2019ai pas perdu ma vertu pendant mes sept ann\u00e9es en tant que d\u00e9put\u00e9. Il faut toutefois accorder \u00e0 ces groupes le temps n\u00e9cessaire pour bien faire les choses. J\u2019essaie de trouver ce temps en ce moment. On me dit maintenant que j\u2019aurai le rapport d\u2019ici ce printemps.<\/p>\n<p><b>La s\u00e9natrice Bernard :\u00a0<\/b>Nous avons h\u00e2te de lire ce rapport au printemps. Merci.<\/p>\n<p><b>M.\u00a0O\u2019Regan :\u00a0<\/b>Merci, madame la s\u00e9natrice.<\/p>\n","protected":false},"excerpt":{"rendered":"<p>L\u2019honorable Wanda Thomas Bernard :\u00a0Ministre O\u2019Regan, je vous remercie d\u2019\u00eatre ici aujourd\u2019hui. Deux de mes coll\u00e8gues vous ont pos\u00e9 des questions au sujet de l\u2019\u00e9quit\u00e9 en mati\u00e8re d\u2019emploi, ce que je pr\u00e9voyais faire aussi. J\u2019ai donc une question de suivi toute simple aux questions des s\u00e9nateurs Loffreda et Cardozo. De nombreux groupes qui m\u00e9ritent l\u2019\u00e9quit\u00e9&#8230;<\/p>\n","protected":false},"author":3,"featured_media":2000,"comment_status":"closed","ping_status":"closed","sticky":false,"template":"","format":"standard","meta":{"_acf_changed":false,"wds_primary_category":97,"footnotes":""},"categories":[97],"tags":[],"senator_posts":[40],"class_list":["post-13060","post","type-post","status-publish","format-standard","has-post-thumbnail","hentry","category-periode-de-questions","senator_posts-l-hon-wanda-thomas-bernard"],"acf":[],"_links":{"self":[{"href":"https:\/\/theprogressives.ca\/fr\/wp-json\/wp\/v2\/posts\/13060","targetHints":{"allow":["GET"]}}],"collection":[{"href":"https:\/\/theprogressives.ca\/fr\/wp-json\/wp\/v2\/posts"}],"about":[{"href":"https:\/\/theprogressives.ca\/fr\/wp-json\/wp\/v2\/types\/post"}],"author":[{"embeddable":true,"href":"https:\/\/theprogressives.ca\/fr\/wp-json\/wp\/v2\/users\/3"}],"replies":[{"embeddable":true,"href":"https:\/\/theprogressives.ca\/fr\/wp-json\/wp\/v2\/comments?post=13060"}],"version-history":[{"count":0,"href":"https:\/\/theprogressives.ca\/fr\/wp-json\/wp\/v2\/posts\/13060\/revisions"}],"wp:featuredmedia":[{"embeddable":true,"href":"https:\/\/theprogressives.ca\/fr\/wp-json\/wp\/v2\/media\/2000"}],"wp:attachment":[{"href":"https:\/\/theprogressives.ca\/fr\/wp-json\/wp\/v2\/media?parent=13060"}],"wp:term":[{"taxonomy":"category","embeddable":true,"href":"https:\/\/theprogressives.ca\/fr\/wp-json\/wp\/v2\/categories?post=13060"},{"taxonomy":"post_tag","embeddable":true,"href":"https:\/\/theprogressives.ca\/fr\/wp-json\/wp\/v2\/tags?post=13060"},{"taxonomy":"senator_posts","embeddable":true,"href":"https:\/\/theprogressives.ca\/fr\/wp-json\/wp\/v2\/senator_posts?post=13060"}],"curies":[{"name":"wp","href":"https:\/\/api.w.org\/{rel}","templated":true}]}}