{"id":13033,"date":"2023-02-08T16:00:14","date_gmt":"2023-02-08T21:00:14","guid":{"rendered":"https:\/\/theprogressives.ca\/?p=13033"},"modified":"2023-02-09T16:02:14","modified_gmt":"2023-02-09T21:02:14","slug":"hommage-a-lhonorable-dennis-dawson-2","status":"publish","type":"post","link":"https:\/\/theprogressives.ca\/fr\/au-senat\/declarations\/hommage-a-lhonorable-dennis-dawson-2\/","title":{"rendered":"Hommage \u00e0 l&rsquo;honorable Dennis Dawson"},"content":{"rendered":"<p><iframe title=\"Le s\u00e9nateur Klyne rend hommage au s\u00e9nateur Dawson - 8 f\u00e9vrier 2023 (source fran\u00e7aise)\" width=\"640\" height=\"360\" data-src=\"https:\/\/www.youtube.com\/embed\/aGdZswNfPCo?feature=oembed\" frameborder=\"0\" allow=\"accelerometer; autoplay; clipboard-write; encrypted-media; gyroscope; picture-in-picture; web-share\" allowfullscreen src=\"data:image\/svg+xml;base64,PHN2ZyB3aWR0aD0iMSIgaGVpZ2h0PSIxIiB4bWxucz0iaHR0cDovL3d3dy53My5vcmcvMjAwMC9zdmciPjwvc3ZnPg==\" class=\"lazyload\" data-load-mode=\"1\"><\/iframe><\/p>\n<p><b>L\u2019honorable Marty Klyne :\u00a0<\/b>Honorables s\u00e9nateurs, je prends la parole aujourd\u2019hui afin de rendre hommage \u00e0 un bon ami et \u00e0 un coll\u00e8gue sur qui on peut compter\u00a0: le s\u00e9nateur Dawson.<\/p>\n<p>J\u2019ai fait la connaissance du s\u00e9nateur Dawson au S\u00e9nat. Dans notre ancienne enceinte, ses n\u0153uds papillon piquaient invariablement ma curiosit\u00e9. Je savais que je devais rencontrer cet homme. Ce n\u2019est qu\u2019apr\u00e8s avoir joint le Groupe progressiste du S\u00e9nat que j\u2019ai pu, au-del\u00e0 de sa r\u00e9putation exceptionnelle, apprendre \u00e0 le conna\u00eetre personnellement.<\/p>\n<p>Le s\u00e9nateur Dawson a \u00e9t\u00e9 attir\u00e9 par la politique \u00e0 un jeune \u00e2ge. Il s\u2019est d\u2019ailleurs fait remarquer en devenant le plus jeune d\u00e9put\u00e9 jamais \u00e9lu au Canada, \u00e0 l\u2019\u00e2ge de 27\u00a0ans. Au cours de ses trois mandats cons\u00e9cutifs comme d\u00e9put\u00e9 de Louis-H\u00e9bert, il a \u00e9t\u00e9 secr\u00e9taire parlementaire du ministre de l\u2019Emploi et de l\u2019Immigration et du ministre du Travail. Il a \u00e9galement pr\u00e9sid\u00e9 le caucus qu\u00e9b\u00e9cois de son parti. Par la suite, il a lanc\u00e9 et dirig\u00e9 l\u2019une des plus grandes soci\u00e9t\u00e9s du pays sp\u00e9cialis\u00e9es en relations gouvernementales, \u00e0 Qu\u00e9bec et \u00e0 Montr\u00e9al.<\/p>\n<p>Bien avant d\u2019\u00eatre nomm\u00e9 \u00e0 la Chambre rouge, le s\u00e9nateur Dawson a contribu\u00e9 \u00e0 assurer un avenir meilleur au Canada en tirant parti de son talent en politique et en faisant montre d\u2019une sagesse et d\u2019un savoir-faire dignes d\u2019un v\u00e9ritable homme d\u2019\u00c9tat. Cette voix forte, progressiste et ind\u00e9pendante a inspir\u00e9 la cr\u00e9ation et la philosophie du Groupe progressiste du S\u00e9nat. En tant que leader adjoint, le s\u00e9nateur Dawson a \u00e9t\u00e9 un pr\u00e9cieux conseiller pour tous les membres du Groupe progressiste du S\u00e9nat.<\/p>\n<p>Tout au long de sa carri\u00e8re, le s\u00e9nateur Dawson a \u00e9t\u00e9 un ardent d\u00e9fenseur du Qu\u00e9bec et de la langue fran\u00e7aise. Ces valeurs fondamentales ont \u00e9t\u00e9 mises \u00e0 profit par le s\u00e9nateur Dawson en tant que parrain du projet de loi\u00a0C-11, une mesure l\u00e9gislative sur la radiodiffusion qui jouera un r\u00f4le important dans le maintien des cultures et des langues minoritaires au Canada. Le s\u00e9nateur Dawson, qui figure parmi les plus anciens membres de cette Chambre, a pilot\u00e9 le projet de loi avec comp\u00e9tence en tenant le gouvernail d\u2019une main ferme, donnant l\u2019impression que c\u2019\u00e9tait presque facile, mais c\u2019est ce qu\u2019am\u00e8nent la conviction et l\u2019exp\u00e9rience. Il n\u2019est pas n\u00e9 de la derni\u00e8re pluie et ce n\u2019\u00e9tait pas la premi\u00e8re fois qu\u2019il bravait la temp\u00eate.<\/p>\n<p>Le s\u00e9nateur Dawson a \u00e9galement apport\u00e9 une pr\u00e9cieuse contribution comme pr\u00e9sident du Comit\u00e9 des transports et des communications et membre du Comit\u00e9 des parlementaires sur la s\u00e9curit\u00e9 nationale et le renseignement. De plus, il a apport\u00e9 son soutien \u00e0 la d\u00e9mocratie canadienne en tant que parrain du projet de loi\u00a0C-76, Loi sur la modernisation des \u00e9lections, qui a \u00e9t\u00e9 adopt\u00e9e en 2018.<\/p>\n<p>S\u00e9nateur Dawson, votre amiti\u00e9, vos conseils, votre humour et vos n\u0153uds papillon color\u00e9s qui \u00e9gayaient notre caucus et l\u2019ensemble du S\u00e9nat me manqueront, \u00e0 moi et \u00e0 beaucoup de gens. J\u2019esp\u00e8re que vous passerez du temps avec votre nouvelle petite-fille et avec votre famille et je vous souhaite bien des choses pour l\u2019avenir.<\/p>\n<p><b>Des voix :\u00a0<\/b>Bravo!<\/p>\n","protected":false},"excerpt":{"rendered":"<p>L\u2019honorable Marty Klyne :\u00a0Honorables s\u00e9nateurs, je prends la parole aujourd\u2019hui afin de rendre hommage \u00e0 un bon ami et \u00e0 un coll\u00e8gue sur qui on peut compter\u00a0: le s\u00e9nateur Dawson. J\u2019ai fait la connaissance du s\u00e9nateur Dawson au S\u00e9nat. Dans notre ancienne enceinte, ses n\u0153uds papillon piquaient invariablement ma curiosit\u00e9. Je savais que je devais&#8230;<\/p>\n","protected":false},"author":3,"featured_media":1918,"comment_status":"closed","ping_status":"closed","sticky":false,"template":"","format":"standard","meta":{"_acf_changed":false,"wds_primary_category":99,"footnotes":""},"categories":[99],"tags":[112],"senator_posts":[34],"class_list":["post-13033","post","type-post","status-publish","format-standard","has-post-thumbnail","hentry","category-declarations","tag-hommage","senator_posts-l-hon-marty-klyne"],"acf":[],"_links":{"self":[{"href":"https:\/\/theprogressives.ca\/fr\/wp-json\/wp\/v2\/posts\/13033","targetHints":{"allow":["GET"]}}],"collection":[{"href":"https:\/\/theprogressives.ca\/fr\/wp-json\/wp\/v2\/posts"}],"about":[{"href":"https:\/\/theprogressives.ca\/fr\/wp-json\/wp\/v2\/types\/post"}],"author":[{"embeddable":true,"href":"https:\/\/theprogressives.ca\/fr\/wp-json\/wp\/v2\/users\/3"}],"replies":[{"embeddable":true,"href":"https:\/\/theprogressives.ca\/fr\/wp-json\/wp\/v2\/comments?post=13033"}],"version-history":[{"count":0,"href":"https:\/\/theprogressives.ca\/fr\/wp-json\/wp\/v2\/posts\/13033\/revisions"}],"wp:featuredmedia":[{"embeddable":true,"href":"https:\/\/theprogressives.ca\/fr\/wp-json\/wp\/v2\/media\/1918"}],"wp:attachment":[{"href":"https:\/\/theprogressives.ca\/fr\/wp-json\/wp\/v2\/media?parent=13033"}],"wp:term":[{"taxonomy":"category","embeddable":true,"href":"https:\/\/theprogressives.ca\/fr\/wp-json\/wp\/v2\/categories?post=13033"},{"taxonomy":"post_tag","embeddable":true,"href":"https:\/\/theprogressives.ca\/fr\/wp-json\/wp\/v2\/tags?post=13033"},{"taxonomy":"senator_posts","embeddable":true,"href":"https:\/\/theprogressives.ca\/fr\/wp-json\/wp\/v2\/senator_posts?post=13033"}],"curies":[{"name":"wp","href":"https:\/\/api.w.org\/{rel}","templated":true}]}}