{"id":13005,"date":"2023-02-02T08:29:26","date_gmt":"2023-02-02T13:29:26","guid":{"rendered":"https:\/\/theprogressives.ca\/?p=13005"},"modified":"2024-01-30T11:51:53","modified_gmt":"2024-01-30T16:51:53","slug":"la-fondation-des-maladies-du-coeur-et-de-lavc-du-canada","status":"publish","type":"post","link":"https:\/\/theprogressives.ca\/fr\/au-senat\/declarations\/la-fondation-des-maladies-du-coeur-et-de-lavc-du-canada\/","title":{"rendered":"La Fondation des maladies du c\u0153ur et de l\u2019AVC du Canada"},"content":{"rendered":"<p><iframe title=\"La s\u00e9natrice Audette parle de la Fondation des maladies du c\u0153ur et de l\u2019AVC du Canada -2 f\u00e9v\/23 (FR)\" width=\"640\" height=\"360\" data-src=\"https:\/\/www.youtube.com\/embed\/ClN8Lv1uErE?feature=oembed\" frameborder=\"0\" allow=\"accelerometer; autoplay; clipboard-write; encrypted-media; gyroscope; picture-in-picture; web-share\" allowfullscreen src=\"data:image\/svg+xml;base64,PHN2ZyB3aWR0aD0iMSIgaGVpZ2h0PSIxIiB4bWxucz0iaHR0cDovL3d3dy53My5vcmcvMjAwMC9zdmciPjwvc3ZnPg==\" class=\"lazyload\" data-load-mode=\"1\"><\/iframe><\/p>\n<p><b>L\u2019honorable Mich\u00e8le Audette :\u00a0<\/b>Honorables s\u00e9nateurs, en ce mois de f\u00e9vrier, le mois de l\u2019amour, mais surtout le mois du c\u0153ur, je me l\u00e8ve pour vous parler \u00e0 c\u0153ur ouvert. En fait, je me suis retrouv\u00e9e le c\u0153ur en miettes lorsque j\u2019ai appris que les recherches sur les maladies du c\u0153ur et l\u2019AVC chez les femmes accusent 14\u00a0ans de retard\u00a0\u2014 c\u2019est l\u2019\u00e2ge de mon fils\u00a0\u2014 et parce que les deux tiers des \u00e9tudes cliniques \u00e9taient aussi ax\u00e9s sur nos fils, nos fr\u00e8res, nos p\u00e8res\u00a0: sur les hommes. Doublement cr\u00e8ve-c\u0153ur\u00a0: les maladies du c\u0153ur et l\u2019AVC sont la principale cause de d\u00e9c\u00e8s pr\u00e9matur\u00e9 chez les femmes au Canada.<\/p>\n<p>Selon C\u0153ur + AVC, les maladies du c\u0153ur et l\u2019AVC ont fauch\u00e9 32 271 femmes au Canada en 2019 seulement. Cela veut dire une femme qui part toutes les 16 minutes. Vous comprendrez qu\u2019il ne m\u2019en faut pas plus pour que mon petit c\u0153ur d\u2019artichaut soit interpell\u00e9.<\/p>\n<p>Chers coll\u00e8gues, les femmes ne subissent pas toujours une crise cardiaque comme on le voit \u00e0 la t\u00e9l\u00e9vision ou au cin\u00e9ma, dans le style Hollywood. Cela peut \u00eatre caract\u00e9ris\u00e9 par des douleurs poignantes \u00e0 la poitrine. Les signes et les sympt\u00f4mes d\u2019une crise cardiaque passent souvent inaper\u00e7us pour la moiti\u00e9 de ces femmes.<\/p>\n<p>Ch\u00e8res s\u00e9natrices, mes ch\u00e8res amies, ma grande famille de s\u00e9natrices, c\u2019est avec un pincement au c\u0153ur que je souhaite ardemment percer votre c\u0153ur pour que toutes ces femmes soient les prochaines \u00e0 \u00eatre les mieux prot\u00e9g\u00e9es. Je ne vous dirai pas en long et en large quels sont ces douleurs ou ces sympt\u00f4mes, mais cela peut nous arriver.<\/p>\n<p>N\u2019ayez pas le c\u0153ur barbouill\u00e9, car C\u0153ur + AVC travaille fort, chaque jour, afin de r\u00e9duire les \u00e9carts et de lutter contre les maladies du c\u0153ur et c\u00e9r\u00e9brales en vue de pr\u00e9server notre sant\u00e9. On y a droit aussi.<\/p>\n<p>J\u2019esp\u00e8re sinc\u00e8rement que mon intervention vous a touch\u00e9 droit au c\u0153ur. Prenez-en soin; moi, j\u2019essaie de le faire.<\/p>\n<p>Pour terminer, je veux saluer un petit c\u0153ur innu qui a \u00e9t\u00e9 nomm\u00e9 au conseil d\u2019administration de C\u0153ur + AVC\u00a0: M.\u00a0Francis Verrault-Paul. C\u2019est un jeune homme que j\u2019admire beaucoup.\u00a0<i>Tshinashkumitin<\/i>\u00a0pour ton implication.<\/p>\n<p>N\u2019oubliez pas\u00a0: \u00e0 c\u0153ur vaillant rien d\u2019impossible!<\/p>\n","protected":false},"excerpt":{"rendered":"<p>L\u2019honorable Mich\u00e8le Audette :\u00a0Honorables s\u00e9nateurs, en ce mois de f\u00e9vrier, le mois de l\u2019amour, mais surtout le mois du c\u0153ur, je me l\u00e8ve pour vous parler \u00e0 c\u0153ur ouvert. En fait, je me suis retrouv\u00e9e le c\u0153ur en miettes lorsque j\u2019ai appris que les recherches sur les maladies du c\u0153ur et l\u2019AVC chez les femmes&#8230;<\/p>\n","protected":false},"author":3,"featured_media":2012,"comment_status":"closed","ping_status":"closed","sticky":false,"template":"","format":"standard","meta":{"_acf_changed":false,"wds_primary_category":99,"footnotes":""},"categories":[99],"tags":[],"senator_posts":[172],"class_list":["post-13005","post","type-post","status-publish","format-standard","has-post-thumbnail","hentry","category-declarations","senator_posts-l-hon-michele-audette"],"acf":[],"_links":{"self":[{"href":"https:\/\/theprogressives.ca\/fr\/wp-json\/wp\/v2\/posts\/13005","targetHints":{"allow":["GET"]}}],"collection":[{"href":"https:\/\/theprogressives.ca\/fr\/wp-json\/wp\/v2\/posts"}],"about":[{"href":"https:\/\/theprogressives.ca\/fr\/wp-json\/wp\/v2\/types\/post"}],"author":[{"embeddable":true,"href":"https:\/\/theprogressives.ca\/fr\/wp-json\/wp\/v2\/users\/3"}],"replies":[{"embeddable":true,"href":"https:\/\/theprogressives.ca\/fr\/wp-json\/wp\/v2\/comments?post=13005"}],"version-history":[{"count":0,"href":"https:\/\/theprogressives.ca\/fr\/wp-json\/wp\/v2\/posts\/13005\/revisions"}],"wp:featuredmedia":[{"embeddable":true,"href":"https:\/\/theprogressives.ca\/fr\/wp-json\/wp\/v2\/media\/2012"}],"wp:attachment":[{"href":"https:\/\/theprogressives.ca\/fr\/wp-json\/wp\/v2\/media?parent=13005"}],"wp:term":[{"taxonomy":"category","embeddable":true,"href":"https:\/\/theprogressives.ca\/fr\/wp-json\/wp\/v2\/categories?post=13005"},{"taxonomy":"post_tag","embeddable":true,"href":"https:\/\/theprogressives.ca\/fr\/wp-json\/wp\/v2\/tags?post=13005"},{"taxonomy":"senator_posts","embeddable":true,"href":"https:\/\/theprogressives.ca\/fr\/wp-json\/wp\/v2\/senator_posts?post=13005"}],"curies":[{"name":"wp","href":"https:\/\/api.w.org\/{rel}","templated":true}]}}