{"id":12995,"date":"2023-02-01T13:43:30","date_gmt":"2023-02-01T18:43:30","guid":{"rendered":"https:\/\/theprogressives.ca\/?p=12995"},"modified":"2023-02-02T13:43:54","modified_gmt":"2023-02-02T18:43:54","slug":"le-mois-de-lhistoire-des-noirs-2","status":"publish","type":"post","link":"https:\/\/theprogressives.ca\/fr\/au-senat\/declarations\/le-mois-de-lhistoire-des-noirs-2\/","title":{"rendered":"Le Mois de l\u2019histoire des Noirs"},"content":{"rendered":"<p><iframe title=\"La s\u00e9natrice Bernard parle du Mois de l&#039;histoire des Noirs - 1er f\u00e9vrier 2023 (source fran\u00e7aise)\" width=\"640\" height=\"360\" data-src=\"https:\/\/www.youtube.com\/embed\/sRnNnk5vb4M?feature=oembed\" frameborder=\"0\" allow=\"accelerometer; autoplay; clipboard-write; encrypted-media; gyroscope; picture-in-picture; web-share\" allowfullscreen src=\"data:image\/svg+xml;base64,PHN2ZyB3aWR0aD0iMSIgaGVpZ2h0PSIxIiB4bWxucz0iaHR0cDovL3d3dy53My5vcmcvMjAwMC9zdmciPjwvc3ZnPg==\" class=\"lazyload\" data-load-mode=\"1\"><\/iframe><\/p>\n<p><b>L\u2019honorable Wanda Elaine Thomas Bernard :\u00a0<\/b>Honorables s\u00e9nateurs, c\u2019est un honneur pour moi d\u2019\u00eatre ici en personne aujourd\u2019hui et de faire une d\u00e9claration pour souligner le Mois de l\u2019histoire des Noirs en ce premier jour du Mois de l\u2019histoire des Noirs. Cette ann\u00e9e, le th\u00e8me national est \u00ab \u00c0 nous de raconter \u00bb et le th\u00e8me du Mois du patrimoine africain de la Nouvelle-\u00c9cosse est \u00ab Des oc\u00e9ans de lutte \u00bb. Tous deux \u00e9voquent la conscience d\u2019une m\u00e9moire ancestrale collective. C\u2019est \u00e0 nous de raconter l\u2019histoire de notre relation avec l\u2019oc\u00e9an. L\u2019oc\u00e9an fait partie\u00a0int\u00e9grante de l\u2019histoire afro-canadienne, car nos anc\u00eatres ont \u00e9t\u00e9 victimes de la traite des personnes et ont d\u00fb emprunter le passage du milieu. Beaucoup ont surv\u00e9cu \u00e0 cette travers\u00e9e brutale, mais beaucoup ont p\u00e9ri.<\/p>\n<p>\u00c9tant donn\u00e9 que je vis en Nouvelle-\u00c9cosse, je ressens une affinit\u00e9 particuli\u00e8re avec l\u2019oc\u00e9an. Presque chacune des 48 communaut\u00e9s afro-n\u00e9o-\u00e9cossaises est situ\u00e9e le long de la c\u00f4te, physiquement rejet\u00e9e \u00e0 la p\u00e9riph\u00e9rie de la province. La Nouvelle-\u00c9cosse poss\u00e8de de nombreuses industries li\u00e9es \u00e0 l\u2019oc\u00e9an o\u00f9 les Noirs sont tr\u00e8s peu repr\u00e9sent\u00e9s. Il est peut-\u00eatre temps pour la Nouvelle-\u00c9cosse de cr\u00e9er\u00a0des d\u00e9bouch\u00e9s dans les industries de la p\u00eache et de la construction\u00a0et la r\u00e9paration navales fond\u00e9es sur le lien entre les Afro\u2011N\u00e9o\u2011\u00c9cossais et l\u2019oc\u00e9an Atlantique. Il pourrait s\u2019agir d\u2019un processus en trois \u00e9tapes.<\/p>\n<p>Premi\u00e8rement, s\u2019attaquer au racisme au sein des industries dans le cadre d\u2019un processus continu de changement syst\u00e9mique. Deuxi\u00e8mement, offrir aux N\u00e9o-\u00c9cossais d\u2019origine africaine des possibilit\u00e9s d\u2019\u00e9ducation et de formation. Troisi\u00e8mement, doter les postes dans les industries. \u00c0 titre d\u2019exemples positifs, il y a entre autres certains programmes innovateurs qui permettent de franchir les deuxi\u00e8me et troisi\u00e8me \u00e9tapes en offrant des possibilit\u00e9s aux femmes, aux Mi\u2019kmaqs et aux N\u00e9o-\u00c9cossais d\u2019origine africaine dans l\u2019industrie de la construction navale. Il reste toutefois beaucoup de travail \u00e0 faire, surtout pour r\u00e9aliser la premi\u00e8re \u00e9tape, afin de rendre les lieux de travail plus s\u00fbrs au fur et \u00e0 mesure que la main-d\u2019\u0153uvre devient plus diversifi\u00e9e.<\/p>\n<p>Les th\u00e8mes de cette ann\u00e9e me permettent de r\u00eaver que les futures g\u00e9n\u00e9rations de N\u00e9o-\u00c9cossais pourront vivre une relation plus importante et enrichissante avec la mer, cesseront de naviguer en eaux troubles et conna\u00eetront la prosp\u00e9rit\u00e9. Je souhaite \u00e0 tous les Canadiens un tr\u00e8s heureux Mois de l\u2019histoire des Noirs et \u00e0 tous les N\u00e9o-\u00c9cossais, un tr\u00e8s heureux Mois du patrimoine africain.<\/p>\n<p><i>Asante<\/i>, merci.<\/p>\n","protected":false},"excerpt":{"rendered":"<p>L\u2019honorable Wanda Elaine Thomas Bernard :\u00a0Honorables s\u00e9nateurs, c\u2019est un honneur pour moi d\u2019\u00eatre ici en personne aujourd\u2019hui et de faire une d\u00e9claration pour souligner le Mois de l\u2019histoire des Noirs en ce premier jour du Mois de l\u2019histoire des Noirs. Cette ann\u00e9e, le th\u00e8me national est \u00ab \u00c0 nous de raconter \u00bb et le th\u00e8me&#8230;<\/p>\n","protected":false},"author":3,"featured_media":1948,"comment_status":"closed","ping_status":"closed","sticky":false,"template":"","format":"standard","meta":{"_acf_changed":false,"wds_primary_category":99,"footnotes":""},"categories":[99],"tags":[],"senator_posts":[40],"class_list":["post-12995","post","type-post","status-publish","format-standard","has-post-thumbnail","hentry","category-declarations","senator_posts-l-hon-wanda-thomas-bernard"],"acf":[],"_links":{"self":[{"href":"https:\/\/theprogressives.ca\/fr\/wp-json\/wp\/v2\/posts\/12995","targetHints":{"allow":["GET"]}}],"collection":[{"href":"https:\/\/theprogressives.ca\/fr\/wp-json\/wp\/v2\/posts"}],"about":[{"href":"https:\/\/theprogressives.ca\/fr\/wp-json\/wp\/v2\/types\/post"}],"author":[{"embeddable":true,"href":"https:\/\/theprogressives.ca\/fr\/wp-json\/wp\/v2\/users\/3"}],"replies":[{"embeddable":true,"href":"https:\/\/theprogressives.ca\/fr\/wp-json\/wp\/v2\/comments?post=12995"}],"version-history":[{"count":0,"href":"https:\/\/theprogressives.ca\/fr\/wp-json\/wp\/v2\/posts\/12995\/revisions"}],"wp:featuredmedia":[{"embeddable":true,"href":"https:\/\/theprogressives.ca\/fr\/wp-json\/wp\/v2\/media\/1948"}],"wp:attachment":[{"href":"https:\/\/theprogressives.ca\/fr\/wp-json\/wp\/v2\/media?parent=12995"}],"wp:term":[{"taxonomy":"category","embeddable":true,"href":"https:\/\/theprogressives.ca\/fr\/wp-json\/wp\/v2\/categories?post=12995"},{"taxonomy":"post_tag","embeddable":true,"href":"https:\/\/theprogressives.ca\/fr\/wp-json\/wp\/v2\/tags?post=12995"},{"taxonomy":"senator_posts","embeddable":true,"href":"https:\/\/theprogressives.ca\/fr\/wp-json\/wp\/v2\/senator_posts?post=12995"}],"curies":[{"name":"wp","href":"https:\/\/api.w.org\/{rel}","templated":true}]}}