{"id":12980,"date":"2023-01-31T09:46:11","date_gmt":"2023-01-31T14:46:11","guid":{"rendered":"https:\/\/theprogressives.ca\/?p=12980"},"modified":"2023-12-12T15:02:18","modified_gmt":"2023-12-12T20:02:18","slug":"le-mois-de-lhistoire-des-noirs-la-capitaine-habiba-nouhou","status":"publish","type":"post","link":"https:\/\/theprogressives.ca\/fr\/au-senat\/declarations\/le-mois-de-lhistoire-des-noirs-la-capitaine-habiba-nouhou\/","title":{"rendered":"Le Mois de l\u2019histoire des Noirs : La capitaine Habiba Nouhou"},"content":{"rendered":"<p><iframe title=\"La s\u00e9natrice Gerba parle de la capitaine Habiba Nouhou \u2014 31 janvier 2022 (source fran\u00e7aise)\" width=\"640\" height=\"360\" data-src=\"https:\/\/www.youtube.com\/embed\/9Gh1g53DzhU?feature=oembed\" frameborder=\"0\" allow=\"accelerometer; autoplay; clipboard-write; encrypted-media; gyroscope; picture-in-picture; web-share\" allowfullscreen src=\"data:image\/svg+xml;base64,PHN2ZyB3aWR0aD0iMSIgaGVpZ2h0PSIxIiB4bWxucz0iaHR0cDovL3d3dy53My5vcmcvMjAwMC9zdmciPjwvc3ZnPg==\" class=\"lazyload\" data-load-mode=\"1\"><\/iframe><\/p>\n<p><b>L\u2019honorable Amina Gerba :\u00a0<\/b>Chers coll\u00e8gues, dans le cadre du Mois de l\u2019histoire des Noirs, en f\u00e9vrier, j\u2019ai d\u00e9cid\u00e9 de vous pr\u00e9senter chaque semaine des personnes afrodescendantes qui contribuent \u00e0 fa\u00e7onner notre pays.<\/p>\n<p>Je vous pr\u00e9sente aujourd\u2019hui Habiba Nouhou.<\/p>\n<p>Dans sa langue maternelle, le haoussa, une des langues les plus parl\u00e9es en Afrique, l\u2019oncle appelle sa ni\u00e8ce \u00ab ma fille \u00bb. Mon mari l\u2019appelle donc sa fille, et moi aussi.<\/p>\n<p>Vous vous demandez pourquoi je prends la parole dans cette auguste Chambre pour vous pr\u00e9senter une personne totalement anonyme, inconnue et, de surcro\u00eet, une parente \u00e0 moi. Je vous r\u00e9pondrai tout simplement que c\u2019est parce que j\u2019en suis fi\u00e8re. C\u2019est par fiert\u00e9 pour le parcours de Habiba. En effet, c\u2019est en 1996 que mon mari et moi avons fait venir Habiba du Cameroun, pour lui donner la possibilit\u00e9 d\u2019\u00e9tudier au Canada.<\/p>\n<p>Elle a v\u00e9cu avec nous d\u2019abord \u00e0 Montr\u00e9al-Nord, puis \u00e0 Laval, pendant qu\u2019elle \u00e9tudiait \u00e0 la fois \u00e0 Polytechnique Montr\u00e9al, au baccalaur\u00e9at en g\u00e9nie informatique, et \u00e0 l\u2019Universit\u00e9 de Montr\u00e9al, au baccalaur\u00e9at en math\u00e9matiques.<\/p>\n<p>Apr\u00e8s avoir obtenu son dipl\u00f4me, elle a travaill\u00e9 durant quelques ann\u00e9es \u00e0 Service correctionnel Canada, en tant qu\u2019analyste-programmeur, puis en tant que directrice de la s\u00e9curit\u00e9 informatique dans une de nos entreprises, Geram Communications inc.<\/p>\n<p>\u00c0 la suite d\u2019une annonce qu\u2019elle a vue \u00e0 la t\u00e9l\u00e9vision, et beaucoup encourag\u00e9e par son mari, Ursus Lard\u00e9, elle a d\u00e9cid\u00e9 de pr\u00e9senter sa candidature et a \u00e9t\u00e9 accept\u00e9e au programme d\u2019entra\u00eenement des Forces arm\u00e9es canadiennes, en 2019. Cette formation l\u2019a amen\u00e9e \u00e0 Saint-Jean, Bagotville et Kingston.<\/p>\n<p>Gr\u00e2ce \u00e0 sa foi sans faille, \u00e0 son travail acharn\u00e9 et \u00e0 sa pers\u00e9v\u00e9rance\u00a0\u2014 FTP, une des devises de ma famille\u00a0\u2014, Habiba a compl\u00e9t\u00e9 sa sp\u00e9cialisation en g\u00e9nie \u00e9lectronique et communications en\u00a0d\u00e9cembre\u00a02022. Elle a \u00e9t\u00e9 promue au rang de capitaine et est maintenant d\u00e9tach\u00e9e comme officier des op\u00e9rations pour le Syst\u00e8me d\u2019alerte du Nord des Forces arm\u00e9es canadiennes au DGPEAM, \u00e0 Gatineau.<\/p>\n<p>Lorsqu\u2019on lui demande ce qui l\u2019a pouss\u00e9e \u00e0 travailler pour les Forces arm\u00e9es canadiennes, elle r\u00e9pond ceci\u00a0:<\/p>\n<p style=\"padding-left: 40px;\">Le Canada m\u2019a permis de m\u2019\u00e9panouir et je tenais absolument \u00e0 lui rendre une partie\u00a0de ce que j\u2019ai re\u00e7u. Et quoi de plus extraordinaire que de servir dans les Forces arm\u00e9es canadiennes!<\/p>\n<p>Chers coll\u00e8gues, joignez-vous \u00e0 moi pour saluer l\u2019audace et la d\u00e9termination de ma ch\u00e8re fille, Habiba Nouhou, et lui souhaiter tout le succ\u00e8s possible dans les Forces arm\u00e9es canadiennes.<\/p>\n<p>Merci.<\/p>\n<p><b>Des voix :\u00a0<\/b>Bravo!<\/p>\n","protected":false},"excerpt":{"rendered":"<p>L\u2019honorable Amina Gerba :\u00a0Chers coll\u00e8gues, dans le cadre du Mois de l\u2019histoire des Noirs, en f\u00e9vrier, j\u2019ai d\u00e9cid\u00e9 de vous pr\u00e9senter chaque semaine des personnes afrodescendantes qui contribuent \u00e0 fa\u00e7onner notre pays. Je vous pr\u00e9sente aujourd\u2019hui Habiba Nouhou. Dans sa langue maternelle, le haoussa, une des langues les plus parl\u00e9es en Afrique, l\u2019oncle appelle sa&#8230;<\/p>\n","protected":false},"author":3,"featured_media":1980,"comment_status":"closed","ping_status":"closed","sticky":false,"template":"","format":"standard","meta":{"_acf_changed":false,"wds_primary_category":99,"footnotes":""},"categories":[99],"tags":[],"senator_posts":[117],"class_list":["post-12980","post","type-post","status-publish","format-standard","has-post-thumbnail","hentry","category-declarations","senator_posts-l-hon-amina-gerba"],"acf":[],"_links":{"self":[{"href":"https:\/\/theprogressives.ca\/fr\/wp-json\/wp\/v2\/posts\/12980","targetHints":{"allow":["GET"]}}],"collection":[{"href":"https:\/\/theprogressives.ca\/fr\/wp-json\/wp\/v2\/posts"}],"about":[{"href":"https:\/\/theprogressives.ca\/fr\/wp-json\/wp\/v2\/types\/post"}],"author":[{"embeddable":true,"href":"https:\/\/theprogressives.ca\/fr\/wp-json\/wp\/v2\/users\/3"}],"replies":[{"embeddable":true,"href":"https:\/\/theprogressives.ca\/fr\/wp-json\/wp\/v2\/comments?post=12980"}],"version-history":[{"count":0,"href":"https:\/\/theprogressives.ca\/fr\/wp-json\/wp\/v2\/posts\/12980\/revisions"}],"wp:featuredmedia":[{"embeddable":true,"href":"https:\/\/theprogressives.ca\/fr\/wp-json\/wp\/v2\/media\/1980"}],"wp:attachment":[{"href":"https:\/\/theprogressives.ca\/fr\/wp-json\/wp\/v2\/media?parent=12980"}],"wp:term":[{"taxonomy":"category","embeddable":true,"href":"https:\/\/theprogressives.ca\/fr\/wp-json\/wp\/v2\/categories?post=12980"},{"taxonomy":"post_tag","embeddable":true,"href":"https:\/\/theprogressives.ca\/fr\/wp-json\/wp\/v2\/tags?post=12980"},{"taxonomy":"senator_posts","embeddable":true,"href":"https:\/\/theprogressives.ca\/fr\/wp-json\/wp\/v2\/senator_posts?post=12980"}],"curies":[{"name":"wp","href":"https:\/\/api.w.org\/{rel}","templated":true}]}}